{"id":238103,"date":"2025-11-15T23:03:08","date_gmt":"2025-11-15T23:03:08","guid":{"rendered":"https:\/\/www.europesays.com\/es\/238103\/"},"modified":"2025-11-15T23:03:08","modified_gmt":"2025-11-15T23:03:08","slug":"es-la-mejor-del-planeta","status":"publish","type":"post","link":"https:\/\/www.europesays.com\/es\/238103\/","title":{"rendered":"\u00abEs la mejor del planeta\u00bb"},"content":{"rendered":"<p>\t\t\t\t\t\tEl encendido fall\u00f3 por un problema t\u00e9cnico durante cuatro minutos en los que Abel Caballero ejerci\u00f3 de \u00abspeaker\u00bb para mantener la atenci\u00f3n del p\u00fablico<br \/>\n\t\t\t\t\t\t\t\t\t\t\t\t<strong>15 nov 2025<\/strong> . Actualizado a las 22:02 h.\t\t\t\t\t\t<\/p>\n<p class=\"first-paragraph txt\">En algo tan medido como el encendido de las luces de <strong><a href=\"https:\/\/www.lavozdegalicia.es\/temas\/navidad\" rel=\"nofollow noopener\" target=\"_blank\">Navidad<\/a> de Vigo<\/strong>, cundi\u00f3 el p\u00e1nico durante cuatro largos minutos este s\u00e1bado por la noche. Ocurri\u00f3 justo despu\u00e9s de que el alcalde, <a href=\"https:\/\/www.lavozdegalicia.es\/temas\/abel-caballero\" rel=\"nofollow noopener\" target=\"_blank\">Abel Caballero<\/a>, pulsase el bot\u00f3n para activar el alumbrado. El \u00e1rbol de la Porta do Sol se ilumin\u00f3 durante unos segundos y, repentinamente, se apag\u00f3. El alcalde sigui\u00f3 hablando y cuando intent\u00f3 dar paso a la canci\u00f3n Happy Xmas, de <a href=\"https:\/\/www.lavozdegalicia.es\/temas\/john-lennon\" rel=\"nofollow noopener\" target=\"_blank\">John Lennon<\/a>, el cl\u00e1sico con el que inaugura las festividades a\u00f1o tras a\u00f1o, esta no entr\u00f3. Unos minutos antes, se ve\u00eda un peque\u00f1o fuego en uno de los paneles, que el Concello atribuy\u00f3 a la lluvia. En vista de lo que ocurr\u00eda, Caballero intent\u00f3 salir del paso. Intercambi\u00f3 unas palabras con el concejal \u00c1ngel Rivas, responsable de cuanto tiene que ver con la Navidad, que no paraba de sonre\u00edr. Siete mil personas estaban congregadas en la Porta do Sol: \u00abEl concejal responsable, que hoy lo tiene crudo\u00bb, avis\u00f3, \u00abme dice que hay que esperar unos segundos&#8230;\u00bb. Rivas segu\u00eda sonriendo ampliamente.<\/p>\n<p class=\"txt\">Caballero intent\u00f3 llenar el vac\u00edo hablando. \u00abEl encendido por ahora est\u00e1 un poquito fallido\u00bb, admiti\u00f3. Todos los concejales (19) y la esposa del alcalde estaban delante del \u00e1rbol. Caballero no solt\u00f3 el micro. Promovi\u00f3 que la gente gritase \u00ab\u00a1Viva Vigo!\u00bb. Pidi\u00f3 un aplauso para quienes se estaban ocupando de la aver\u00eda. Pos\u00f3 para los fot\u00f3grafos ante el \u00e1rbol apagado. Y la luz volvi\u00f3. Todo un alivio.<\/p>\n<p class=\"txt\">El abeto gigante de la Porta do Sol se ilumin\u00f3 y sonaron los acordes de Lennon. A la segunda, ya s\u00ed, qued\u00f3 inaugurada la Navidad de Vigo. El alcalde volvi\u00f3 a posar para los fot\u00f3grafos delante del \u00e1rbol, ahora iluminado, mientras llov\u00eda confeti de colores rojo y blanco sobre el escenario y nieve artificial. \u00ab\u00a1Vamos! \u00a1Me encanta!\u00bb, clamaba el regidor mientras los concejales, detr\u00e1s, se abrazaban disfrutando del espect\u00e1culo al son del beatle. <strong>\u00abEs la mejor del planeta\u00bb<\/strong>, a\u00f1ad\u00eda sin sonrojarse.<\/p>\n<blockquote class=\"tiktok-embed\" cite=\"https:\/\/www.tiktok.com\/@lavozdegalicia_\/video\/7573044374850882838\" data-video-id=\"7573044374850882838\" data-embed-from=\"oembed\" style=\"max-width:605px; min-width:325px;\"><p>  <a target=\"_blank\" title=\"@lavozdegalicia_\" href=\"https:\/\/www.tiktok.com\/@lavozdegalicia_?refer=embed\" rel=\"nofollow noopener\">@lavozdegalicia_<\/a> <\/p>\n<p>Vigo enciende la Navidad con susto. El encendido fall\u00c3\u00b3 por un problema t\u00c3\u00a9cnico durante cuatro minutos en los que Abel Caballero ejerci\u00c3\u00b3 de \u00c2\u00abspeaker\u00c2\u00bb para mantener la atenci\u00c3\u00b3n del p\u00c3\u00bablico: \u00c2\u00abEs la mejor del planeta\u00c2\u00bb <a title=\"navidad\" target=\"_blank\" href=\"https:\/\/www.tiktok.com\/tag\/navidad?refer=embed\" rel=\"nofollow noopener\">#navidad<\/a> <a title=\"lavozdegalicia\" target=\"_blank\" href=\"https:\/\/www.tiktok.com\/tag\/lavozdegalicia?refer=embed\" rel=\"nofollow noopener\">#lavozdegalicia<\/a> <a title=\"galicia\" target=\"_blank\" href=\"https:\/\/www.tiktok.com\/tag\/galicia?refer=embed\" rel=\"nofollow noopener\">#Galicia<\/a> <a title=\"vigo\" target=\"_blank\" href=\"https:\/\/www.tiktok.com\/tag\/vigo?refer=embed\" rel=\"nofollow noopener\">#vigo<\/a> <a title=\"luces\" target=\"_blank\" href=\"https:\/\/www.tiktok.com\/tag\/luces?refer=embed\" rel=\"nofollow noopener\">#luces<\/a> <\/p>\n<p> <a target=\"_blank\" title=\"\u00e2\u0099\u00ac sonido original - La Voz de Galicia \u00f0\u009f\u0093\u00b0\" href=\"https:\/\/www.tiktok.com\/music\/sonido-original-7573044381377121046?refer=embed\" rel=\"nofollow noopener\">\u00e2\u0099\u00ac sonido original &#8211; La Voz de Galicia \u00f0\u009f\u0093\u00b0<\/a>  <\/p><\/blockquote>\n<p class=\"txt\">M\u00e1s suerte hubo con el tiempo. Un poco antes de las 20.00, hora en la que estaba convocada toda la ciudad para iluminarse, los cielos se despejaron para que Vigo volviese a brillar en todo su esplendor. El mon\u00f3logo de la lluvia dio paso al mon\u00f3logo de Abel Caballero, que despu\u00e9s de saludar a \u00abtodas las mujeres y los hombres\u00bb de la ciudad, \u00abespecialmente a los m\u00e1s j\u00f3venes\u00bb, dedic\u00f3 unas palabras a un grupo de personas que portaban pac\u00edficamente banderas de <strong>Palestina<\/strong> entre la multitud congregada frente al \u00e1rbol de la Navidad. \u00abSiempre estaremos al lado de los que tienen la raz\u00f3n, al lado de la gente de Gaza. Vigo siempre estar\u00e1 ah\u00ed\u00bb, asever\u00f3.<\/p>\n<p class=\"txt\">La inauguraci\u00f3n de anoche dej\u00f3 claro que la ciudad mantiene su voluntad inagotable de deslumbrar. El acto volvi\u00f3 a marcar el inicio oficioso del invierno con un encendido monumental: <strong>doce millones de luces led y 460 calles decoradas<\/strong>. La ciudad engalanada se ha convertido en todo un referente tur\u00edstico para el disfrute del p\u00fablico familiar y de visitantes, como Jos\u00e9 Ra\u00fal Ramos e Ingrid Davide, que durante los \u00faltimos ocho a\u00f1os han demostrado plena lealtad al encendido. Ayer por la tarde, \u00e9l sali\u00f3 corriendo en cuanto los agentes de seguridad retiraron las vallas para el acceso del p\u00fablico. \u00abLlevo cuatro horas esperando bajo la lluvia y el viento. Pero aqu\u00ed estamos\u00bb, reconoc\u00eda feliz. Este a\u00f1o, convencieron a su sobrina para que viniera desde Honduras a disfrutar del espect\u00e1culo.<\/p>\n<p class=\"txt\">Solventado el incidente inicial, la oscuridad cedi\u00f3 en bloque en la Porta do Sol. Doce millones de led iluminaron fachadas, avenidas y miradas, como la de Marta Gonz\u00e1lez y su pareja Stefano, que vinieron desde Castell\u00f3n para disfrutar de esta Navidad temprana, \u00aba pesar de la lluvia y de habernos enterado hace apenas unos d\u00edas\u00bb, reconoce ella. Desde las calles, una marea de tel\u00e9fonos capturaba el destello que ya inunda las redes sociales. Porque el encendido no es solo un acto: es una escena. En otras zonas, como Venezuela, Coia o el Areal, los fallos de iluminaci\u00f3n continuaron varias horas, generando sorpresa entre muchos ciudadanos.<\/p>\n<p class=\"txt\">\n<p>\t\t\t\t&#13;<br \/>\n&#13;<br \/>\n&#13;<br \/>\n&#13;<br \/>\n&#13;<br \/>\n\t&#13;<\/p>\n<p>\t\t\t<a href=\"https:\/\/www.lavozdegalicia.es\/video\/vigo\/2025\/11\/15\/video-directo-encendido-luces-navidad-vigo-2025\/00311763226433449733552.htm\" data-analytics=\"link-embed\" rel=\"nofollow noopener\" target=\"_blank\">V\u00eddeo en directo: encendido de las luces de Navidad de Vigo 2025<\/a><\/p>\n<p class=\"a-min-author\">La Voz<\/p>\n<p>\t&#13;<br \/>\n&#13;<br \/>\n&#13;<br \/>\n&#13;<br \/>\n&#13;<\/p>\n<p class=\"txt\">Vigo no espera al calendario: lo impone. El gobierno municipal ha mantenido este 2025 la voluntad de adelantar el encendido para celebrar la Navidad durante casi dos meses en la mayor ciudad de Galicia. Comerciantes y negocios locales se van mostrando fieles a este inicio prematuro de las fiestas. En la avenida de Garc\u00eda Barb\u00f3n o de Policarpo Sanz, por ejemplo, S\u00e9samo, Porto Santo, Voltarei o, muy cerca, Pura Vida, han ido extendiendo por fachadas, cornisas y balcones sus propuestas para enfatizar el decorado municipal.<\/p>\n<p class=\"txt\">Tambi\u00e9n el sector de los alojamientos aprovecha el fen\u00f3meno, como refleja la fachada del Atl\u00e1ntico, ya preparada. Daniele Provezza, presidente de la Asociaci\u00f3n de Hoteles de <strong>Vigo<\/strong>, sit\u00faa la ocupaci\u00f3n de los negocios del centro en un 80 % en la noche del s\u00e1bado para el domingo, informa Europa Press. Y a\u00f1ade las buenas expectativas, pues para el puente de diciembre las luces han llenado los hoteles \u00abcasi al completo\u00bb.<\/p>\n<p class=\"txt\">Esta Navidad, que ser\u00e1 la m\u00e1s extendida de la historia deja varios r\u00e9cords ornamentales: cerca de 7.000 elementos decorativos, incluyendo arcos, \u00e1rboles y figuras; m\u00e1s de 50 instalaciones tridimensionales, como el bel\u00e9n monumental en la Casa das Artes, la casa de Pap\u00e1 Noel y el cartero real. A todo ello hay que a\u00f1adir el simb\u00f3lico \u00e1rbol de 45 metros de altura, con una estrella de 9,5 metros y un di\u00e1metro de 13.<\/p>\n<p class=\"txt\">Caballero volvi\u00f3 a oficiar el rito con entusiasmo. \u00abEs un inmenso honor y privilegio ser el s\u00edmbolo de la Navidad en todo el planeta. Porque cuando alguien dice en alg\u00fan sitio Navidad, se piensa en Vigo. Y cuando alguien dice en alg\u00fan sitio Vigo, se piensa en Navidad\u00bb, asegur\u00f3. El alcalde se\u00f1al\u00f3 que la empresa cordobesa Iluminaciones Xim\u00e9nez, que se ocupa desde hace a\u00f1os de instalar la decoraci\u00f3n en la ciudad, es tambi\u00e9n la encargada de que Times Square, en Nueva York, este iluminada. Tirando por elevaci\u00f3n, Caballero asegur\u00f3 que \u00aben la liga de los grandes de la Navidad\u00bb estaban Vigo, Nueva York, Par\u00eds, Roma y Londres. Hasta ahora. \u00abAhora ya solo est\u00e1 Vigo\u00bb, zanj\u00f3.\u00a0<\/p>\n<p>&#13;<br \/>\n\tArchivado en:&#13;<br \/>\n\t\t\t\t\t<a href=\"https:\/\/www.lavozdegalicia.es\/temas\/vigo-ciudad\/\" target=\"_blank\" class=\"mg-l\" rel=\"nofollow noopener\">Vigo ciudad<\/a>&#13;<br \/>\n\t\t\t\t\t<a href=\"https:\/\/www.lavozdegalicia.es\/temas\/navidad-en-vigo\/\" target=\"_blank\" class=\"mg-l\" rel=\"nofollow noopener\">Navidad en Vigo<\/a>&#13;<br \/>\n\t\t\t\t\t<a href=\"https:\/\/www.lavozdegalicia.es\/temas\/abel-caballero\/\" target=\"_blank\" class=\"mg-l\" rel=\"nofollow noopener\">Abel Caballero<\/a>&#13;<br \/>\n\t\t\t\t\t<a href=\"https:\/\/www.lavozdegalicia.es\/temas\/john-lennon\/\" target=\"_blank\" class=\"mg-l\" rel=\"nofollow noopener\">John Lennon<\/a>&#13;<br \/>\n\t\t\t\t\t<a href=\"https:\/\/www.lavozdegalicia.es\/temas\/navidad\/\" target=\"_blank\" class=\"mg-l\" rel=\"nofollow noopener\">Navidad<\/a>&#13;<br \/>\n\t&#13;<\/p>\n<p>\t\t\t\t<script async src=\"\/\/www.tiktok.com\/embed.js\"><\/script><\/p>\n","protected":false},"excerpt":{"rendered":"El encendido fall\u00f3 por un problema t\u00e9cnico durante cuatro minutos en los que Abel Caballero ejerci\u00f3 de \u00abspeaker\u00bb&hellip;\n","protected":false},"author":2,"featured_media":238104,"comment_status":"","ping_status":"","sticky":false,"template":"","format":"standard","meta":{"footnotes":""},"categories":[8],"tags":[13690,17,18,25,24,13,14,11,7946,19,20,2951,55523,9,10,15,16,23,12,21,22,3518],"class_list":{"0":"post-238103","1":"post","2":"type-post","3":"status-publish","4":"format-standard","5":"has-post-thumbnail","7":"category-espana","8":"tag-abel-caballero","9":"tag-breaking-news","10":"tag-breakingnews","11":"tag-es","12":"tag-espana","13":"tag-featured-news","14":"tag-featurednews","15":"tag-headlines","16":"tag-john-lennon","17":"tag-latest-news","18":"tag-latestnews","19":"tag-navidad","20":"tag-navidad-en-vigo","21":"tag-news","22":"tag-noticias","23":"tag-noticias-destacadas","24":"tag-noticiasdestacadas","25":"tag-spain","26":"tag-titulares","27":"tag-ultimas-noticias","28":"tag-ultimasnoticias","29":"tag-vigo-ciudad"},"share_on_mastodon":{"url":"https:\/\/pubeurope.com\/@es\/115556214631869174","error":""},"_links":{"self":[{"href":"https:\/\/www.europesays.com\/es\/wp-json\/wp\/v2\/posts\/238103","targetHints":{"allow":["GET"]}}],"collection":[{"href":"https:\/\/www.europesays.com\/es\/wp-json\/wp\/v2\/posts"}],"about":[{"href":"https:\/\/www.europesays.com\/es\/wp-json\/wp\/v2\/types\/post"}],"author":[{"embeddable":true,"href":"https:\/\/www.europesays.com\/es\/wp-json\/wp\/v2\/users\/2"}],"replies":[{"embeddable":true,"href":"https:\/\/www.europesays.com\/es\/wp-json\/wp\/v2\/comments?post=238103"}],"version-history":[{"count":0,"href":"https:\/\/www.europesays.com\/es\/wp-json\/wp\/v2\/posts\/238103\/revisions"}],"wp:featuredmedia":[{"embeddable":true,"href":"https:\/\/www.europesays.com\/es\/wp-json\/wp\/v2\/media\/238104"}],"wp:attachment":[{"href":"https:\/\/www.europesays.com\/es\/wp-json\/wp\/v2\/media?parent=238103"}],"wp:term":[{"taxonomy":"category","embeddable":true,"href":"https:\/\/www.europesays.com\/es\/wp-json\/wp\/v2\/categories?post=238103"},{"taxonomy":"post_tag","embeddable":true,"href":"https:\/\/www.europesays.com\/es\/wp-json\/wp\/v2\/tags?post=238103"}],"curies":[{"name":"wp","href":"https:\/\/api.w.org\/{rel}","templated":true}]}}