{"id":238107,"date":"2025-11-15T23:09:14","date_gmt":"2025-11-15T23:09:14","guid":{"rendered":"https:\/\/www.europesays.com\/es\/238107\/"},"modified":"2025-11-15T23:09:14","modified_gmt":"2025-11-15T23:09:14","slug":"alex-corretja-no-quiere-conservar-su-exclusividad-en-las-nitto-atp-finals-atp-tour","status":"publish","type":"post","link":"https:\/\/www.europesays.com\/es\/238107\/","title":{"rendered":"Alex Corretja no quiere conservar su \u201cexclusividad\u201d en las Nitto ATP Finals | ATP Tour"},"content":{"rendered":"<p>        Nitto ATP Finals<br \/>\n    Corretja no quiere conservar su \u201cexclusividad\u201d en las Nitto ATP Finals<\/p>\n<p>Es uno de los dos espa\u00f1oles que ha ganado el prestigioso torneo de final de a\u00f1o<\/p>\n<p>November 15, 2025<\/p>\n<p>            <img decoding=\"async\" src=\"https:\/\/www.europesays.com\/es\/wp-content\/uploads\/2025\/11\/nitto-atp-finals-2025-entrevista-corretja.jpg\" alt=\"Alex Corretja conquist\u00f3 las Nitto ATP Finals en 1998.\"\/><\/p>\n<p>Getty Images<\/p>\n<p>        Alex Corretja conquist\u00f3 las Nitto ATP Finals en 1998.<br \/>\n        By Javier M\u00e9ndez<\/p>\n<p>Su v\u00ednculo con el tenis permanece intacto. <a href=\"https:\/\/www.atptour.com\/es\/players\/alex-corretja\/c344\/overview\" rel=\"nofollow noopener\" target=\"_blank\">Alex Corretja<\/a> colg\u00f3 la raqueta, pero no se despidi\u00f3 de un deporte del que sigue formando parte a trav\u00e9s de los micr\u00f3fonos en televisi\u00f3n. Hoy es uno de los comentaristas de mayor prestigio internacional, pero tambi\u00e9n uno de los dos espa\u00f1oles que ha conquistado las <a href=\"https:\/\/www.atptour.com\/es\/tournaments\/nitto-atp-finals\/605\/overview\" rel=\"nofollow noopener\" target=\"_blank\">Nitto ATP Finals<\/a>.<\/p>\n<p>Tan solo <a href=\"https:\/\/www.atptour.com\/es\/players\/manuel-orantes\/o017\/overview\" rel=\"nofollow noopener\" target=\"_blank\">Manuel Orantes<\/a> y \u00e9l tienen el privilegio de haber ganado el torneo que re\u00fane a los ocho mejores jugadores de la temporada, un club al que <a href=\"https:\/\/www.atptour.com\/es\/players\/carlos-alcaraz\/a0e2\/overview\" rel=\"nofollow noopener\" target=\"_blank\">Carlos Alcaraz<\/a> aspira a formar parte este curso. Y as\u00ed se lo hizo saber el No. 1 del PIF ATP Rankings en una de las entrevistas esta semana en Tur\u00edn.<\/p>\n<p> <strong>Cada vez que llega esta \u00e9poca de la temporada, tu nombre aparece en escena. Tu nombre luce en un lugar privilegiado en este torneo, como campe\u00f3n en 1998.<br \/><\/strong>En primer lugar, es un orgullo muy grande, porque con los grand\u00edsimos jugadores que hemos tenido en el tenis espa\u00f1ol, que s\u00f3lo Manolo Orantes y yo hayamos ganado este t\u00edtulo, demuestra la dificultad y la complejidad de este evento: se juega al final del a\u00f1o, en pista dura cubierta, una superficie que quiz\u00e1 no es la que m\u00e1s se adapta a nuestras caracter\u00edsticas\u2026 Pero se dio esa coincidencia.<\/p>\n<p><strong>Como bien recuerdas, \u00fanicamente Orantes y t\u00fa han podido formar parte del palmar\u00e9s de las <a href=\"https:\/\/www.atptour.com\/es\/tournaments\/nitto-atp-finals\/605\/overview\" rel=\"nofollow noopener\" target=\"_blank\">Nitto ATP Finals<\/a>.<br \/><\/strong>Para m\u00ed Manolo es un referente. Es mi mentor, alguien que me ense\u00f1\u00f3 muchas cosas. Entonces es mucha casualidad, porque incluso ambos somos del Club Tennis de la Salut. Adem\u00e1s, tuvimos el mismo entrenador, Pedro Mora, \u2014yo de peque\u00f1\u2014, tambi\u00e9n como mentor, as\u00ed que tenemos un rev\u00e9s que ellos lo llaman \u2018made in Mora\u2019.<\/p>\n<p><strong>\u00bfY c\u00f3mo llevas esa \u2018exclusividad?<br \/><\/strong>Es muy bonito. Pero, mira, voy a decir algo que nunca he dicho y es uno de los deseos y las ilusiones m\u00e1s grandes que yo tengo como comentarista: que gane un espa\u00f1ol y que yo pueda comentar ese partido y entrevistarle despu\u00e9s, porque llevo muchos a\u00f1os esperando ese momento.<\/p>\n<p><strong><a href=\"https:\/\/www.atptour.com\/es\/players\/juan-carlos-ferrero\/f316\/overview\" rel=\"nofollow noopener\" target=\"_blank\">Juan Carlos Ferrero<\/a> (2002), <a href=\"https:\/\/www.atptour.com\/es\/players\/david-ferrer\/f401\/overview\" rel=\"nofollow noopener\" target=\"_blank\">David Ferrer<\/a> (2007) y <a href=\"https:\/\/www.atptour.com\/es\/players\/rafael-nadal\/n409\/overview\" rel=\"nofollow noopener\" target=\"_blank\">Rafael Nadal<\/a> (2010 y 2013) estuvieron cerca de lograrlo despu\u00e9s que t\u00fa, pero cedieron en la final.<br \/><\/strong>Lo esper\u00e9 con Rafa [Nadal], en otros momentos con <a href=\"https:\/\/www.atptour.com\/es\/players\/david-ferrer\/f401\/overview\" rel=\"nofollow noopener\" target=\"_blank\">David Ferrer<\/a>, que tambi\u00e9n jug\u00f3 las ATP Finals, pero ahora Carlos [Alcaraz] creo que es quien, probablemente, m\u00e1s cerca va a poder estar de conseguirlo. Y para m\u00ed eso ser\u00eda muy bonito, porque yo no quiero que nos quedemos Orantes y yo. No necesito tener ninguna exclusividad.<\/p>\n<p>Para m\u00ed, cada uno ha tenido su carrera, otros compa\u00f1eros han ganado Grand Slam y yo no. Entonces, para m\u00ed es un deseo muy grande poder vivir ese momento y s\u00f3lo de pensarlo me emociona. <\/p>\n<p><strong>El propio Alcaraz esta semana confes\u00f3 en una entrevista contigo en televisi\u00f3n que quer\u00eda \u201cser campe\u00f3n de este torneo como t\u00fa\u201d.<br \/><\/strong>S\u00ed, eso fue muy bonito por su parte, es un detallazo. A m\u00ed me llam\u00f3 la atenci\u00f3n, me gust\u00f3, primero, por su conocimiento, por supuesto. Segundo, por su cari\u00f1o y por mencionarlo, porque al final no tiene ninguna necesidad. Fue algo que me llam\u00f3 la atenci\u00f3n.<\/p>\n<p>Este detalle demuestra mucho lo que es Carlos, tambi\u00e9n c\u00f3mo conoce lo que es el pasado en nuestro tenis y que t\u00fa le est\u00e9s entrevistando y que \u00e9l te haga sentir, de una manera u otra especial, aunque yo no necesito eso, se agredece enormemente que lo pensara y lo dijera.<\/p>\n<p>Tambi\u00e9n Podr\u00eda Interesarle: <a href=\"https:\/\/www.atptour.com\/es\/news\/nitto-atp-finals-2025-sabado-semifinal-felix-alcaraz\" rel=\"nofollow noopener\" target=\"_blank\">Alcaraz desactiva a Felix y buscar\u00e1 la guinda ante Sinner en Tur\u00edn <\/a><\/p>\n<p><strong>\u00bfY qu\u00e9 hace falta para que eso ocurra para que Alcaraz se una a ese selecto club?<br \/><\/strong>A lo mejor veinticuatro horas. Creo que est\u00e1 en el camino, pienso que cada vez desarrolla mejor su juego en esta superficie, y no hay duda de que ha llegado mucho mejor que cualquiera de las otras temporadas que se ha clasificado, donde creo que ha llegado con el tanque absolutamente vac\u00edo.<\/p>\n<p><strong>\u00bfQu\u00e9 crees que ha cambiado este a\u00f1o?<br \/><\/strong>En esta ocasi\u00f3n, todav\u00eda tiene fuerza, todav\u00eda tiene el empuje y, adem\u00e1s, le ayuda haber acabado No. 1. Creo que eso tambi\u00e9n le tiene que dar tranquilidad y decir, oye, la temporada ha sido un absoluto esc\u00e1ndalo de buena, si rubrico con las ATP Finals ser\u00e1 ya la guinda.<\/p>\n<p>Si no, seguir\u00e1 luchando y seguir\u00e1 aprendiendo en esta superficie. Pero creo que ha de seguir siendo el mismo, sin perder su esencia y, sobre todo, entendiendo que aqu\u00ed hay jugadores que, en otros lados, a lo mejor no le hacen tanto da\u00f1o, pero que aqu\u00ed s\u00ed que se lo hacen.<\/p>\n<p><strong>Para ser campe\u00f3n ha tenido que ganar al jugador con m\u00e1s victoria esta d\u00e9cada en la superficie y el domingo debe batir a <a href=\"https:\/\/www.atptour.com\/es\/players\/jannik-sinner\/s0ag\/overview\" rel=\"nofollow noopener\" target=\"_blank\">Jannik Sinner<\/a>, que llega con 30 partidos ganados seguidos en pista dura cubierta.<br \/><\/strong>Bueno, es que estas son las ATP Finals. Quiz\u00e1s, eso es lo que nos lleva a darnos cuenta de la dificultad de este torneo, donde est\u00e1n los ocho mejores y que y que, honestamente, como su nombre indica todos los partidos son finales.<\/p>\n<p><strong>Por \u00faltimo, \u00bfqu\u00e9 te ha parecido el nivel de esta edici\u00f3n de las <a href=\"https:\/\/www.atptour.com\/es\/tournaments\/nitto-atp-finals\/605\/overview\" rel=\"nofollow noopener\" target=\"_blank\">Nitto ATP Finals<\/a>?<br \/><\/strong>No s\u00e9 si coincidir\u00e1s, pero para m\u00ed ha sido de largo el m\u00e1s alto que se ha visto en toda la temporada y es porque estos partidos entre los ocho mejores del mundo no los ves todo el tiempo y aqu\u00ed, todos los d\u00edas dos veces. Para m\u00ed han jugado un esc\u00e1ndalo de tenis pr\u00e1cticamente todos los participantes.<\/p>\n","protected":false},"excerpt":{"rendered":"Nitto ATP Finals Corretja no quiere conservar su \u201cexclusividad\u201d en las Nitto ATP Finals Es uno de los&hellip;\n","protected":false},"author":2,"featured_media":238108,"comment_status":"","ping_status":"","sticky":false,"template":"","format":"standard","meta":{"footnotes":""},"categories":[274],"tags":[168,25,24,23,167,327,326],"class_list":{"0":"post-238107","1":"post","2":"type-post","3":"status-publish","4":"format-standard","5":"has-post-thumbnail","7":"category-tenis","8":"tag-deportes","9":"tag-es","10":"tag-espana","11":"tag-spain","12":"tag-sports","13":"tag-tenis","14":"tag-tennis"},"share_on_mastodon":{"url":"https:\/\/pubeurope.com\/@es\/115556238523366400","error":""},"_links":{"self":[{"href":"https:\/\/www.europesays.com\/es\/wp-json\/wp\/v2\/posts\/238107","targetHints":{"allow":["GET"]}}],"collection":[{"href":"https:\/\/www.europesays.com\/es\/wp-json\/wp\/v2\/posts"}],"about":[{"href":"https:\/\/www.europesays.com\/es\/wp-json\/wp\/v2\/types\/post"}],"author":[{"embeddable":true,"href":"https:\/\/www.europesays.com\/es\/wp-json\/wp\/v2\/users\/2"}],"replies":[{"embeddable":true,"href":"https:\/\/www.europesays.com\/es\/wp-json\/wp\/v2\/comments?post=238107"}],"version-history":[{"count":0,"href":"https:\/\/www.europesays.com\/es\/wp-json\/wp\/v2\/posts\/238107\/revisions"}],"wp:featuredmedia":[{"embeddable":true,"href":"https:\/\/www.europesays.com\/es\/wp-json\/wp\/v2\/media\/238108"}],"wp:attachment":[{"href":"https:\/\/www.europesays.com\/es\/wp-json\/wp\/v2\/media?parent=238107"}],"wp:term":[{"taxonomy":"category","embeddable":true,"href":"https:\/\/www.europesays.com\/es\/wp-json\/wp\/v2\/categories?post=238107"},{"taxonomy":"post_tag","embeddable":true,"href":"https:\/\/www.europesays.com\/es\/wp-json\/wp\/v2\/tags?post=238107"}],"curies":[{"name":"wp","href":"https:\/\/api.w.org\/{rel}","templated":true}]}}