{"id":238117,"date":"2025-11-15T23:18:24","date_gmt":"2025-11-15T23:18:24","guid":{"rendered":"https:\/\/www.europesays.com\/es\/238117\/"},"modified":"2025-11-15T23:18:24","modified_gmt":"2025-11-15T23:18:24","slug":"el-saludo-en-espanol-que-envio-dua-lipa-a-sus-fanaticos-colombianos-antes-de-su-concierto-en-bogota-sera-una-noche-increible","status":"publish","type":"post","link":"https:\/\/www.europesays.com\/es\/238117\/","title":{"rendered":"El saludo en espa\u00f1ol que envi\u00f3 Dua Lipa a sus fan\u00e1ticos colombianos antes de su concierto en Bogot\u00e1: \u00abSer\u00e1 una noche incre\u00edble\u00bb"},"content":{"rendered":"<p>La cantante brit\u00e1nica <strong>Dua Lipa<\/strong> se encuentra recorriendo el mundo con su gira musical <strong>\u2018Radical Optimism Tour\u2019<\/strong>, una celebraci\u00f3n de su \u00faltimo \u00e1lbum de estudio.<\/p>\n<p>La int\u00e9rprete de <strong>\u2018Levitating\u2019<\/strong> dej\u00f3 Europa y ahora est\u00e1 de paso por Sudam\u00e9rica, en donde tiene citas importantes con <strong>Argentina, Chile, Brasil, Per\u00fa y Colombia.<\/strong><\/p>\n<p>Precisamente a tan solo semanas de encontrarse con su p\u00fablico colombiano el 28 de noviembre en el <strong>Estadio Nemesio Camacho El Camp\u00edn,<\/strong> la brit\u00e1nica les envi\u00f3 un mensaje a sus fans cafeteros.<\/p>\n<p>En un video en redes Dua asegura: <strong>\u201cHola Colombia. Estoy muy emocionada de traer el Radical Optimism Tour a su pa\u00eds\u201d.<\/strong><\/p>\n<p>Sobre el show la artista explic\u00f3 con una radiante sonrisa que <strong>\u201cser\u00e1 una noche incre\u00edble desde el estadio El Camp\u00edn el 28 de noviembre, nos vemos\u201d.<\/strong><\/p>\n<p>Su mensaje ha generado emoci\u00f3n y grandes expectativas entre sus aficionados cafeteros quienes la esperan desde el anunci\u00f3 del concierto.<\/p>\n<p><strong>\u201cYa quiero estar all\u00e1\u201d, \u201cNecesito y requiero que las canciones en espa\u00f1ol que se vaya a cantar al menos una sea de Shakira\u201d, \u201cQue lindo suena su espa\u00f1ol\u201d, \u201cLa amo\u201d, \u201cContando los d\u00edas por esta reina\u201d,<\/strong> son algunos de los comentarios.<\/p>\n<p>No es la primera vez que la artista brit\u00e1nica incluye a <strong>Colombia<\/strong> en una de sus giras, ya que en 2022 se present\u00f3 en<strong> Bogot\u00e1<\/strong> con el<strong> \u2018Future Nostalgia World Tour\u2019.<\/strong><\/p>\n<p><strong>En esa ocasi\u00f3n, la int\u00e9rprete de \u2018New Rules\u2019 se present\u00f3 ante sus fans colombianos en el parque Salitre M\u00e1gico el 18 de septiembre.<\/strong><\/p>\n<p>All\u00ed enton\u00f3 varios de sus temas m\u00e1s famosos como: <strong>\u201cLevitating\u201d, \u201cNew Rules\u201d, \u201cOne Kiss\u201d, \u201cDon\u2019t Star Now\u201d, \u201cFuture Nostalgia\u201d y \u201cPhysical\u201d.<\/strong><\/p>\n<p>Ahora la artista vuelve a Colombia y se espera que, como en todos los pa\u00edses, entone durante su concierto un cover de alg\u00fan artista colombiano com<strong>o Shakira.<\/strong><\/p>\n<p>En Argentina enton\u00f3 dos populares canciones:<strong> \u2018De M\u00fasica Ligera\u2019 de Soda Stereo y Tu Misterioso Alguien\u2019 de Miranda.<\/strong><\/p>\n<blockquote data-instgrm-captioned=\"\" data-instgrm-permalink=\"https:\/\/www.instagram.com\/reel\/DQ4hMwMjowp\/?utm_source=ig_embed&amp;utm_campaign=loading\" data-instgrm-version=\"14\" class=\"instagram-media-tmp lazyload\"\/><p>\t\t<script async src=\"\/\/www.instagram.com\/embed.js\"><\/script><\/p>\n","protected":false},"excerpt":{"rendered":"La cantante brit\u00e1nica Dua Lipa se encuentra recorriendo el mundo con su gira musical \u2018Radical Optimism Tour\u2019, una&hellip;\n","protected":false},"author":2,"featured_media":238118,"comment_status":"","ping_status":"","sticky":false,"template":"","format":"standard","meta":{"footnotes":""},"categories":[170],"tags":[4328,2339,14008,146,147,25,24,61564,184,185,23],"class_list":{"0":"post-238117","1":"post","2":"type-post","3":"status-publish","4":"format-standard","5":"has-post-thumbnail","7":"category-musica","8":"tag-cantante","9":"tag-concierto","10":"tag-dua-lipa","11":"tag-entertainment","12":"tag-entretenimiento","13":"tag-es","14":"tag-espana","15":"tag-gira-musical","16":"tag-music","17":"tag-musica","18":"tag-spain"},"share_on_mastodon":{"url":"https:\/\/pubeurope.com\/@es\/115556273720494308","error":""},"_links":{"self":[{"href":"https:\/\/www.europesays.com\/es\/wp-json\/wp\/v2\/posts\/238117","targetHints":{"allow":["GET"]}}],"collection":[{"href":"https:\/\/www.europesays.com\/es\/wp-json\/wp\/v2\/posts"}],"about":[{"href":"https:\/\/www.europesays.com\/es\/wp-json\/wp\/v2\/types\/post"}],"author":[{"embeddable":true,"href":"https:\/\/www.europesays.com\/es\/wp-json\/wp\/v2\/users\/2"}],"replies":[{"embeddable":true,"href":"https:\/\/www.europesays.com\/es\/wp-json\/wp\/v2\/comments?post=238117"}],"version-history":[{"count":0,"href":"https:\/\/www.europesays.com\/es\/wp-json\/wp\/v2\/posts\/238117\/revisions"}],"wp:featuredmedia":[{"embeddable":true,"href":"https:\/\/www.europesays.com\/es\/wp-json\/wp\/v2\/media\/238118"}],"wp:attachment":[{"href":"https:\/\/www.europesays.com\/es\/wp-json\/wp\/v2\/media?parent=238117"}],"wp:term":[{"taxonomy":"category","embeddable":true,"href":"https:\/\/www.europesays.com\/es\/wp-json\/wp\/v2\/categories?post=238117"},{"taxonomy":"post_tag","embeddable":true,"href":"https:\/\/www.europesays.com\/es\/wp-json\/wp\/v2\/tags?post=238117"}],"curies":[{"name":"wp","href":"https:\/\/api.w.org\/{rel}","templated":true}]}}