{"id":238119,"date":"2025-11-15T23:19:09","date_gmt":"2025-11-15T23:19:09","guid":{"rendered":"https:\/\/www.europesays.com\/es\/238119\/"},"modified":"2025-11-15T23:19:09","modified_gmt":"2025-11-15T23:19:09","slug":"como-entrenar-a-tu-dragon-2-ya-tiene-fecha-de-inicio-de-rodaje-y-su-protagonista-esta-listo-estoy-muy-emocionado","status":"publish","type":"post","link":"https:\/\/www.europesays.com\/es\/238119\/","title":{"rendered":"C\u00f3mo entrenar a tu drag\u00f3n 2 ya tiene fecha de inicio de rodaje y su protagonista est\u00e1 listo: \u201cEstoy muy emocionado\u201d"},"content":{"rendered":"<p class=\"c-paragraph\">Al \u00e9xito de la adaptaci\u00f3n en imagen real de <b>C\u00f3mo entrenar a tu drag\u00f3n<\/b> (2025), no tard\u00f3 en seguirla el anuncio de su secuela por parte de <b>Universal Pictures<\/b>, que llevar\u00e1 a cabo la versi\u00f3n en live action de la segunda pel\u00edcula animada de la franquicia de <b>DreamWorks<\/b>, compuesta por tres largometrajes y varias series.<\/p>\n<p class=\"c-paragraph\"><b>Mason Thames<\/b>, el actor que encarna al <b>Hipo <\/b>de carne y hueso de la pel\u00edcula, salt\u00f3 a la fama en el cine como el protagonista de <a href=\"https:\/\/www.hobbyconsolas.com\/hobbycine\/critica-black-phone-2-una-secuela-que-no-tiene-intencion-repetir-formula_6884385_0.html\" title=\"Cr\u00edtica de Black Phone 2, una secuela que no tiene intenci\u00f3n de repetir f\u00f3rmula\" rel=\"nofollow noopener\" target=\"_blank\">Black Phone<\/a> (2021), y ahora acaba de regresar para su segunda entrega.<\/p>\n<p class=\"c-paragraph\">Coincidiendo con la vuelta de la saga a la gran pantalla, el medio <a href=\"https:\/\/screenrant.com\/how-to-train-your-dragon-2-filming-start-update-mason-thames\/\" rel=\"nofollow noreferrer noopener\" title=\"fuente: screenrant\" target=\"_blank\">ScreenRant <\/a>aprovech\u00f3 la oportunidad de interrogar al <b>actor de Hipo<\/b> sobre su regreso a<b> Isla Mema<\/b> en\u00a0<a href=\"https:\/\/www.hobbyconsolas.com\/reviews\/critica-como-entrenar-dragon-live-action-dean-deblois-hace-justicia-mismo-1466059\" title=\"Cr\u00edtica de C\u00f3mo entrenar a tu drag\u00f3n, el live-action con el que Dean DeBlois se hace justicia a s\u00ed mismo\" rel=\"nofollow noopener\" target=\"_blank\">C\u00f3mo entrenar a tu drag\u00f3n<\/a>.<\/p>\n<p>C\u00f3mo entrenar a tu drag\u00f3n 2 a\u00fan no tiene a su Valka<\/p>\n<p class=\"c-paragraph\">Mason Thames ha anunciado que <b>empieza el rodaje<\/b> de <a href=\"https:\/\/www.hobbyconsolas.com\/noticias\/gerard-butler-anima-otra-estrella-como-entrenar-dragon-2-participar-live-action-secuela-1467920\" title=\"Gerard Butler anima a otra estrella de C\u00f3mo entrenar a tu drag\u00f3n 2 a participar en el live-action de la secuela\" rel=\"nofollow noopener\" target=\"_blank\">C\u00f3mo entrenar a tu drag\u00f3n 2<\/a> \u201cen una semana o dos\u201d. La producci\u00f3n no se puede hacer de rogar demasiado, ya que la cinta est\u00e1 situada en los calendarios de estrenos de Universal Pictures para<b> verano de 2027<\/b>.<\/p>\n<p class=\"c-paragraph\">\u201cEstoy muy emocionado por volver a interpretar a Hipo. <b>Probablemente sea mi personaje favorito<\/b> de todos los que he interpretado, as\u00ed que s\u00ed, ser\u00e1 genial\u201d, asegur\u00f3 Mason Thames.<\/p>\n<p class=\"c-paragraph\"><b>C\u00f3mo entrenar a tu drag\u00f3n 2 <\/b>volver\u00e1 a estar dirigida por <b>Dean DeBlois<\/b>, y tambi\u00e9n contar\u00e1 con el regreso del reparto de la cinta anterior. Aunque la secuela animada incorpora a un nuevo personaje clave cuyo casting para el live action todav\u00eda no ha sido desvelado: el de <b>Valka, la madre de Hipo<\/b>.<\/p>\n<p class=\"c-paragraph\">Por ahora no ha salido a la luz qui\u00e9n podr\u00eda dar vida a <b>Valka <\/b>en C\u00f3mo entrenar a tu drag\u00f3n 2, pero Mason Thames est\u00e1 seguro de que \u201chagan lo que hagan, encuentren a quien encuentren, o si ya han encontrado a alguien, ser\u00e1 genial\u201d.<\/p>\n","protected":false},"excerpt":{"rendered":"Al \u00e9xito de la adaptaci\u00f3n en imagen real de C\u00f3mo entrenar a tu drag\u00f3n (2025), no tard\u00f3 en&hellip;\n","protected":false},"author":2,"featured_media":238120,"comment_status":"","ping_status":"","sticky":false,"template":"","format":"standard","meta":{"footnotes":""},"categories":[169],"tags":[10903,177,2170,11202,146,19324,147,25,24,176,175,23,55169],"class_list":{"0":"post-238119","1":"post","2":"type-post","3":"status-publish","4":"format-standard","5":"has-post-thumbnail","7":"category-cine","8":"tag-10903","9":"tag-cine","10":"tag-como","11":"tag-dragon","12":"tag-entertainment","13":"tag-entrenar","14":"tag-entretenimiento","15":"tag-es","16":"tag-espana","17":"tag-film","18":"tag-movies","19":"tag-spain","20":"tag-tu"},"share_on_mastodon":{"url":"https:\/\/pubeurope.com\/@es\/115556277658486047","error":""},"_links":{"self":[{"href":"https:\/\/www.europesays.com\/es\/wp-json\/wp\/v2\/posts\/238119","targetHints":{"allow":["GET"]}}],"collection":[{"href":"https:\/\/www.europesays.com\/es\/wp-json\/wp\/v2\/posts"}],"about":[{"href":"https:\/\/www.europesays.com\/es\/wp-json\/wp\/v2\/types\/post"}],"author":[{"embeddable":true,"href":"https:\/\/www.europesays.com\/es\/wp-json\/wp\/v2\/users\/2"}],"replies":[{"embeddable":true,"href":"https:\/\/www.europesays.com\/es\/wp-json\/wp\/v2\/comments?post=238119"}],"version-history":[{"count":0,"href":"https:\/\/www.europesays.com\/es\/wp-json\/wp\/v2\/posts\/238119\/revisions"}],"wp:featuredmedia":[{"embeddable":true,"href":"https:\/\/www.europesays.com\/es\/wp-json\/wp\/v2\/media\/238120"}],"wp:attachment":[{"href":"https:\/\/www.europesays.com\/es\/wp-json\/wp\/v2\/media?parent=238119"}],"wp:term":[{"taxonomy":"category","embeddable":true,"href":"https:\/\/www.europesays.com\/es\/wp-json\/wp\/v2\/categories?post=238119"},{"taxonomy":"post_tag","embeddable":true,"href":"https:\/\/www.europesays.com\/es\/wp-json\/wp\/v2\/tags?post=238119"}],"curies":[{"name":"wp","href":"https:\/\/api.w.org\/{rel}","templated":true}]}}