{"id":238123,"date":"2025-11-15T23:21:08","date_gmt":"2025-11-15T23:21:08","guid":{"rendered":"https:\/\/www.europesays.com\/es\/238123\/"},"modified":"2025-11-15T23:21:08","modified_gmt":"2025-11-15T23:21:08","slug":"etiopia-confirma-la-aparicion-de-una-epidemia-del-virus-de-marburgo","status":"publish","type":"post","link":"https:\/\/www.europesays.com\/es\/238123\/","title":{"rendered":"Etiop\u00eda Confirma La Aparici\u00f3n De Una Epidemia Del Virus De Marburgo"},"content":{"rendered":"<p data-type=\"paragraph\" data=\"[object Object]\">Las autoridades et\u00edopes confirmaron la aparici\u00f3n de una epidemia del virus de Marburgo en el sur del pa\u00eds, inform\u00f3 el s\u00e1bado la agencia sanitaria de la Uni\u00f3n Africana (Africa CDC).<\/p>\n<p data-type=\"paragraph\" data=\"[object Object]\" class=\"emotion-1akm6h5-Paragraph e1e4oisd0\">El virus de Marburgo, que provoca una fiebre hemorr\u00e1gica altamente infecciosa, se transmite a trav\u00e9s de ciertas especies de murci\u00e9lagos y pertenece a la misma familia que el \u00c9bola. Su tasa de mortalidad puede alcanzar casi el 90 %.<\/p>\n<p data-type=\"paragraph\" data=\"[object Object]\" class=\"emotion-1akm6h5-Paragraph e1e4oisd0\">Al menos nueve casos de personas infectadas por este virus se registraron en el sur de Etiop\u00eda, inform\u00f3 el viernes el director de la Organizaci\u00f3n Mundial de la Salud (OMS), Tedros Adhanom Ghebreyesus.<\/p>\n<p data-type=\"paragraph\" data=\"[object Object]\" class=\"emotion-1akm6h5-Paragraph e1e4oisd0\">La OMS \u00abapoya activamente a Etiop\u00eda en sus esfuerzos por contener la epidemia y tratar a las personas infectadas, y respalda todas las iniciativas destinadas a prevenir una posible propagaci\u00f3n transfronteriza\u00bb, escribi\u00f3 en X.<\/p>\n<p data-type=\"paragraph\" data=\"[object Object]\" class=\"emotion-1akm6h5-Paragraph e1e4oisd0\">Actualmente no existe ninguna vacuna ni tratamiento antiviral aprobado para combatir el virus.<\/p>\n<p data-type=\"paragraph\" data=\"[object Object]\" class=\"emotion-1akm6h5-Paragraph e1e4oisd0\">Sin embargo, los cuidados de apoyo \u2014rehidrataci\u00f3n por v\u00eda oral o intravenosa\u2014 y el tratamiento de los s\u00edntomas espec\u00edficos aumentan las posibilidades de supervivencia.<\/p>\n<p data-type=\"paragraph\" data=\"[object Object]\" class=\"emotion-1akm6h5-Paragraph e1e4oisd0\">str-jcp\/sba\/sag\/mab<\/p>\n","protected":false},"excerpt":{"rendered":"Las autoridades et\u00edopes confirmaron la aparici\u00f3n de una epidemia del virus de Marburgo en el sur del pa\u00eds,&hellip;\n","protected":false},"author":2,"featured_media":123368,"comment_status":"","ping_status":"","sticky":false,"template":"","format":"standard","meta":{"footnotes":""},"categories":[92],"tags":[21303,25,24,20371,165,166,23,116],"class_list":{"0":"post-238123","1":"post","2":"type-post","3":"status-publish","4":"format-standard","5":"has-post-thumbnail","7":"category-salud","8":"tag-epidemia","9":"tag-es","10":"tag-espana","11":"tag-etiopia","12":"tag-health","13":"tag-salud","14":"tag-spain","15":"tag-synd"},"share_on_mastodon":{"url":"https:\/\/pubeurope.com\/@es\/115556285462693077","error":""},"_links":{"self":[{"href":"https:\/\/www.europesays.com\/es\/wp-json\/wp\/v2\/posts\/238123","targetHints":{"allow":["GET"]}}],"collection":[{"href":"https:\/\/www.europesays.com\/es\/wp-json\/wp\/v2\/posts"}],"about":[{"href":"https:\/\/www.europesays.com\/es\/wp-json\/wp\/v2\/types\/post"}],"author":[{"embeddable":true,"href":"https:\/\/www.europesays.com\/es\/wp-json\/wp\/v2\/users\/2"}],"replies":[{"embeddable":true,"href":"https:\/\/www.europesays.com\/es\/wp-json\/wp\/v2\/comments?post=238123"}],"version-history":[{"count":0,"href":"https:\/\/www.europesays.com\/es\/wp-json\/wp\/v2\/posts\/238123\/revisions"}],"wp:featuredmedia":[{"embeddable":true,"href":"https:\/\/www.europesays.com\/es\/wp-json\/wp\/v2\/media\/123368"}],"wp:attachment":[{"href":"https:\/\/www.europesays.com\/es\/wp-json\/wp\/v2\/media?parent=238123"}],"wp:term":[{"taxonomy":"category","embeddable":true,"href":"https:\/\/www.europesays.com\/es\/wp-json\/wp\/v2\/categories?post=238123"},{"taxonomy":"post_tag","embeddable":true,"href":"https:\/\/www.europesays.com\/es\/wp-json\/wp\/v2\/tags?post=238123"}],"curies":[{"name":"wp","href":"https:\/\/api.w.org\/{rel}","templated":true}]}}