{"id":238132,"date":"2025-11-15T23:26:22","date_gmt":"2025-11-15T23:26:22","guid":{"rendered":"https:\/\/www.europesays.com\/es\/238132\/"},"modified":"2025-11-15T23:26:22","modified_gmt":"2025-11-15T23:26:22","slug":"la-borrasca-claudia-inunda-calles-desborda-un-barranco-en-huelva-y-obliga-a-elevar-la-emergencia-en-andalucia","status":"publish","type":"post","link":"https:\/\/www.europesays.com\/es\/238132\/","title":{"rendered":"La borrasca &#8216;Claudia&#8217; inunda calles, desborda un barranco en Huelva y obliga a elevar la emergencia en Andaluc\u00eda"},"content":{"rendered":"<p class=\"article-text\">\n        El consejero de Sanidad, Presidencia y Emergencias, Antonio Sanz, ha elevado este s\u00e1bado a fase de emergencia, situaci\u00f3n operativa 1, el Plan de Emergencia ante el riesgo de Inundaciones, en la provincia de Huelva debido al n\u00famero elevado de incidencias registradas por el paso de la borrasca &#8216;Claudia&#8217;.\n    <\/p>\n<p class=\"article-text\">\n        El consejero ha pedido prudencia y precauci\u00f3n en Andaluc\u00eda ante los avisos por lluvia y viento que ha indicado la Agencia Estatal de Meteorolog\u00eda (Aemet), por lo que ha insistido a la poblaci\u00f3n en que se sigan las indicaciones del 112.\n    <\/p>\n<blockquote class=\"twitter-tweet\" data-lang=\"es\"><p><a href=\"https:\/\/twitter.com\/X\/status\/1989728235349746093?ref_src=twsrc%5Etfw\" rel=\"nofollow noopener\" target=\"_blank\"><\/p><\/blockquote>\n<p>    Un barranco desbordado en Nerva<\/p>\n<p class=\"article-text\">\n        El paso de la borrasca deja ya m\u00e1s de 500 incidencias, la mayor\u00eda de ellas en la provincia de Huelva, en aviso naranja al igual que C\u00e1diz y Sevilla. Un barranco se ha desbordado este s\u00e1bado en la localidad de Nerva (Huelva) debido a las fuertes precipitaciones. Seg\u00fan ha informado el Servicio de Emergencias 112 Andaluc\u00eda, el aviso sobre este incidente ha ocurrido sobre las 16:30 horas de la tarde.\n    <\/p>\n<p class=\"article-text\">\n        Hasta el lugar se han desplazado efectivos de Polic\u00eda Local, Guardia Civil y bomberos avisados por la sala coordinadora, quienes adem\u00e1s, han indicado que no consta de la presencia de personas heridas o atrapadas.\n    <\/p>\n<p class=\"article-text\">\n        Asimismo, el Ayuntamiento de Minas de Riotinto ha trasladado a trav\u00e9s de sus redes sociales el ruego a todos los vecinos para que extremen las precauciones y eviten desplazamientos innecesarios tras las intensas lluvias que han afectado a la localidad durante la tarde del s\u00e1bado.\n    <\/p>\n<p class=\"article-text\">\n        Las precipitaciones registradas en este municipio en las \u00faltimas horas han provocado inundaciones en distintas calles y zonas bajas, as\u00ed como acumulaci\u00f3n de agua en la v\u00eda p\u00fablica y dificultades en el tr\u00e1fico. Desde primera hora de la tarde, los efectivos de Emergencias y Protecci\u00f3n Civil trabajan para restablecer la normalidad, atender incidencias y garantizar la seguridad de la poblaci\u00f3n.\n    <\/p>\n<p class=\"article-text\">\n        Por otro lado, el Ayuntamiento de San Bartolom\u00e9 de la Torre ha precisado tambi\u00e9n en sus redes sociales que, debido a las intensas lluvias registradas, el Camino de las Bodegas presenta algunos tramos anegados. Adem\u00e1s, la carretera San Bartolom\u00e9-Castillejos se encuentra cortada por la Guardia Civil, y la carretera hacia Alosno presenta balsas de agua en varios puntos. Es por ello que el Consistorio ha solicitado a la ciudadan\u00eda extremar las precauciones, evitar desplazamientos innecesarios y circular con la m\u00e1xima prudencia.\n    <\/p>\n<p>    <a href=\"https:\/\/www.eldiario.es\/andalucia\/borrasca-claudia-mantiene-huelva-sevilla-cadiz-aviso-naranja-lluvias-fuertes-sabado_1_12769898.html\" data-mrf-recirculation=\"saber-mas-abajo\" data-dl-event=\"saber-mas-abajo\" rel=\"nofollow noopener\" target=\"_blank\"><\/p>\n<p class=\"know-more__title\">La borrasca &#8216;Claudia&#8217; mantiene a Huelva, Sevilla y C\u00e1diz en aviso naranja por lluvias fuertes este s\u00e1bado\n<\/p>\n<p>            <img decoding=\"async\" class=\"lazy\" loading=\"lazy\" data-src=\"https:\/\/static.eldiario.es\/clip\/2a7b047e-8f51-4056-9378-1fd9a4ca69e9_16-9-aspect-ratio_default_0.jpg\" src=\"data:image\/svg+xml,%3Csvg xmlns=\" http:=\"\" viewbox=\"0 0 880 495\" alt=\"La borrasca 'Claudia' mantiene a Huelva, Sevilla y C\u00e1diz en aviso naranja por lluvias fuertes este s\u00e1bado\"\/><\/p>\n<p>                        <\/a><\/p>\n<p class=\"article-text\">\n        En cuanto al municipio de Cartaya, el alcalde de la localidad, Manuel Barroso, ha informado de que varias carreteras se encuentran cortadas por el paso de este fen\u00f3meno meteorol\u00f3gico, adem\u00e1s de pedir precauci\u00f3n y prudencia a la poblaci\u00f3n. Adem\u00e1s de los municipios onubenses, la capital de Huelva tambi\u00e9n est\u00e1 sufriendo inundaciones en sus calles debido a la gran acumulaci\u00f3n de agua tras las fuertes lluvias.\n    <\/p>\n<p class=\"article-text\">\n        <a href=\"https:\/\/usuarios.eldiario.es\/hazte_socio\/?utm_source=andalucia&amp;utm_campaign=eell&amp;utm_medium=all&amp;_gl=1*1686cvs*_gcl_au*MTYxMDA0MjMxOS4xNzUzODU2NTg0*_ga*MzI3MDQxMTk0LjE2Njc4MTY1MDY.*_ga_4RZPWREGF3*czE3NTk4MzU1ODckbzcwJGcxJHQxNzU5ODM2MDg2JGo2MCRsMCRoMA..\" target=\"_blank\" data-mrf-recirculation=\"links-noticia\" class=\"link\" rel=\"nofollow noopener\">Desde este enlace<\/a>\u00a0puedes convertirte en nuevo socio\/a de\u00a0<a href=\"https:\/\/www.eldiario.es\/andalucia\/\" target=\"_blank\" data-mrf-recirculation=\"links-noticia\" class=\"link\" rel=\"nofollow noopener\">elDiario.es Andaluc\u00eda<\/a>\u00a0y apoyar\u00e1s econ\u00f3micamente un periodismo independiente y riguroso hecho desde nuestra tierra.\n    <\/p>\n<p class=\"article-text\">\n        Si ya eres socio\/a, puedes hacer una aportaci\u00f3n extra destinada \u00edntegramente a\u00a0<a href=\"https:\/\/www.eldiario.es\/andalucia\/\" target=\"_blank\" data-mrf-recirculation=\"links-noticia\" class=\"link\" rel=\"nofollow noopener\">elDiario.es Andaluc\u00eda<\/a>\u00a0desde el apartado &#8216;Tu cuota&#8217;. Es importante para que podamos seguir contando noticias de Andaluc\u00eda desde Andaluc\u00eda. \u00a1Gracias por tu apoyo!\n    <\/p>\n<p>                                    <script async src=\"https:\/\/platform.twitter.com\/widgets.js\" charset=\"utf-8\"><\/script><\/p>\n","protected":false},"excerpt":{"rendered":"El consejero de Sanidad, Presidencia y Emergencias, Antonio Sanz, ha elevado este s\u00e1bado a fase de emergencia, situaci\u00f3n&hellip;\n","protected":false},"author":2,"featured_media":238133,"comment_status":"","ping_status":"","sticky":false,"template":"","format":"standard","meta":{"footnotes":""},"categories":[8],"tags":[1705,259,17,18,2760,3854,25,24,13,14,494,11,1667,19,20,3855,9,10,15,16,1925,1171,23,12,21,22],"class_list":{"0":"post-238132","1":"post","2":"type-post","3":"status-publish","4":"format-standard","5":"has-post-thumbnail","7":"category-espana","8":"tag-analisis","9":"tag-andalucia","10":"tag-breaking-news","11":"tag-breakingnews","12":"tag-cordoba","13":"tag-eldiario-es","14":"tag-es","15":"tag-espana","16":"tag-featured-news","17":"tag-featurednews","18":"tag-granada","19":"tag-headlines","20":"tag-informacion","21":"tag-latest-news","22":"tag-latestnews","23":"tag-malaga","24":"tag-news","25":"tag-noticias","26":"tag-noticias-destacadas","27":"tag-noticiasdestacadas","28":"tag-opinion","29":"tag-sevilla","30":"tag-spain","31":"tag-titulares","32":"tag-ultimas-noticias","33":"tag-ultimasnoticias"},"share_on_mastodon":{"url":"https:\/\/pubeurope.com\/@es\/115556305094543848","error":""},"_links":{"self":[{"href":"https:\/\/www.europesays.com\/es\/wp-json\/wp\/v2\/posts\/238132","targetHints":{"allow":["GET"]}}],"collection":[{"href":"https:\/\/www.europesays.com\/es\/wp-json\/wp\/v2\/posts"}],"about":[{"href":"https:\/\/www.europesays.com\/es\/wp-json\/wp\/v2\/types\/post"}],"author":[{"embeddable":true,"href":"https:\/\/www.europesays.com\/es\/wp-json\/wp\/v2\/users\/2"}],"replies":[{"embeddable":true,"href":"https:\/\/www.europesays.com\/es\/wp-json\/wp\/v2\/comments?post=238132"}],"version-history":[{"count":0,"href":"https:\/\/www.europesays.com\/es\/wp-json\/wp\/v2\/posts\/238132\/revisions"}],"wp:featuredmedia":[{"embeddable":true,"href":"https:\/\/www.europesays.com\/es\/wp-json\/wp\/v2\/media\/238133"}],"wp:attachment":[{"href":"https:\/\/www.europesays.com\/es\/wp-json\/wp\/v2\/media?parent=238132"}],"wp:term":[{"taxonomy":"category","embeddable":true,"href":"https:\/\/www.europesays.com\/es\/wp-json\/wp\/v2\/categories?post=238132"},{"taxonomy":"post_tag","embeddable":true,"href":"https:\/\/www.europesays.com\/es\/wp-json\/wp\/v2\/tags?post=238132"}],"curies":[{"name":"wp","href":"https:\/\/api.w.org\/{rel}","templated":true}]}}