{"id":238146,"date":"2025-11-15T23:41:10","date_gmt":"2025-11-15T23:41:10","guid":{"rendered":"https:\/\/www.europesays.com\/es\/238146\/"},"modified":"2025-11-15T23:41:10","modified_gmt":"2025-11-15T23:41:10","slug":"el-es-el-sobrino-de-michael-jackson-que-tiene-raices-colombianas-y-protagonizara-la-pelicula-del-rey-del-pop","status":"publish","type":"post","link":"https:\/\/www.europesays.com\/es\/238146\/","title":{"rendered":"\u00c9l es el sobrino de Michael Jackson que tiene ra\u00edces colombianas y protagonizar\u00e1 la pel\u00edcula del \u2018rey del pop\u2019"},"content":{"rendered":"<p class=\"elheraldo__StyledParagraph-sc-60z8lc-1 dEjMiD article-body__paragraph\"><b>Jaafar Jackson<\/b>, de <b>ra\u00edces colombianas<\/b>, es quien protagonizar\u00e1 la <b>pel\u00edcula <\/b>sobre la vida de <b>Michael Jackson<\/b>, t\u00edo suyo y una de las estrellas m\u00e1s grandes de la m\u00fasica pop en la historia.<\/p>\n<p class=\"elheraldo__StyledParagraph-sc-60z8lc-1 dEjMiD article-body__paragraph\"><b>Lea: <\/b><a href=\"https:\/\/www.elheraldo.co\/entretenimiento\/2025\/11\/14\/fallecio-reconocida-cantante-brasilena-tras-enfrentar-una-extrana-enfermedad\/\" rel=\"nofollow noopener\" target=\"_blank\"><b>Falleci\u00f3 reconocida cantante brasile\u00f1a tras enfrentar una extra\u00f1a enfermedad<\/b><\/a><\/p>\n<p class=\"elheraldo__StyledParagraph-sc-60z8lc-1 dEjMiD article-body__paragraph\">Este joven demostr\u00f3 en las primeras im\u00e1genes del <b>biopic <\/b>que es capaz de emular a la perfecci\u00f3n los ic\u00f3nicos pasos de baile del \u2018<b>rey del pop<\/b>\u2019.<\/p>\n<p class=\"elheraldo__StyledParagraph-sc-60z8lc-1 dEjMiD article-body__paragraph\">Poco m\u00e1s de un minuto de im\u00e1genes sirven para confirmar que Jaafar Jackson, de 29 a\u00f1os e hijo de Jermaine Jackson, es el digno heredero de la saga familiar.<\/p>\n<p class=\"elheraldo__StyledParagraph-sc-60z8lc-1 dEjMiD article-body__paragraph\"><b>Lea: <\/b><a href=\"https:\/\/www.elheraldo.co\/entretenimiento\/2025\/11\/14\/beele-del-exito-de-loco-al-fenomeno-global-de-borondo-que-hoy-impulsa-su-crecimiento-en-spotify\/\" rel=\"nofollow noopener\" target=\"_blank\"><b>Be\u00e9le: del \u00e9xito de \u2018Loco\u2019 al fen\u00f3meno global de \u2018BORONDO\u2019 que hoy impulsa su crecimiento en Spotify<\/b><\/a><\/p>\n<p class=\"elheraldo__StyledParagraph-sc-60z8lc-1 dEjMiD article-body__paragraph\">Colombo-estadounidense (su madre es de Bogot\u00e1), Jackson debuta como actor en esta pel\u00edcula, dirigida por Antoine Fuqua, que llegar\u00e1 a las salas el 24 de abril de 2026, seg\u00fan inform\u00f3 un comunicado de Universal Pictures.<\/p>\n<p><img alt=\"\" class=\"global-image\" decoding=\"async\" src=\"https:\/\/www.europesays.com\/es\/wp-content\/uploads\/2025\/11\/6UUVG3TP4VF4XEKZMITBC6EGRI.jpg\" width=\"100\" fetchpriority=\"low\" loading=\"lazy\"\/>EFE\/ Glen Wilson\/lionsgateJaafar Jackson, sobrino de Michael Jackson.<\/p>\n<p class=\"elheraldo__StyledParagraph-sc-60z8lc-1 dEjMiD article-body__paragraph\">Las primeras im\u00e1genes de esta esperada pel\u00edcula muestra a un joven Michael Jackson en un estudio de grabaci\u00f3n junto a Quincy Jones mientras suena \u2018Wanna Be Startin\u2019 Somethin\u2019 uno de los grande \u00e9xitos del m\u00edtico \u00e1lbum \u2018Thriller\u2019 (1982).<\/p>\n<p class=\"elheraldo__StyledParagraph-sc-60z8lc-1 dEjMiD article-body__paragraph\">En el tr\u00e1iler se pueden ver a Jaafar Jackson transformado en su t\u00edo en diversos momentos, desde actuaciones en grandes estadios al videoclip de \u2018Thriller\u2019, o haciendo el famoso paso de baile \u2018moonwalk\u2019 sobre un escenario.<\/p>\n<p class=\"elheraldo__StyledParagraph-sc-60z8lc-1 dEjMiD article-body__paragraph\"><b>Lea: <\/b><a href=\"https:\/\/www.elheraldo.co\/entretenimiento\/2025\/11\/14\/la-ultima-publicacion-del-actor-jhon-freddy-martinez-antes-del-accidente-que-acabo-con-su-vida\/\" rel=\"nofollow noopener\" target=\"_blank\"><b>La \u00faltima publicaci\u00f3n del actor Jhon Freddy Mart\u00ednez antes del accidente que acab\u00f3 con su vida<\/b><\/a><\/p>\n<p class=\"elheraldo__StyledParagraph-sc-60z8lc-1 dEjMiD article-body__paragraph\">Junto a Jaafar Jackson est\u00e1n Kendrick Sampson como Quincy Jones; Miles Teller como el abogado y asesor de Jackson John Branca; Colman Domingo como el patriarca, Joe Jackson; Nia Long como su madre, Katherine Jackson; Jessica Sula como su hermana LaToya Jackson, Larenz Tate como el fundador de Motown Records, Berry Gordy, o Kat Graham como Diana Ross.<\/p>\n<p class=\"elheraldo__StyledParagraph-sc-60z8lc-1 dEjMiD article-body__paragraph\">\u201cMichael\u2019 es \u201cel retrato en la gran pantalla de la vida y el legado de uno de los artistas m\u00e1s influyentes que el mundo haya conocido\u201d, resalta Universal en el comunicado.<\/p>\n<p class=\"elheraldo__StyledParagraph-sc-60z8lc-1 dEjMiD article-body__paragraph\"><b>Lea: <\/b><a href=\"https:\/\/www.elheraldo.co\/entretenimiento\/2025\/11\/14\/video-ariana-grande-fue-sujetada-por-un-hombre-en-el-estreno-de-wicked-for-good-en-singapur\/\" rel=\"nofollow noopener\" target=\"_blank\"><b>Video: Ariana Grande fue sujetada por un hombre en el estreno de \u2018Wicked: For Good\u2019 en Singapur<\/b><\/a><\/p>\n<p class=\"elheraldo__StyledParagraph-sc-60z8lc-1 dEjMiD article-body__paragraph\">La pel\u00edcula muestra desde el descubrimiento del talento de Michael Jackson como l\u00edder de los Jackson Five hasta su conversi\u00f3n \u201cen una visionaria estrella cuya ambici\u00f3n creativa despert\u00f3 un incansable af\u00e1n por consagrarse como el mayor icono de la industria del entretenimiento\u201d.<\/p>\n<p class=\"elheraldo__StyledParagraph-sc-60z8lc-1 dEjMiD article-body__paragraph\">Jaafar Jackson ha compartido en su cuenta de Instagram algunas fotograf\u00edas de sus ensayos para la pel\u00edcula.<\/p>\n<p class=\"elheraldo__StyledParagraph-sc-60z8lc-1 dEjMiD article-body__paragraph\">\u201cMe siento honrado y agradecido de poder dar vida a la historia de mi t\u00edo Michael. A todos mis fans alrededor del mundo, \u00a1nos vemos pronto!\u201c, escribi\u00f3 el joven.<\/p>\n","protected":false},"excerpt":{"rendered":"Jaafar Jackson, de ra\u00edces colombianas, es quien protagonizar\u00e1 la pel\u00edcula sobre la vida de Michael Jackson, t\u00edo suyo&hellip;\n","protected":false},"author":2,"featured_media":238147,"comment_status":"","ping_status":"","sticky":false,"template":"","format":"standard","meta":{"footnotes":""},"categories":[170],"tags":[6458,61565,146,147,25,24,48036,186,184,185,1257,23],"class_list":{"0":"post-238146","1":"post","2":"type-post","3":"status-publish","4":"format-standard","5":"has-post-thumbnail","7":"category-musica","8":"tag-biopic","9":"tag-colombo-estadounidense","10":"tag-entertainment","11":"tag-entretenimiento","12":"tag-es","13":"tag-espana","14":"tag-jaafar-jackson","15":"tag-michael-jackson","16":"tag-music","17":"tag-musica","18":"tag-pelicula","19":"tag-spain"},"share_on_mastodon":{"url":"https:\/\/pubeurope.com\/@es\/115556364330956008","error":""},"_links":{"self":[{"href":"https:\/\/www.europesays.com\/es\/wp-json\/wp\/v2\/posts\/238146","targetHints":{"allow":["GET"]}}],"collection":[{"href":"https:\/\/www.europesays.com\/es\/wp-json\/wp\/v2\/posts"}],"about":[{"href":"https:\/\/www.europesays.com\/es\/wp-json\/wp\/v2\/types\/post"}],"author":[{"embeddable":true,"href":"https:\/\/www.europesays.com\/es\/wp-json\/wp\/v2\/users\/2"}],"replies":[{"embeddable":true,"href":"https:\/\/www.europesays.com\/es\/wp-json\/wp\/v2\/comments?post=238146"}],"version-history":[{"count":0,"href":"https:\/\/www.europesays.com\/es\/wp-json\/wp\/v2\/posts\/238146\/revisions"}],"wp:featuredmedia":[{"embeddable":true,"href":"https:\/\/www.europesays.com\/es\/wp-json\/wp\/v2\/media\/238147"}],"wp:attachment":[{"href":"https:\/\/www.europesays.com\/es\/wp-json\/wp\/v2\/media?parent=238146"}],"wp:term":[{"taxonomy":"category","embeddable":true,"href":"https:\/\/www.europesays.com\/es\/wp-json\/wp\/v2\/categories?post=238146"},{"taxonomy":"post_tag","embeddable":true,"href":"https:\/\/www.europesays.com\/es\/wp-json\/wp\/v2\/tags?post=238146"}],"curies":[{"name":"wp","href":"https:\/\/api.w.org\/{rel}","templated":true}]}}