{"id":238148,"date":"2025-11-15T23:42:10","date_gmt":"2025-11-15T23:42:10","guid":{"rendered":"https:\/\/www.europesays.com\/es\/238148\/"},"modified":"2025-11-15T23:42:10","modified_gmt":"2025-11-15T23:42:10","slug":"zombieland-3-esta-cada-dia-mas-cerca","status":"publish","type":"post","link":"https:\/\/www.europesays.com\/es\/238148\/","title":{"rendered":"Zombieland 3 est\u00e1 cada d\u00eda m\u00e1s cerca"},"content":{"rendered":"<p>&#13;<br \/>\n\t\t\t\t\t&#13;<br \/>\n\t\t\t\t\tEl universo apocal\u00edptico de Zombieland podr\u00eda expandirse muy pronto, ya que Ruben Fleischer, el director que dio vida a la franquicia, ha confirmado que las conversaciones para <b>Zombieland 3<\/b> han comenzado oficialmente. <\/p>\n<p>Fleischer, que debut\u00f3 como director con la primera entrega de <b>Zombieland<\/b> all\u00e1 por 2009, ha mantenido la idea de explorar este universo cada d\u00e9cada. \u201cEstoy esperando que hagamos un Zombieland 3 en 2029. Estamos empezando a hablar de ello porque la primera fue en 2009, la segunda en 2019 y, al terminarla, todos dijimos: \u2018Nos vemos en 10 a\u00f1os\u2019. Ese momento est\u00e1 llegando y estamos empezando a darle forma, as\u00ed que espero que salga adelante\u201d, explic\u00f3 a Deadline.\u200b<\/p>\n<p>La saga, escrita por Rhett Reese y Paul Wernick, narra la supervivencia de cuatro personajes ic\u00f3nicos en un mundo arrasado por un virus zombi: Tallahassee (Woody Harrelson), Columbus (Jesse Eisenberg), Wichita (Emma Stone) y Little Rock (Abigail Breslin). En Zombieland: Double Tap, el grupo se establece como una aut\u00e9ntica \u201cm\u00e1quina de matar zombis\u201d, y se enfrenta no solo a nuevas variantes de los muertos vivientes, sino tambi\u00e9n a otros supervivientes humanos, mientras gestiona los desaf\u00edos de su peculiar familia improvisada.<\/p>\n<p>Adem\u00e1s, Fleischer ha sugerido que la tercera pel\u00edcula podr\u00eda ampliar horizontes y situar la acci\u00f3n en escenarios internacionales. \u201cUna idea que me parece atractiva es ver qu\u00e9 est\u00e1 pasando en otras regiones del mundo. Imaginar el comienzo de Zombieland 3 con los protagonistas desembarcando en otro lugar y explorando una nueva situaci\u00f3n ser\u00eda emocionante. No me importar\u00eda dejar de rodar en Atlanta y probar sitios como Hawaii para descubrir c\u00f3mo ha evolucionado all\u00ed el virus zombi\u201d, coment\u00f3 con humor.<\/p>\n<p>Tanto Jesse Eisenberg como Woody Harrelson ya han manifestado su inter\u00e9s en regresar para una tercera entrega. Y todo hace indicar que Emma Stone y Abigail Breslin tambi\u00e9n regresar\u00edan en sus papeles.<\/p>\n","protected":false},"excerpt":{"rendered":"&#13; &#13; El universo apocal\u00edptico de Zombieland podr\u00eda expandirse muy pronto, ya que Ruben Fleischer, el director que&hellip;\n","protected":false},"author":2,"featured_media":238149,"comment_status":"","ping_status":"","sticky":false,"template":"","format":"standard","meta":{"footnotes":""},"categories":[169],"tags":[177,146,147,25,24,176,175,23],"class_list":{"0":"post-238148","1":"post","2":"type-post","3":"status-publish","4":"format-standard","5":"has-post-thumbnail","7":"category-cine","8":"tag-cine","9":"tag-entertainment","10":"tag-entretenimiento","11":"tag-es","12":"tag-espana","13":"tag-film","14":"tag-movies","15":"tag-spain"},"share_on_mastodon":{"url":"https:\/\/pubeurope.com\/@es\/115556367997997515","error":""},"_links":{"self":[{"href":"https:\/\/www.europesays.com\/es\/wp-json\/wp\/v2\/posts\/238148","targetHints":{"allow":["GET"]}}],"collection":[{"href":"https:\/\/www.europesays.com\/es\/wp-json\/wp\/v2\/posts"}],"about":[{"href":"https:\/\/www.europesays.com\/es\/wp-json\/wp\/v2\/types\/post"}],"author":[{"embeddable":true,"href":"https:\/\/www.europesays.com\/es\/wp-json\/wp\/v2\/users\/2"}],"replies":[{"embeddable":true,"href":"https:\/\/www.europesays.com\/es\/wp-json\/wp\/v2\/comments?post=238148"}],"version-history":[{"count":0,"href":"https:\/\/www.europesays.com\/es\/wp-json\/wp\/v2\/posts\/238148\/revisions"}],"wp:featuredmedia":[{"embeddable":true,"href":"https:\/\/www.europesays.com\/es\/wp-json\/wp\/v2\/media\/238149"}],"wp:attachment":[{"href":"https:\/\/www.europesays.com\/es\/wp-json\/wp\/v2\/media?parent=238148"}],"wp:term":[{"taxonomy":"category","embeddable":true,"href":"https:\/\/www.europesays.com\/es\/wp-json\/wp\/v2\/categories?post=238148"},{"taxonomy":"post_tag","embeddable":true,"href":"https:\/\/www.europesays.com\/es\/wp-json\/wp\/v2\/tags?post=238148"}],"curies":[{"name":"wp","href":"https:\/\/api.w.org\/{rel}","templated":true}]}}