{"id":238168,"date":"2025-11-15T23:56:11","date_gmt":"2025-11-15T23:56:11","guid":{"rendered":"https:\/\/www.europesays.com\/es\/238168\/"},"modified":"2025-11-15T23:56:11","modified_gmt":"2025-11-15T23:56:11","slug":"quiero-comer-en-la-misma-mesa-que-federer-nadal-y-djokovic","status":"publish","type":"post","link":"https:\/\/www.europesays.com\/es\/238168\/","title":{"rendered":"Quiero comer en la misma mesa que Federer, Nadal y Djokovic"},"content":{"rendered":"<p class=\"c-paragraph\"><a href=\"https:\/\/www.20minutos.es\/tags\/deportes\/carlos-alcaraz.html\" rel=\"nofollow noopener\" target=\"_blank\">Carlos Alcaraz<\/a>, en plena lucha por conquistar sus primeras <a href=\"https:\/\/www.20minutos.es\/tags\/deportes\/atp.html\" rel=\"nofollow noopener\" target=\"_blank\">ATP Finals<\/a>, y tras finalizar la temporada como n\u00famero uno del mundo, ha desvelado cu\u00e1l es su<b> objetivo a largo plazo en el mundo<\/b> del tenis y su principal deseo.\u00a0<\/p>\n<p class=\"c-paragraph\">\u00abEl hecho de tener el m\u00e1ximo n\u00famero de Grand Slams posibles en mi carrera ser\u00eda mi deseo. <b>Voy a ir a por Grand Slams&#8230; o tambi\u00e9n te podr\u00eda decir ganar una medalla de oro en unos Juegos Ol\u00edmpicos<\/b>\u00ab, reconoci\u00f3 el murciano en una entrevista publicada en Mundo Deportivo.\u00a0<\/p>\n<p class=\"c-paragraph\">A sus 22 a\u00f1os, el actual n\u00famero uno del mundo posee seis &#8216;grandes&#8217; en su palmar\u00e9s, entre los que destacan dos Roland-Garros, dos Wimbledon y dos US Open, y <b>no descarta superar en el futuro los 24 Grand Slams que ha conquistado Novak Djokovic<\/b> a lo largo de su exitosa carrera.\u00a0<\/p>\n<p class=\"c-paragraph\">\u00abNadie conoce el futuro, porque es incierto&#8230; as\u00ed que veremos a ver dentro de varios a\u00f1os en la posici\u00f3n en la que estamos. <b>Ahora toca seguir remando en la misma l\u00ednea, seguir entrenando y trabajando de la misma forma e ilusi\u00f3n. <\/b>Lo que s\u00ed puedo decir es que vamos por el camino correcto\u00bb, asegur\u00f3 Carlitos.\u00a0<\/p>\n<p class=\"c-paragraph\">Por otro lado, no pudo olvidarse del &#8216;Big Three&#8217; y destac\u00f3 que le gustar\u00eda <b>\u00abcomer en la misma mesa\u00bb <\/b>que <a href=\"https:\/\/www.20minutos.es\/tags\/deportes\/roger-federer.html\" rel=\"nofollow noopener\" target=\"_blank\">Roger Federer<\/a>, <a href=\"https:\/\/www.20minutos.es\/tags\/deportes\/rafa-nadal.html\" rel=\"nofollow noopener\" target=\"_blank\">Rafa Nadal<\/a> y <a href=\"https:\/\/www.20minutos.es\/tags\/deportes\/novak-djokovic.html\" rel=\"nofollow noopener\" target=\"_blank\">Novak Djokovic<\/a>: \u00abMe gustar\u00eda comer en esa mesa, es cierto. <b>Es una motivaci\u00f3n que tengo y que me ayuda para mi carrera, pero a\u00fan no estoy ni incluso cerca\u00bb.<\/b><\/p>\n<p class=\"c-paragraph\">Para intentar cumplir con ese objetivo, Carlos cree que su rivalidad con <a href=\"https:\/\/www.20minutos.es\/tags\/deportes\/jannik-sinner.html\" rel=\"nofollow noopener\" target=\"_blank\">Jannik Sinner<\/a> es <b>vital y necesaria <\/b>para exigirse al m\u00e1ximo durante la competici\u00f3n: \u00abEs necesario para m\u00ed, para el tenis y para el deporte en general. <b>Estoy muy agradecido de que est\u00e9, y que me haga mejor jugador&#8230;<\/b> el hecho de competir cara a cara todo el a\u00f1o y exigirme al m\u00e1ximo\u00bb.\u00a0<\/p>\n<p class=\"c-paragraph\">Por \u00faltimo, y con la temporada pr\u00e1cticamente finalizada, a falta de las Finales de Copa Davis, Carlitos puso el foco en su pr\u00f3ximo y principal objetivo de cara al 2026: \u00ab<b>El Open de Australia es un torneo que me gustar\u00eda ganar, es el objetivo a principio de cada a\u00f1o&#8230; <\/b>y dar\u00eda mucho por conseguirlo\u00bb.\u00a0<\/p>\n","protected":false},"excerpt":{"rendered":"Carlos Alcaraz, en plena lucha por conquistar sus primeras ATP Finals, y tras finalizar la temporada como n\u00famero&hellip;\n","protected":false},"author":2,"featured_media":238169,"comment_status":"","ping_status":"","sticky":false,"template":"","format":"standard","meta":{"footnotes":""},"categories":[274],"tags":[4736,168,25,24,544,547,6894,3440,23,167,327,326],"class_list":{"0":"post-238168","1":"post","2":"type-post","3":"status-publish","4":"format-standard","5":"has-post-thumbnail","7":"category-tenis","8":"tag-alcaraz","9":"tag-deportes","10":"tag-es","11":"tag-espana","12":"tag-jannik-sinner","13":"tag-novak-djokovic","14":"tag-rafa-nadal","15":"tag-roger-federer","16":"tag-spain","17":"tag-sports","18":"tag-tenis","19":"tag-tennis"},"share_on_mastodon":{"url":"https:\/\/pubeurope.com\/@es\/115556422966306145","error":""},"_links":{"self":[{"href":"https:\/\/www.europesays.com\/es\/wp-json\/wp\/v2\/posts\/238168","targetHints":{"allow":["GET"]}}],"collection":[{"href":"https:\/\/www.europesays.com\/es\/wp-json\/wp\/v2\/posts"}],"about":[{"href":"https:\/\/www.europesays.com\/es\/wp-json\/wp\/v2\/types\/post"}],"author":[{"embeddable":true,"href":"https:\/\/www.europesays.com\/es\/wp-json\/wp\/v2\/users\/2"}],"replies":[{"embeddable":true,"href":"https:\/\/www.europesays.com\/es\/wp-json\/wp\/v2\/comments?post=238168"}],"version-history":[{"count":0,"href":"https:\/\/www.europesays.com\/es\/wp-json\/wp\/v2\/posts\/238168\/revisions"}],"wp:featuredmedia":[{"embeddable":true,"href":"https:\/\/www.europesays.com\/es\/wp-json\/wp\/v2\/media\/238169"}],"wp:attachment":[{"href":"https:\/\/www.europesays.com\/es\/wp-json\/wp\/v2\/media?parent=238168"}],"wp:term":[{"taxonomy":"category","embeddable":true,"href":"https:\/\/www.europesays.com\/es\/wp-json\/wp\/v2\/categories?post=238168"},{"taxonomy":"post_tag","embeddable":true,"href":"https:\/\/www.europesays.com\/es\/wp-json\/wp\/v2\/tags?post=238168"}],"curies":[{"name":"wp","href":"https:\/\/api.w.org\/{rel}","templated":true}]}}