{"id":23817,"date":"2025-08-03T23:11:03","date_gmt":"2025-08-03T23:11:03","guid":{"rendered":"https:\/\/www.europesays.com\/es\/23817\/"},"modified":"2025-08-03T23:11:03","modified_gmt":"2025-08-03T23:11:03","slug":"el-brazo-de-un-miembro-del-equipo-que-se-colo-en-indiana-jones-y-la-ultima-cruzada-dura-solo-unos-segundos-y-hay-que-ser-habil-para-verlo-noticias-de-cine","status":"publish","type":"post","link":"https:\/\/www.europesays.com\/es\/23817\/","title":{"rendered":"El brazo de un miembro del equipo que se col\u00f3 en &#8216;Indiana Jones y la \u00faltima cruzada&#8217;: dura solo unos segundos y hay que ser h\u00e1bil para verlo &#8211; Noticias de cine"},"content":{"rendered":"<p>Indiana Jones se enfrent\u00f3 a su enemigo m\u00e1s dif\u00edcil de vencer: los brazos del reparto entrando en mitad de una escena<\/p>\n<p class=\"bo-p\"><a href=\"https:\/\/www.sensacine.com\/actores\/actor-1541\/\" class=\"bo-link\" rel=\"nofollow noopener\" target=\"_blank\">Sean Connery<\/a> ten\u00eda solo doce a\u00f1os m\u00e1s que <a href=\"https:\/\/www.sensacine.com\/actores\/actor-472\/\" class=\"bo-link\" rel=\"nofollow noopener\" target=\"_blank\">Harrison Ford<\/a> y, adem\u00e1s, hab\u00eda abandonado el mundo de las franquicias despu\u00e9s de ser James Bond. Dicho de otra manera: no ten\u00eda ninguna intenci\u00f3n de aparecer en <a href=\"https:\/\/www.sensacine.com\/peliculas\/pelicula-5032\/\" class=\"bo-link\" rel=\"nofollow noopener\" target=\"_blank\">Indiana Jones y la \u00faltima cruzada<\/a>. Sin embargo, despu\u00e9s de leerse el guion, no pudo resistirse a interpretar a su personaje, <b>que empez\u00f3 a remodelar y para el que dio unas cuantas notas que acabaron dentro del guion<\/b>. Para Connery, la gracia era que todo lo que hubiera hecho Indy, \u00e9l lo hubiera hecho ya antes y mejor&#8230; \u00a1Incluyendo acostarse con Elsa! Acert\u00f3 de pleno, por supuesto.<\/p>\n<p>Indiana Jones y el brazo del miembro del equipo<\/p>\n<p class=\"bo-p\">Despu\u00e9s del relativo fracaso de cr\u00edtica de <a href=\"https:\/\/www.sensacine.com\/peliculas\/pelicula-638\/\" class=\"bo-link\" rel=\"nofollow noopener\" target=\"_blank\">Indiana Jones y el templo maldito<\/a>, <a href=\"https:\/\/www.sensacine.com\/actores\/actor-471\/\" class=\"bo-link\" rel=\"nofollow noopener\" target=\"_blank\">Steven Spielberg<\/a> quer\u00eda terminar la trilog\u00eda solo para cumplir con el trato que hab\u00eda hecho con <a href=\"https:\/\/www.sensacine.com\/actores\/actor-4924\/\" class=\"bo-link\" rel=\"nofollow noopener\" target=\"_blank\">George Lucas<\/a>. De hecho, lleg\u00f3 a rechazar <a href=\"https:\/\/www.sensacine.com\/peliculas\/pelicula-38386\/\" class=\"bo-link\" rel=\"nofollow noopener\" target=\"_blank\">Big<\/a> y <a href=\"https:\/\/www.sensacine.com\/peliculas\/pelicula-4572\/\" class=\"bo-link\" rel=\"nofollow noopener\" target=\"_blank\">Rain Man<\/a> para centrarse en esta entrega, a la que quer\u00eda devolver el estilo luminoso y aventurero de <a href=\"https:\/\/www.sensacine.com\/peliculas\/pelicula-121\/\" class=\"bo-link\" rel=\"nofollow noopener\" target=\"_blank\">En busca del arca perdida<\/a>. Hubo much\u00edsimos dimes y diretes hasta que, al final, <b>llegaron a la conclusi\u00f3n de que la mejor manera de decir adi\u00f3s al personaje era con su padre y buscando el Santo Grial.<\/b><\/p>\n<p class=\"bo-p\">Sin embargo, en esta b\u00fasqueda incesante era inevitable que se les colara algo inesperado. <b>Concretamente, en el minuto 1:02:40 podr\u00e1s ver, mientras Indy se monta en uno de los botes<\/b> despu\u00e9s de escapar del Castillo Brunwald, un brazo vestido de negro que imped\u00eda, b\u00e1sicamente, que el bote saliera del puerto. Hay que tener much\u00edsimo ojo para verlo, pero estar, est\u00e1 ah\u00ed.<\/p>\n<p>                                <img loading=\"lazy\" decoding=\"async\" class=\"article-figure-img\" src=\"https:\/\/www.europesays.com\/es\/wp-content\/uploads\/2025\/08\/ed5e8814b6f230c8031ab480731cb9c1.jpg\" width=\"640\" height=\"320\" alt=\"\"\/><\/p>\n<p>                                    Disney<\/p>\n<p>                                <img loading=\"lazy\" decoding=\"async\" class=\"article-figure-img\" src=\"https:\/\/www.europesays.com\/es\/wp-content\/uploads\/2025\/08\/012a1d0036d6dd9e7b29e72372790919.jpg\" width=\"640\" height=\"320\" alt=\"\"\/><\/p>\n<p>                                    Disney<\/p>\n<p class=\"bo-p\">Mereci\u00f3 la pena que Spielberg rechazara proyectos, porque <b>Indiana Jones y la \u00faltima cruzada<\/b><b> fue la pel\u00edcula m\u00e1s vista de 1989<\/b> y le dio la idea a Lucas de hacer <a href=\"https:\/\/www.sensacine.com\/series\/serie-3439\/\" class=\"bo-link\" rel=\"nofollow noopener\" target=\"_blank\">Las aventuras del Joven Indiana Jones<\/a>, bas\u00e1ndose en el pr\u00f3logo de la pel\u00edcula. La serie dur\u00f3 28 episodios y 4 pel\u00edculas y, aunque no est\u00e1 en ning\u00fan servicio de streaming, todos so\u00f1amos con que alg\u00fan d\u00eda se le de la importancia que realmente tiene. \u00a1Al fin y al cabo, no volvimos a ver a Indy hasta 2008! <\/p>\n","protected":false},"excerpt":{"rendered":"Indiana Jones se enfrent\u00f3 a su enemigo m\u00e1s dif\u00edcil de vencer: los brazos del reparto entrando en mitad&hellip;\n","protected":false},"author":2,"featured_media":23818,"comment_status":"","ping_status":"","sticky":false,"template":"","format":"standard","meta":{"footnotes":""},"categories":[169],"tags":[177,146,147,25,24,176,6494,13672,175,23],"class_list":{"0":"post-23817","1":"post","2":"type-post","3":"status-publish","4":"format-standard","5":"has-post-thumbnail","7":"category-cine","8":"tag-cine","9":"tag-entertainment","10":"tag-entretenimiento","11":"tag-es","12":"tag-espana","13":"tag-film","14":"tag-gazapos","15":"tag-indiana_jones_y_la_ultima_cruzada","16":"tag-movies","17":"tag-spain"},"share_on_mastodon":{"url":"","error":""},"_links":{"self":[{"href":"https:\/\/www.europesays.com\/es\/wp-json\/wp\/v2\/posts\/23817","targetHints":{"allow":["GET"]}}],"collection":[{"href":"https:\/\/www.europesays.com\/es\/wp-json\/wp\/v2\/posts"}],"about":[{"href":"https:\/\/www.europesays.com\/es\/wp-json\/wp\/v2\/types\/post"}],"author":[{"embeddable":true,"href":"https:\/\/www.europesays.com\/es\/wp-json\/wp\/v2\/users\/2"}],"replies":[{"embeddable":true,"href":"https:\/\/www.europesays.com\/es\/wp-json\/wp\/v2\/comments?post=23817"}],"version-history":[{"count":0,"href":"https:\/\/www.europesays.com\/es\/wp-json\/wp\/v2\/posts\/23817\/revisions"}],"wp:featuredmedia":[{"embeddable":true,"href":"https:\/\/www.europesays.com\/es\/wp-json\/wp\/v2\/media\/23818"}],"wp:attachment":[{"href":"https:\/\/www.europesays.com\/es\/wp-json\/wp\/v2\/media?parent=23817"}],"wp:term":[{"taxonomy":"category","embeddable":true,"href":"https:\/\/www.europesays.com\/es\/wp-json\/wp\/v2\/categories?post=23817"},{"taxonomy":"post_tag","embeddable":true,"href":"https:\/\/www.europesays.com\/es\/wp-json\/wp\/v2\/tags?post=23817"}],"curies":[{"name":"wp","href":"https:\/\/api.w.org\/{rel}","templated":true}]}}