{"id":238181,"date":"2025-11-16T00:07:20","date_gmt":"2025-11-16T00:07:20","guid":{"rendered":"https:\/\/www.europesays.com\/es\/238181\/"},"modified":"2025-11-16T00:07:20","modified_gmt":"2025-11-16T00:07:20","slug":"de-la-fuente-tengo-la-suerte-de-dirigir-a-jugadores-de-una-dimension-historica","status":"publish","type":"post","link":"https:\/\/www.europesays.com\/es\/238181\/","title":{"rendered":"De la Fuente: \u00abTengo la suerte de dirigir a jugadores de una dimensi\u00f3n hist\u00f3rica\u00bb"},"content":{"rendered":"<p><a class=\"v-mdl-ath__fig-a\" href=\"https:\/\/www.elcorreo.com\/autor\/oscar-bellot-114.html\" title=\"\u00d3scar Bellot\" rel=\"nofollow noopener\" target=\"_blank\"><br \/>\n<img decoding=\"async\" class=\"v-mdl-ath__img\" src=\"https:\/\/www.europesays.com\/es\/wp-content\/uploads\/2025\/10\/autor-114-foto-2.jpeg\" alt=\"\u00d3scar Bellot\"\/><br \/>\n<\/a><\/p>\n<p class=\"v-mdl-ath__p v-mdl-ath__p--6\">\nS\u00e1bado, 15 de noviembre 2025, 20:51<\/p>\n<p>| Actualizado 21:43h.<\/p>\n<p class=\"v-p\">Luis de la Fuente volvi\u00f3 a poner en valor la tremenda calidad y el compromiso de los futbolistas de la selecci\u00f3n espa\u00f1ola al t\u00e9rmino de otro <a href=\"https:\/\/www.elcorreo.com\/deportes\/futbol\/seleccion-espanola\/espana-tritura-georgia-prepara-fiesta-sevilla-20251115200301-ntrc.html\" data-voc-vtm-id=\"in-text-traffic\" title=\"recital frente a Georgia\" rel=\"nofollow noopener\" target=\"_blank\">recital frente a Georgia<\/a> que sella el pase virtual de La Roja para el Mundial de 2026 cuando solo resta un partido para culminar una fase de clasificaci\u00f3n que hasta ahora est\u00e1 siendo impecable. \u00abTengo la suerte de dirigir a jugadores de esta dimensi\u00f3n, hist\u00f3rica, y queda mucho recorrido\u00bb, celebr\u00f3 el estratega riojano nada m\u00e1s concluir el choque disputado en Tiflis, que <a href=\"https:\/\/www.elcorreo.com\/deportes\/futbol\/seleccion-espanola\/seleccion-record-20251115202307-ntrc.html\" data-voc-vtm-id=\"in-text-traffic\" title=\"eleva a 30 la racha\" rel=\"nofollow noopener\" target=\"_blank\">eleva a 30 la racha<\/a> de encuentros consecutivos invicto que acumula el combinado que comanda, uno m\u00e1s que el registro que estableci\u00f3 en tiempos de Vicente del Bosque.<\/p>\n<p class=\"v-p\">\u00abSiento admiraci\u00f3n y orgullo de tener una generaci\u00f3n excepcional que lleva 30 partidos sin perder y superar una marca conseguida por los inolvidables jugadores que tuvimos entre el 2008 y el 2012. Nuestro objetivo es ser mejores cada d\u00eda y pensar en el Mundial\u00bb, abund\u00f3 el preparador de Haro en una rueda de prensa en la que, fiel a su car\u00e1cter, no quiso vender la piel del oso antes de cazarlo pese a que tendr\u00eda que producirse hecatombe impensable el martes en Sevilla para que Espa\u00f1a no certificase de forma directa su viaje hacia la Copa del Mundo que acoger\u00e1n Estados Unidos, M\u00e9xico y Canad\u00e1. \u00abPor respeto a los rivales hay que jugar el partido de Sevilla y hasta que no est\u00e9 la clasificaci\u00f3n matem\u00e1tica vamos a seguir igual\u00bb, argument\u00f3.<\/p>\n<p><a href=\"http:\/\/www.elcorreo.com\/deportes\/futbol\/seleccion-espanola\/espana-tritura-georgia-prepara-fiesta-sevilla-20251115200301-ntrc.html#vtm_modulosEngag=mod-rel:deportes:noticia:1:cmp:2-not\" class=\"v-a-link\" title=\"Espa\u00f1a tritura a Georgia y prepara la fiesta en Sevilla\" rel=\"nofollow noopener\" target=\"_blank\"><br \/>\n<img decoding=\"async\" loading=\"lazy\" class=\"v-a-img\" src=\"https:\/\/www.europesays.com\/es\/wp-content\/uploads\/2025\/11\/mikel-oyarzabal-kmK--366x256@RC.JPG\" alt=\"Espa\u00f1a tritura a Georgia y prepara la fiesta en Sevilla\"\/><br \/>\n<\/a><\/p>\n<p><a href=\"http:\/\/www.elcorreo.com\/deportes\/futbol\/seleccion-espanola\/seleccion-record-20251115202307-ntrc.html#vtm_modulosEngag=mod-rel:deportes:noticia:2:cmp:2-not\" class=\"v-a-link\" title=\"Una selecci\u00f3n de r\u00e9cord\" rel=\"nofollow noopener\" target=\"_blank\"><br \/>\n<img decoding=\"async\" loading=\"lazy\" class=\"v-a-img\" src=\"https:\/\/www.europesays.com\/es\/wp-content\/uploads\/2025\/11\/Clipboard-0117-kSxB--366x256@RC.jpg\" alt=\"Una selecci\u00f3n de r\u00e9cord\"\/><br \/>\n<\/a><\/p>\n<p class=\"v-p\">Volvi\u00f3 a ensalzar De la Fuente la uni\u00f3n que existe en el vestuario de la selecci\u00f3n espa\u00f1ola, a la que no le hacen mella las continuas bajas por lesi\u00f3n que sufre, un mal end\u00e9mico en el f\u00fatbol actual. \u00abEstamos muy contentos, felices por los que est\u00e1n y por los que nos han ayudado y no est\u00e1n aqu\u00ed por lesi\u00f3n. Estoy disfrutando mucho con este grupo de buenas personas que adem\u00e1s son los mejores jugadores del mundo. Y adem\u00e1s tenemos una cantera inagotable en Espa\u00f1a\u00bb, celebr\u00f3 el seleccionador, que traslad\u00f3 todo el m\u00e9rito por la impecable ruta hacia el Mundial que est\u00e1 completando Espa\u00f1a a sus futbolistas. \u00abDa gusto trabajar con ellos. Conocemos muy bien a los jugadores y sabemos los futbolistas que se pueden adaptar a esta idea. Hay otros que son muy buenos para jugar de otra manera, pero muchos en Espa\u00f1a para entender esta filosof\u00eda. Y ah\u00ed est\u00e1 nuestro m\u00e9rito. Quedar\u00eda muy bonito decir que esto lo he aprendido en Harvard, pero es m\u00e1s f\u00e1cil: los jugadores son muy buenos\u00bb, manifest\u00f3.<\/p>\n<p class=\"v-p\">Se refiri\u00f3, por \u00faltimo, al estado de <a href=\"https:\/\/www.elcorreo.com\/deportes\/futbol\/seleccion-espanola\/huijsen-causa-baja-ante-georgia-molestias-musculares-20251115162329-ntrc.html\" data-voc-vtm-id=\"in-text-traffic\" title=\"Dean Huijsen\" rel=\"nofollow noopener\" target=\"_blank\">Dean Huijsen<\/a>, quien caus\u00f3 baja frente a Georgia por problemas f\u00edsicos que ponen en seria duda su concurso el martes en Sevilla. Llueve sobre mojado tras lo sucedido con el Bar\u00e7a y Lamine Yamal, raz\u00f3n por la que De la Fuente subray\u00f3 que est\u00e1n en di\u00e1logo permanente con el Real Madrid a la hora de tomar la decisi\u00f3n de si el central se queda con Espa\u00f1a o regresa a la capital. \u00abTiene una ligera molestia. Hoy, la prioridad, como siempre, es cuidar al futbolista, lo hemos vuelto a demostrar. Estamos en perfecta comunicaci\u00f3n con los m\u00e9dicos del Real Madrid y hemos cre\u00eddo lo mejor que descansara. Ma\u00f1ana veremos c\u00f3mo est\u00e1 y valoraremos con nuestros servicios m\u00e9dicos y los del Madrid\u00bb, acot\u00f3.<\/p>\n<p>Reporta un error<\/p>\n","protected":false},"excerpt":{"rendered":"S\u00e1bado, 15 de noviembre 2025, 20:51 | Actualizado 21:43h. Luis de la Fuente volvi\u00f3 a poner en valor&hellip;\n","protected":false},"author":2,"featured_media":238182,"comment_status":"","ping_status":"","sticky":false,"template":"","format":"standard","meta":{"footnotes":""},"categories":[93],"tags":[168,25,24,6865,23,167],"class_list":{"0":"post-238181","1":"post","2":"type-post","3":"status-publish","4":"format-standard","5":"has-post-thumbnail","7":"category-deportes","8":"tag-deportes","9":"tag-es","10":"tag-espana","11":"tag-fuente","12":"tag-spain","13":"tag-sports"},"share_on_mastodon":{"url":"https:\/\/pubeurope.com\/@es\/115556467135164063","error":""},"_links":{"self":[{"href":"https:\/\/www.europesays.com\/es\/wp-json\/wp\/v2\/posts\/238181","targetHints":{"allow":["GET"]}}],"collection":[{"href":"https:\/\/www.europesays.com\/es\/wp-json\/wp\/v2\/posts"}],"about":[{"href":"https:\/\/www.europesays.com\/es\/wp-json\/wp\/v2\/types\/post"}],"author":[{"embeddable":true,"href":"https:\/\/www.europesays.com\/es\/wp-json\/wp\/v2\/users\/2"}],"replies":[{"embeddable":true,"href":"https:\/\/www.europesays.com\/es\/wp-json\/wp\/v2\/comments?post=238181"}],"version-history":[{"count":0,"href":"https:\/\/www.europesays.com\/es\/wp-json\/wp\/v2\/posts\/238181\/revisions"}],"wp:featuredmedia":[{"embeddable":true,"href":"https:\/\/www.europesays.com\/es\/wp-json\/wp\/v2\/media\/238182"}],"wp:attachment":[{"href":"https:\/\/www.europesays.com\/es\/wp-json\/wp\/v2\/media?parent=238181"}],"wp:term":[{"taxonomy":"category","embeddable":true,"href":"https:\/\/www.europesays.com\/es\/wp-json\/wp\/v2\/categories?post=238181"},{"taxonomy":"post_tag","embeddable":true,"href":"https:\/\/www.europesays.com\/es\/wp-json\/wp\/v2\/tags?post=238181"}],"curies":[{"name":"wp","href":"https:\/\/api.w.org\/{rel}","templated":true}]}}