{"id":238199,"date":"2025-11-16T00:28:09","date_gmt":"2025-11-16T00:28:09","guid":{"rendered":"https:\/\/www.europesays.com\/es\/238199\/"},"modified":"2025-11-16T00:28:09","modified_gmt":"2025-11-16T00:28:09","slug":"la-euskal-selekzioa-sella-un-triunfo-por-la-paz-de-palestina","status":"publish","type":"post","link":"https:\/\/www.europesays.com\/es\/238199\/","title":{"rendered":"La Euskal Selekzioa sella un triunfo por la paz de Palestina"},"content":{"rendered":"<p>\n        Tommie Smith y John Carlos alzaron el pu\u00f1o bien alto en M\u00e9xico\u201968. Jesse Owens se recre\u00f3 a los ojos del nazismo. Muhammad Ali, Billie Jean King, Megan Rapinoe&#8230; clamaron por los derechos ajenos, de los desfavorecidos. Son solo unos ejemplos de deportistas comprometidos. Entendieron el deporte como el altavoz para la denuncia de causas injustas, para la reivindicaci\u00f3n, como un constructor de paz. Porque el deporte es un lenguaje universal que no encuentra fronteras f\u00edsicas ni de idiomas. El eco de su impacto resuena de por vida. <strong>La Federaci\u00f3n Vasca de F\u00fatbol y su <\/strong><a href=\"https:\/\/www.deia.eus\/tags\/euskal-selekzioa\/\" title=\"Euskal Selekzioa\" class=\"link copy\" rel=\"nofollow noopener\" target=\"_blank\"><strong>Euskal Selekzioa<\/strong><\/a><strong>, como portavoces del pueblo vasco, adoptaron el f\u00fatbol como canal para la concienciaci\u00f3n social, para la solidaridad, para recordar que <\/strong><a href=\"https:\/\/www.deia.eus\/tags\/palestina\/\" title=\"Palestina\" class=\"link copy\" rel=\"nofollow noopener\" target=\"_blank\"><strong>Palestina<\/strong><\/a><strong> es una naci\u00f3n sometida a un genocidio<\/strong> sinsentido a trav\u00e9s de un partido amistoso en el que el resultado era lo de menos. Porque <strong>el \u00e9xito ya estaba garantizado antes de echar a rodar el bal\u00f3n<\/strong>, sin ganadores ni perdedores. <strong>Hab\u00eda vencido el clamor por la paz y la libertad<\/strong>. P\u00e1ginas para la historia.\n<\/p>\n<p class=\"article-body__text \">\n        Con <strong>un <\/strong><a href=\"https:\/\/www.deia.eus\/tags\/san-mames\/\" title=\"San Mam\u00e9s\" class=\"link copy\" rel=\"nofollow noopener\" target=\"_blank\"><strong>San Mam\u00e9s<\/strong><\/a><strong> casi lleno hasta la bandera<\/strong>, lo que daba cuenta de la trascendencia de la cita, con cifra r\u00e9cord de asistencia en un partido de la Euskal Selekzioa ejerciendo como local, la pelota se movi\u00f3 al son de la esperanza. <strong>Palestina, que por primera vez disputaba un partido en Europa<\/strong>, cuna del f\u00fatbol, admiti\u00f3 su inferioridad ante el cuadro vasco, la que marcan las fr\u00edas estad\u00edsticas, pero tambi\u00e9n anticip\u00f3 que su coraz\u00f3n estaba ardiente por rayar a un digno nivel, con <strong>el est\u00edmulo de la repercusi\u00f3n mundial del duelo<\/strong>. El mundo miraba atento hacia La Catedral, donde Los leones de Cana\u00e1n quer\u00edan disfrutar como lo hacen los leones que habitualmente habitan esos lares.\n<\/p>\n<p class=\"article-photo__footer\">\n            Los jugadores de Palestina saludan a los de la Euskal Selekzioa y les hacen entrega de pa\u00f1uelos palestinos.            Oskar Gonz\u00e1lez        <\/p>\n<p>  La Euskal Selekzioa se adelanta en los primeros compases<\/p>\n<p class=\"article-body__text \">\n        Sin embargo, <strong>esos deseos chocaron contra la realidad de un f\u00fatbol superior<\/strong>. Pronto se pudo observar la posici\u00f3n de Palestina en el ranking mundial de la <a href=\"https:\/\/www.deia.eus\/tags\/fifa\/\" title=\"FIFA\" class=\"link copy\" rel=\"nofollow noopener\" target=\"_blank\">FIFA<\/a> (98), ese en el que la Euskal Selekzioa no figura y por la que lucha. <strong>El conjunto de Jagoba Arrasate, con 22 efectivos disponibles<\/strong>, comenz\u00f3 el encuentro con un dominio que se plasm\u00f3 cuando el encuentro a\u00fan se desperezaba, en el minuto 4. Kike Barja lanz\u00f3 un preciso saque de esquina que<strong> Elgezabal remat\u00f3 con un poderoso cabezazo<\/strong>.\n<\/p>\n<p class=\"article-body__text \">\n        <strong>La tropa de Ehab Abu Jazar trat\u00f3 de protegerse desde el primer instante<\/strong>, cerrando filas, con un bloque bajo a la espera de las incursiones vascas, que se produc\u00edan con especial incidencia por la banda izquierda, donde Aihen y Kike Barja encontraron un fil\u00f3n. Pero fueron<strong> los palestinos quienes pudieron ver porter\u00eda tras un contragolpe <\/strong>que resolvi\u00f3 Zubeldia cuando Qunbar se dispon\u00eda a perfilarse en solitario hacia la meta defendida por Aitor Fern\u00e1ndez. El central de la Real Sociedad sali\u00f3 al corte y se jug\u00f3 la cartulina roja al ser el \u00faltimo defensor.\n<\/p>\n<p>  Palestina da un paso adelante<\/p>\n<p class=\"article-body__text \">\n        Palestina cobr\u00f3 confianza. Acto seguido, Seyam recuper\u00f3 la pelota cerca del c\u00f3rner y puso un centro que ocasion\u00f3 una doble ocasi\u00f3n. <strong>El plantel visitante daba sentido a su plan. Perd\u00eda el respeto y buscaba la heroica.<\/strong> El encuentro se hab\u00eda equilibrado. Pero el conjunto vasco, pese a encontrar dificultades en la elaboraci\u00f3n, volvi\u00f3 a gozar de una clara ocasi\u00f3n, esta vez con un disparo de Kike Barja que ataj\u00f3 con problemas Hamada.\n<\/p>\n<p class=\"article-body__text \">\n        <strong>El partido adquiri\u00f3 un ritmo fren\u00e9tico, caracterizado por la verticalidad en el juego de ambas selecciones<\/strong>. Como Palestina entreg\u00f3 las bandas para reducir los espacios interiores, la Euskal Selekzioa gozaba de pasillos para aproximar el esf\u00e9rico a zonas de ataque. Hugo Rinc\u00f3n, ubicado como referencia ofensiva en la banda derecha, adquiri\u00f3 protagonismo por sus incisiones.\n<\/p>\n<blockquote class=\"twitter-tweet\" data-lang=\"es\" wp_automatic_readability=\"5.0909090909091\">\n<p lang=\"eu\" dir=\"ltr\">5\ufe0f\u20e31\ufe0f\u20e3.3\ufe0f\u20e39\ufe0f\u20e36\ufe0f\u20e3 eztarri gure selekzioa babesten!!<\/p>\n<p>51.396 bihotz gure nortasuna erakusten!!<a href=\"https:\/\/twitter.com\/hashtag\/BatzenGaituelako?src=hash&amp;ref_src=twsrc%5Etfw\" rel=\"nofollow noopener\" target=\"_blank\">#BatzenGaituelako<\/a> <a href=\"https:\/\/t.co\/kCxpJBZzgw\" rel=\"nofollow\">pic.twitter.com\/kCxpJBZzgw<\/a><\/p>\n<p>\u2014 Euskadiko Futbol Federakundea &#8211; Federaci\u00f3n Vasca (@EFF_FVF) <a href=\"https:\/\/twitter.com\/EFF_FVF\/status\/1989798938426462307?ref_src=twsrc%5Etfw\" rel=\"nofollow noopener\" target=\"_blank\">15 de noviembre de 2025<\/a><\/p><\/blockquote>\n<p>  Segundo gol a bal\u00f3n parado<\/p>\n<p class=\"article-body__text \">\n        Guridi busc\u00f3 la red tras sortear a varios rivales. Los pupilos de Arrasate recuperaron el control de la situaci\u00f3n mientras la grada entonaba al un\u00edsono el Txoria txori.<strong> La fiesta no se deten\u00eda en la grada<\/strong>. Sobre el c\u00e9sped, Guruzeta y Rinc\u00f3n pudieron ampliar el marcador. Si bien, el bloque vasco no lograba dise\u00f1ar ocasiones claras. De hecho, el segundo gol lleg\u00f3 gracias a un penalti cometido por Wajdi sobre Rinc\u00f3n. <strong>Guruzeta ampli\u00f3 la ventaja desde los once metros<\/strong>. El bal\u00f3n parado otorg\u00f3 de nuevo el bot\u00edn. M\u00e1s que de fluidez, el juego era de v\u00e9rtigo.\n<\/p>\n<p class=\"article-body__text \">\n        Arrasate, con el encuentro encarrilado, realiz\u00f3 seis cambios en el descanso. Abu Jazar complet\u00f3 tres sustituciones. <strong>La frescura dio nuevos matices de intensidad en el comienzo del segundo acto.<\/strong> El ritmo se manten\u00eda elevado.\n<\/p>\n<p class=\"article-body__text \">\n        Guruzeta fall\u00f3 un testarazo a bocajarro cuando se acercaba la hora de partido. Era, hasta el momento, la ocasi\u00f3n m\u00e1s n\u00edtida del partido.<strong> Volv\u00eda a sufrir Palestina, que no lograba estirarse<\/strong>. El despliegue era obra de los vascos, que segu\u00edan extendiendo las alas por los costados. El bando visitante s\u00ed proyectaba s\u00edntomas de fatiga. No era capaz de mantener la presi\u00f3n de la primera mitad. Ya no mord\u00eda, sino que aguardaba agazapado.<strong> El bal\u00f3n ten\u00eda due\u00f1o. La jerarqu\u00eda era evidente.<\/strong>\n<\/p>\n<p class=\"article-photo__footer\">\n            Las gradas se volcaron con el encuentro entre la Euskal Selekzioa y Palestina en San Mam\u00e9s.            Oskar Gonz\u00e1lez        <\/p>\n<p>  <strong>Izeta cierra el marcador<\/strong><\/p>\n<p class=\"article-body__text \">\n        Aunque <strong>la Euskal Selekzioa manten\u00eda con comodidad la posesi\u00f3n, pec\u00f3 de exceso de precipitaciones<\/strong>. A medida que esta hist\u00f3rica cita se embocaba hacia su final, la pausa fue creciendo. El duelo fue perdiendo tensi\u00f3n. El trabajo estaba encarrilado. Pero los reci\u00e9n incorporados siempre anhelan su momento de gloria. Lo obtuvo<strong> Izeta, que aprovech\u00f3 la asistencia de Gorosabel para ampliar la diferencia<\/strong>, algo que tambi\u00e9n busc\u00f3 Nico Serrano con \u00edmpetu aunque sin \u00e9xito.\u00a0\n<\/p>\n<p class=\"article-body__text \">\n        La Euskal Selekzioa levant\u00f3 el pie del acelerador. <strong>El marcador qued\u00f3 congelado con el 3-0<\/strong>. Fin a un nuevo episodio de la reivindicaci\u00f3n por la oficialidad de la selecci\u00f3n vasca en un d\u00eda en el que <strong>prevaleci\u00f3 por encima de todo el car\u00e1cter solidario por la causa Palestina<\/strong>. <strong>Lo sucedido en <\/strong><a href=\"https:\/\/www.deia.eus\/tags\/san-mames\/\" title=\"San Mam\u00e9s\" class=\"link copy\" rel=\"nofollow noopener\" target=\"_blank\"><strong>San Mam\u00e9s<\/strong><\/a><strong> fue una victoria, un triunfo por la paz.<\/strong> Historia del deporte.\n<\/p>\n<p class=\"article-body__text \">\n        <strong>FICHA T\u00c9CNICA<\/strong>\n<\/p>\n<p class=\"article-body__text \">\n        <strong>EUSKAL SELEKZIOA:<\/strong> Aitor Fern\u00e1ndez, \u00c1lvaro N\u00fa\u00f1ez, Zubeldia, Elgezabal, Aihen Mu\u00f1oz, Jauregizar, Gorrotxategi, Hugo Rinc\u00f3n, Guridi, Kike Barja y Guruzeta. Tambi\u00e9n jugaron Marrero, Gorosabel, Unai Garc\u00eda, Guevara, Nico Serrano, Pablo Ib\u00e1\u00f1ez, Lekue, Ruiz de Galarreta, Zarraga, Herrando e Izeta.\n<\/p>\n<p class=\"article-body__text \">\n        <strong>PALESTINA:<\/strong> Hamada, Wajdi, Hamed, Sawafta, Mahajneh, Battat, Hamdan, Alnabrisi, Qunbar, Al Quaq y Seyam. Tambi\u00e9n jugaron Yassin, El Haija, Kharoub, Abuwarda, Alqaq, Alghoul, Mousa, Taha, Termani, Saba, Rabei y Zeidan.\n<\/p>\n<p class=\"article-body__text \">\n        <strong>Goles:<\/strong> 1-0: Min. 4; Elgezabal. 2-0: Min. 43, Guruzeta, de penalti. 3-0: Min. 76; Izeta.\n<\/p>\n<p class=\"article-body__text \">\n        <strong>\u00c1rbitro: <\/strong>Jon Ander Gonz\u00e1lez Esteban. Sin amonestaciones.\n<\/p>\n<p class=\"article-body__text \">\n        <strong>Incidencias: <\/strong>Encuentro amistoso disputado en San Mam\u00e9s ante 51.396 espectadores. Se guard\u00f3 un minuto de silencio en memoria de las personas fallecidas en Gaza. Tambi\u00e9n se record\u00f3 el reci\u00e9n fallecido Xabier Azkargorta.\n<\/p>\n<p>            <script async src=\"https:\/\/platform.twitter.com\/widgets.js\" charset=\"utf-8\"><\/script><\/p>\n","protected":false},"excerpt":{"rendered":"Tommie Smith y John Carlos alzaron el pu\u00f1o bien alto en M\u00e9xico\u201968. Jesse Owens se recre\u00f3 a los&hellip;\n","protected":false},"author":2,"featured_media":238200,"comment_status":"","ping_status":"","sticky":false,"template":"","format":"standard","meta":{"footnotes":""},"categories":[268],"tags":[168,25,24,15668,280,282,11506,3649,19022,60399,16719,281,23,167,2886],"class_list":{"0":"post-238199","1":"post","2":"type-post","3":"status-publish","4":"format-standard","5":"has-post-thumbnail","7":"category-futbol","8":"tag-deportes","9":"tag-es","10":"tag-espana","11":"tag-euskal","12":"tag-football","13":"tag-futbol","14":"tag-paz","15":"tag-reivindicacion","16":"tag-selecciones","17":"tag-selekzioa","18":"tag-sella","19":"tag-soccer","20":"tag-spain","21":"tag-sports","22":"tag-triunfo"},"share_on_mastodon":{"url":"https:\/\/pubeurope.com\/@es\/115556549002435452","error":""},"_links":{"self":[{"href":"https:\/\/www.europesays.com\/es\/wp-json\/wp\/v2\/posts\/238199","targetHints":{"allow":["GET"]}}],"collection":[{"href":"https:\/\/www.europesays.com\/es\/wp-json\/wp\/v2\/posts"}],"about":[{"href":"https:\/\/www.europesays.com\/es\/wp-json\/wp\/v2\/types\/post"}],"author":[{"embeddable":true,"href":"https:\/\/www.europesays.com\/es\/wp-json\/wp\/v2\/users\/2"}],"replies":[{"embeddable":true,"href":"https:\/\/www.europesays.com\/es\/wp-json\/wp\/v2\/comments?post=238199"}],"version-history":[{"count":0,"href":"https:\/\/www.europesays.com\/es\/wp-json\/wp\/v2\/posts\/238199\/revisions"}],"wp:featuredmedia":[{"embeddable":true,"href":"https:\/\/www.europesays.com\/es\/wp-json\/wp\/v2\/media\/238200"}],"wp:attachment":[{"href":"https:\/\/www.europesays.com\/es\/wp-json\/wp\/v2\/media?parent=238199"}],"wp:term":[{"taxonomy":"category","embeddable":true,"href":"https:\/\/www.europesays.com\/es\/wp-json\/wp\/v2\/categories?post=238199"},{"taxonomy":"post_tag","embeddable":true,"href":"https:\/\/www.europesays.com\/es\/wp-json\/wp\/v2\/tags?post=238199"}],"curies":[{"name":"wp","href":"https:\/\/api.w.org\/{rel}","templated":true}]}}