{"id":238211,"date":"2025-11-16T00:37:13","date_gmt":"2025-11-16T00:37:13","guid":{"rendered":"https:\/\/www.europesays.com\/es\/238211\/"},"modified":"2025-11-16T00:37:13","modified_gmt":"2025-11-16T00:37:13","slug":"la-cantante-rosalia-se-convierte-en-foco-de-conflicto-politico-entre-sanchez-y-podemos","status":"publish","type":"post","link":"https:\/\/www.europesays.com\/es\/238211\/","title":{"rendered":"La cantante Rosal\u00eda se convierte en foco de conflicto pol\u00edtico entre S\u00e1nchez y Podemos"},"content":{"rendered":"<p>Cuenta el presidente del Gobierno, <strong><a href=\"https:\/\/theobjective.com\/etiqueta\/pedro-sanchez\/\" rel=\"nofollow noopener\" target=\"_blank\">Pedro S\u00e1nchez<\/a><\/strong>, que decidi\u00f3 interrumpir su fren\u00e9tica agenda institucional para <a href=\"https:\/\/theobjective.com\/cultura\/musica\/2025-11-13\/sanchez-rne-disco-rosalia\/\" rel=\"nofollow noopener\" target=\"_blank\">escuchar \u00abdel tir\u00f3n\u00bb<\/a> el \u00faltimo \u00e1lbum musical de <strong><a href=\"https:\/\/theobjective.com\/etiqueta\/rosalia\/\" rel=\"nofollow noopener\" target=\"_blank\">Rosal\u00eda<\/a><\/strong>, Lux. \u00abUna maravilla\u00bb, coment\u00f3 en una reciente entrevista concedida a la emisora Radio 3, a la que acudi\u00f3 el pasado jueves luciendo un estilo juvenil como parte de una operaci\u00f3n de marketing que busca acercarle a los j\u00f3venes. Algo no muy alejado de lo que hizo en la campa\u00f1a de las generales de 2023, cuando acudi\u00f3 al estudio de grabaci\u00f3n de dos j\u00f3venes podcasteros para buscar una imagen m\u00e1s cercana a los votantes. Con la mirada puesta en el voto joven, S\u00e1nchez ha aprovechado la salida del \u00e1lbum de Rosal\u00eda para renovar su figura pol\u00edtica, y este detalle no ha pasado inadvertido a otros partidos de izquierda, entre ellos<strong> Podemos<\/strong>.<\/p>\n<p>Los morados analizan de cerca los movimientos del presidente del Gobierno. La c\u00fapula del partido quiere estar preparada en caso de un <strong>adelanto electoral<\/strong>. <strong><a href=\"https:\/\/theobjective.com\/etiqueta\/pablo-iglesias\/\" rel=\"nofollow noopener\" target=\"_blank\">Pablo Iglesias<\/a><\/strong>, formalmente fuera de la c\u00fapula nacional de Podemos pero de facto uno de los referentes del espacio, avis\u00f3 a los suyos hace meses. Irene Montero declar\u00f3 recientemente que la legislatura hab\u00eda \u00abmuerto\u00bb despu\u00e9s del plant\u00f3n de Junts per Catalunya. Y aunque ahora ha sorprendido el dictamen de la abogac\u00eda europea sobre la amnist\u00eda, los morados siguen considerando que, con el debate presupuestario atascado, la Moncloa podr\u00eda apretar pronto el bot\u00f3n de las elecciones.<\/p>\n<p>Por eso analizan los movimientos de la Moncloa en lo que puede adscribirse a la \u00abbatalla cultural\u00bb para la proyecci\u00f3n del presidente. Y en este sector ha llamado la atenci\u00f3n que Rosal\u00eda acudiera esta semana al plat\u00f3 de La Revuelta, que se emite en TVE1 por la noche. Su presencia no ha sido lo que m\u00e1s ha sorprendido a los morados, sino la bienvenida del presentador <strong>David Broncano<\/strong>, acompa\u00f1ado por algunos de los referentes que en Podemos consideran de \u00e1rea socialista, como el cineasta <strong>Pedro Almod\u00f3var<\/strong>, la exalcaldesa <strong>Manuela Carmena<\/strong>, los integrantes de Estopa, el guionista <strong>Javier Calvo<\/strong> y la actriz <strong>Carmen Machi<\/strong>. Todos considerados como afines a S\u00e1nchez, y que en Podemos califican de <strong>\u00abaquelarre socialista\u00bb<\/strong> para ironizar sobre el recibimiento a Rosal\u00eda en el programa.<\/p>\n<blockquote class=\"twitter-tweet\" data-width=\"550\" data-dnt=\"true\">\n<p lang=\"es\" dir=\"ltr\">Nuestros adorables vecinos \u2764\ufe0f<\/p>\n<p>Gracias a<br \/>Pedro Almod\u00f3var<br \/>Alexia Putellas <br \/>Manuela Carmena <br \/>Maria Escot\u00e9 <br \/>Javi Calvo <br \/>Joan Pradells <br \/>La Zowi <br \/>Carmen Machi <br \/>Estopa <\/p>\n<p>y a todos sus maravillosos equipos por haber ayudado tant\u00edsimo y haber hecho posible el d\u00eda de hoy. <\/p>\n<p>Gracias \ud83d\udc4f <a href=\"https:\/\/t.co\/12rKnuMX2S\" rel=\"nofollow\">pic.twitter.com\/12rKnuMX2S<\/a><\/p>\n<p>\u2014 La Revuelta (@LaRevuelta_TVE) <a href=\"https:\/\/twitter.com\/LaRevuelta_TVE\/status\/1987989770870353962?ref_src=twsrc%5Etfw\" rel=\"nofollow noopener\" target=\"_blank\">November 10, 2025<\/a><\/p><\/blockquote>\n<p>Batalla cultural y b\u00fasqueda de focos<\/p>\n<p>Desde el sector morado se han ido dando a lo largo de estos d\u00edas lecturas divergentes sobre el nuevo \u00e1lbum de la cantante. Mientras que S\u00e1nchez lo considera una \u00abmaravilla\u00bb y aprovecha la entrevista en Radio 3 para lanzar una campa\u00f1a en la red social TikTok, algunos referentes del espacio morado han calificado el \u00e1lbum de <strong>\u00abconservador\u00bb.<\/strong> As\u00ed lo ha definido, por ejemplo, <a href=\"https:\/\/www.youtube.com\/watch?v=lk1iNAHoBuM\" target=\"_blank\" rel=\"noreferrer noopener nofollow\">Laura Arroyo<\/a>, una de las presentadoras del canal de Iglesias, que recientemente ha afirmado en varios espacios que <strong>el nuevo \u00e1lbum de la cantante le suena m\u00e1s a una proclama conservadora que a un himno progresista.<\/strong><\/p>\n<p><img fetchpriority=\"high\" decoding=\"async\" width=\"1024\" height=\"576\" src=\"https:\/\/www.europesays.com\/es\/wp-content\/uploads\/2025\/11\/rosalia-broncano-1024x576.jpg\" alt=\"Rosal\u00eda con el presentador David Broncano\" class=\"wp-image-3831663\"  \/><\/p>\n<p>Arroyo no cuestiona el estilo musical o su calidad, sino las letras del \u00e1lbum, y el mensaje que transmite. \u00abHe hecho un an\u00e1lisis, adem\u00e1s largo, todas son duales, todas son binaristas, todas entran dentro del <strong>esquema conservador<\/strong>, el bien y el mal, el mundo del caos, el mundo terrenal\u00bb, sostuvo la periodista de referencia del Canal Red en una reciente entrevista en el programa En boca de todos. Arroyo es una de las periodistas m\u00e1s conocidas del Canal Red, y por ende una referente del espacio de Podemos. Colabora tras un acuerdo del partido con el Gobierno en las tertulias televisivas de TVE, y en su reflexi\u00f3n vincula el nuevo \u00e1lbum de Rosal\u00eda a cuestiones y conceptos de corte conservadores.<\/p>\n<p>Mensaje conservador<\/p>\n<p>Para Arroyo, la cuesti\u00f3n de las letras del \u00e1lbum de Rosal\u00eda es que en lugar que proyectar una idea de empoderamiento o reivindicaci\u00f3n juvenil, lo que predica es sustancialmente la <strong>resignaci\u00f3n<\/strong>, al tiempo que coloca la redenci\u00f3n social en el \u00e1mbito del m\u00e1s all\u00e1. La idea de fondo es que en un momento de dificultad juvenil por la situaci\u00f3n econ\u00f3mica y social en muchos pa\u00edses occidentales, entre ellos Espa\u00f1a, el \u00e1lbum no plantea una voluntad de lucha por los derechos o la mejora de los mismos, sino una sustancial <strong>rendici\u00f3n ante los acontecimientos<\/strong> que se enmarcar\u00eda en una <a href=\"https:\/\/x.com\/CanalRed_TV\/status\/1988946535808413966\" target=\"_blank\" rel=\"noreferrer noopener nofollow\">l\u00f3gica cristiano-conservadora<\/a>.<\/p>\n<p>Otros referentes de Podemos en las redes sociales han respaldado la reflexi\u00f3n de Arroyo y han llegado a conclusiones parecidas. Fuentes del partido morado creen que la formaci\u00f3n ha querido entrar en el debate sobre el \u00e1lbum de Rosal\u00eda por dos razones. La primera es<strong> ganar visibilidad <\/strong>con posiciones cr\u00edticas sobre un asunto que tiene una relevancia incluso mundial. Y la segunda es desmarcarse del PSOE y reivindicar una <strong>posici\u00f3n propia y diferente<\/strong> de S\u00e1nchez (y, por lo tanto, de Sumar) tambi\u00e9n en el \u00e1mbito musical.<\/p>\n<p>Seg\u00fan estas fuentes, los morados usan a Rosal\u00eda para desenmascarar el plan electoral de S\u00e1nchez, que quiere acercarse a los j\u00f3venes \u2014o \u00abhumanizarse\u00bb\u2014 y al mismo tiempo reivindicar su factor diferencial en el \u00e1mbito estrictamente cultural. Podemos no quiere limitar su actividad a la vida parlamentaria y se lanza as\u00ed a una \u00abbatalla cultural\u00bb de nuevo cu\u00f1o contra el PSOE, desde las cr\u00edticas por sus enfoques sobre la <strong>vivienda, las armas y la inmigraci\u00f3n<\/strong> hasta la valoraci\u00f3n del nuevo \u00e1lbum de Rosal\u00eda.<\/p>\n<p>                                                    <script async src=\"https:\/\/platform.twitter.com\/widgets.js\" charset=\"utf-8\"><\/script><\/p>\n","protected":false},"excerpt":{"rendered":"Cuenta el presidente del Gobierno, Pedro S\u00e1nchez, que decidi\u00f3 interrumpir su fren\u00e9tica agenda institucional para escuchar \u00abdel tir\u00f3n\u00bb&hellip;\n","protected":false},"author":2,"featured_media":238212,"comment_status":"","ping_status":"","sticky":false,"template":"","format":"standard","meta":{"footnotes":""},"categories":[91],"tags":[146,147,25,24,5966,1699,54763,23,61576],"class_list":{"0":"post-238211","1":"post","2":"type-post","3":"status-publish","4":"format-standard","5":"has-post-thumbnail","7":"category-entretenimiento","8":"tag-entertainment","9":"tag-entretenimiento","10":"tag-es","11":"tag-espana","12":"tag-pedro-su00e1nchez","13":"tag-psoe","14":"tag-rosalu00eda","15":"tag-spain","16":"tag-unidas-podemos"},"share_on_mastodon":{"url":"https:\/\/pubeurope.com\/@es\/115556584762802227","error":""},"_links":{"self":[{"href":"https:\/\/www.europesays.com\/es\/wp-json\/wp\/v2\/posts\/238211","targetHints":{"allow":["GET"]}}],"collection":[{"href":"https:\/\/www.europesays.com\/es\/wp-json\/wp\/v2\/posts"}],"about":[{"href":"https:\/\/www.europesays.com\/es\/wp-json\/wp\/v2\/types\/post"}],"author":[{"embeddable":true,"href":"https:\/\/www.europesays.com\/es\/wp-json\/wp\/v2\/users\/2"}],"replies":[{"embeddable":true,"href":"https:\/\/www.europesays.com\/es\/wp-json\/wp\/v2\/comments?post=238211"}],"version-history":[{"count":0,"href":"https:\/\/www.europesays.com\/es\/wp-json\/wp\/v2\/posts\/238211\/revisions"}],"wp:featuredmedia":[{"embeddable":true,"href":"https:\/\/www.europesays.com\/es\/wp-json\/wp\/v2\/media\/238212"}],"wp:attachment":[{"href":"https:\/\/www.europesays.com\/es\/wp-json\/wp\/v2\/media?parent=238211"}],"wp:term":[{"taxonomy":"category","embeddable":true,"href":"https:\/\/www.europesays.com\/es\/wp-json\/wp\/v2\/categories?post=238211"},{"taxonomy":"post_tag","embeddable":true,"href":"https:\/\/www.europesays.com\/es\/wp-json\/wp\/v2\/tags?post=238211"}],"curies":[{"name":"wp","href":"https:\/\/api.w.org\/{rel}","templated":true}]}}