{"id":238215,"date":"2025-11-16T00:40:11","date_gmt":"2025-11-16T00:40:11","guid":{"rendered":"https:\/\/www.europesays.com\/es\/238215\/"},"modified":"2025-11-16T00:40:11","modified_gmt":"2025-11-16T00:40:11","slug":"la-sede-de-la-cadena-francesa-bfmtv-en-paris-evacuada-temporalmente-por-una-amenaza-de-bomba-ya-neutralizada","status":"publish","type":"post","link":"https:\/\/www.europesays.com\/es\/238215\/","title":{"rendered":"La sede de la cadena francesa BFMTV en Par\u00eds, evacuada temporalmente por una amenaza de bomba ya neutralizada"},"content":{"rendered":"<p class=\"article-text\">\n        La sede de la televisi\u00f3n privada francesa BFM TV en Par\u00eds ha sido desalojada este s\u00e1bado por motivos de seguridad por la Gendarmer\u00eda francesa. Las emisiones de la televisi\u00f3n se han visto interrumpidas temporalmente mientras los especialistas en desactivaci\u00f3n de explosivos de la polic\u00eda trabajaban en el interior del edificio.\n    <\/p>\n<p class=\"article-text\">\n        La amenaza de bomba ha finalizado minutos antes de las 18.00 horas de la tarde <a href=\"https:\/\/x.com\/BFMTV\/status\/1989739161453269297?s=20\" target=\"_blank\" data-mrf-recirculation=\"links-noticia\" class=\"link\" rel=\"nofollow\">seg\u00fan ha informado la cadena de televisi\u00f3n en la red social X<\/a>. BFM TV ha comunicado que las emisiones tanto de la cadena de televisi\u00f3n como de su emisora de radio se recuperar\u00e1n de forma progresiva y seg\u00fan han explicado posteriormente se tratar\u00eda de una falsa alarma.\n    <\/p>\n<p class=\"article-text\">\n        Sobre las 16.20 horas, la cadena informaba en la misma red social de la evacuaci\u00f3n preventiva de sus instalaciones en la capital de Francia y de que se hab\u00eda visto obligada a interrumpir la programaci\u00f3n tanto televisiva como radiof\u00f3nica.\n    <\/p>\n<p class=\"article-text\">\n        Los periodistas de la cadena han informado posteriormente tras recuperar la conexi\u00f3n de c\u00f3mo, tras recibir una amenaza de bomba, han trasladado los hechos a los gendarmes y ha sido la polic\u00eda francesa la que, despu\u00e9s de considerar la amenaza como cre\u00edble, ha decidido evacuar la sede de la cadena de televisi\u00f3n y sus alrededores, lo que ha obligado incluso a detener el servicio de tranv\u00eda.\n    <\/p>\n","protected":false},"excerpt":{"rendered":"La sede de la televisi\u00f3n privada francesa BFM TV en Par\u00eds ha sido desalojada este s\u00e1bado por motivos&hellip;\n","protected":false},"author":2,"featured_media":238216,"comment_status":"","ping_status":"","sticky":false,"template":"","format":"standard","meta":{"footnotes":""},"categories":[42],"tags":[4213,61577,4574,17,18,19680,17340,13,14,1751,11,61,62,63,64,19,20,9,10,15,16,4759,4569,12,21,22,65,66,67],"class_list":{"0":"post-238215","1":"post","2":"type-post","3":"status-publish","4":"format-standard","5":"has-post-thumbnail","7":"category-internacional","8":"tag-amenaza","9":"tag-bfmtv","10":"tag-bomba","11":"tag-breaking-news","12":"tag-breakingnews","13":"tag-cadena","14":"tag-evacuada","15":"tag-featured-news","16":"tag-featurednews","17":"tag-francesa","18":"tag-headlines","19":"tag-internacional","20":"tag-international","21":"tag-international-news","22":"tag-internationalnews","23":"tag-latest-news","24":"tag-latestnews","25":"tag-news","26":"tag-noticias","27":"tag-noticias-destacadas","28":"tag-noticiasdestacadas","29":"tag-paris","30":"tag-sede","31":"tag-titulares","32":"tag-ultimas-noticias","33":"tag-ultimasnoticias","34":"tag-world","35":"tag-world-news","36":"tag-worldnews"},"share_on_mastodon":{"url":"https:\/\/pubeurope.com\/@es\/115556596261998814","error":""},"_links":{"self":[{"href":"https:\/\/www.europesays.com\/es\/wp-json\/wp\/v2\/posts\/238215","targetHints":{"allow":["GET"]}}],"collection":[{"href":"https:\/\/www.europesays.com\/es\/wp-json\/wp\/v2\/posts"}],"about":[{"href":"https:\/\/www.europesays.com\/es\/wp-json\/wp\/v2\/types\/post"}],"author":[{"embeddable":true,"href":"https:\/\/www.europesays.com\/es\/wp-json\/wp\/v2\/users\/2"}],"replies":[{"embeddable":true,"href":"https:\/\/www.europesays.com\/es\/wp-json\/wp\/v2\/comments?post=238215"}],"version-history":[{"count":0,"href":"https:\/\/www.europesays.com\/es\/wp-json\/wp\/v2\/posts\/238215\/revisions"}],"wp:featuredmedia":[{"embeddable":true,"href":"https:\/\/www.europesays.com\/es\/wp-json\/wp\/v2\/media\/238216"}],"wp:attachment":[{"href":"https:\/\/www.europesays.com\/es\/wp-json\/wp\/v2\/media?parent=238215"}],"wp:term":[{"taxonomy":"category","embeddable":true,"href":"https:\/\/www.europesays.com\/es\/wp-json\/wp\/v2\/categories?post=238215"},{"taxonomy":"post_tag","embeddable":true,"href":"https:\/\/www.europesays.com\/es\/wp-json\/wp\/v2\/tags?post=238215"}],"curies":[{"name":"wp","href":"https:\/\/api.w.org\/{rel}","templated":true}]}}