{"id":238221,"date":"2025-11-16T00:47:11","date_gmt":"2025-11-16T00:47:11","guid":{"rendered":"https:\/\/www.europesays.com\/es\/238221\/"},"modified":"2025-11-16T00:47:11","modified_gmt":"2025-11-16T00:47:11","slug":"alcaraz-contra-sinner-una-final-magistral-coronara-al-maestro-del-circuito","status":"publish","type":"post","link":"https:\/\/www.europesays.com\/es\/238221\/","title":{"rendered":"Alcaraz contra Sinner, una final magistral coronar\u00e1 al maestro del circuito"},"content":{"rendered":"<p data-mrf-recirculation=\"Links P\u00e1rrafos\" class=\"ue-c-article__paragraph paragraph ue-c-article--first-letter-highlighted\"><strong>El Cl\u00e1sico de los domingos<\/strong>, por mucho que en Cincinnati jugaron por el t\u00edtulo un lunes y en Pek\u00edn un mi\u00e9rcoles, se repite en las final de las ATP Finals que se celebran por quinto a\u00f1o en en Inalpi Arena de Tur\u00edn. <strong>Carlos Alcaraz contra Jannik Sinner, el primero frente al segundo del ranking<\/strong>. Los dos tenistas que se han repartido a partes iguales los ocho \u00faltimo t\u00edtulos del Grand Slam y que han ganado esta temporada los siete torneos en los que han coincidido en el cuadro.<\/p>\n<p data-mrf-recirculation=\"Links P\u00e1rrafos\" class=\"ue-c-article__paragraph paragraph\"><strong>Sinner juega en casa y en su guarida<\/strong>: ha decantado a su favor los \u00faltimos 30 partidos en superficie dua bajo techo, la quinta mejor marca de la Era Open.\u00a0<\/p>\n<p data-mrf-recirculation=\"Links P\u00e1rrafos\" class=\"ue-c-article__paragraph paragraph\"><strong>En ese h\u00e1bitat presenta su mejor porcentaje de victorias: 81,08. De sus 111 apariciones, tuvo \u00e9xito en 90<\/strong>. Normal si no pierde un set desde la final de la cita de maestros de 2023 con Novak Djokovic.\u00a0<\/p>\n<p data-mrf-recirculation=\"Links P\u00e1rrafos\" class=\"ue-c-article__paragraph paragraph\"><strong>Son 18 mangas del tir\u00f3n<\/strong>. Alex de Mi\u00f1aur no era el oponente id\u00f3neo para acabar con esa racha. <strong><a href=\"https:\/\/www.marca.com\/tenis\/copa-masters\/2025\/11\/15\/final-sonada-cerca-sinner-trabajo-minaur.html\" target=\"_blank\" rel=\"nofollow noopener\">El australiano cedi\u00f3 en la semifinal, por 7-5 y 6-2<\/a><\/strong>. S\u00f3lo Djokovic, en 2018, hab\u00eda ganado los cuatro primeros partidos sin ceder el servicio.\u00a0<\/p>\n<p data-mrf-recirculation=\"Links P\u00e1rrafos\" class=\"ue-c-article__paragraph paragraph\">Ya son 39. <strong>Y sus 18 sets seguidos es la mejor cifra desde la introducci\u00f3n del formato de round robin en 1986<\/strong>. \u201cJugar con Carlos me permitir\u00e1 saber d\u00f3nde est\u00e1 ahora mismo mi nivel\u201d, dice.<\/p>\n<p data-mrf-recirculation=\"Links P\u00e1rrafos\" class=\"ue-c-article__paragraph paragraph\"><strong>Al favoritismo de Sinner se le une la ventaja f\u00edsica que supone haber tenido un mayor descanso<\/strong>. Alcaraz, por contra, se agarra al cara a cara con su m\u00e1s directo adversario: <strong>le dobla en triunfos (10 a 5), incluidos siete de los \u00faltimos ocho cara a cara<\/strong>.<\/p>\n<p><img decoding=\"async\" width=\"1980\" height=\"1320\" class=\"ue-c-article__image lazyload\" alt=\"Aliassime intenta llegar a una pelota.\" loading=\"lazy\" src=\"https:\/\/www.europesays.com\/es\/wp-content\/uploads\/2025\/11\/6918e4fcf3b7e.jpeg\"\/><\/p>\n<p>Aliassime intenta llegar a una pelota.<\/p>\n<p data-mrf-recirculation=\"Links P\u00e1rrafos\" class=\"ue-c-article__paragraph paragraph\"><strong>El murciano se impuso a Felix Auger-Aliassime, por 6-2 y 6-4<\/strong>. Ser\u00e1 la octava final entre el espa\u00f1ol y el \u00eddolo local. \u201cLas finales est\u00e1n para ganarlas\u201d, repite el pupilo de Juan Carlos Ferrero y Samuel L\u00f3pez.\u00a0<\/p>\n<p data-mrf-recirculation=\"Links P\u00e1rrafos\" class=\"ue-c-article__paragraph paragraph\"><strong>Suyas han sido siete de las ocho disputadas hasta el momento<\/strong>. Las excepciones fueron en la tierra batida de Umag, en 2022, y la hierba de Wimbledon, en 2025.<\/p>\n<p data-mrf-recirculation=\"Links P\u00e1rrafos\" class=\"ue-c-article__paragraph paragraph\">El pasado 7 de noviembre, el mismo d\u00eda que por la tarde se hicieron la foto de familia con el resto de maestros del circuito, <strong>Carlitos y Jannik practicaron juntos a pesar de ser conscientes que estaban luchando por todo<\/strong>. El transalpino se llev\u00f3 la sesi\u00f3n. \u201c<strong>No vamos a obtener informaci\u00f3n, porque ya nos conocemos muy bien, pero nos damos mutuamente el ritmo para empezar bien<\/strong>\u201d. Vaya si se dieron ritmo.<\/p>\n<p data-mrf-recirculation=\"Links P\u00e1rrafos\" class=\"ue-c-article__paragraph paragraph\"><strong>Aliassime no pudo aguantar nunca el ritmo de pelota de su adversario<\/strong>. Entreg\u00f3 por dos veces el servicio en la manga inicial. <strong>So\u00f1ar\u00e1 con las derechas ganadoras que le llegaban desde el otro lado de la red<\/strong>.\u00a0<\/p>\n<p data-mrf-recirculation=\"Links P\u00e1rrafos\" class=\"ue-c-article__paragraph paragraph\">El canadiense, que logr\u00f3 el \u00faltimo billete para el torneo de maestros, hab\u00eda decantado a su favor los dos precedentes en indoor: <strong>fase de grupos de la Copa Davis y Basilea, en 2022<\/strong>. Carlitos es otro jugador.\u00a0<\/p>\n<p data-mrf-recirculation=\"Links P\u00e1rrafos\" class=\"ue-c-article__paragraph paragraph\"><strong>De los 54 errores no forzados de Par\u00eds con Cameron Norrie a los 10 frente a Felix<\/strong>. Rafael Nadal fue el \u00faltimo miembro de la &#8216;Armada&#8217; en plantarse en la final, en 2013.\u00a0<\/p>\n<p>Orantes y Corretja<\/p>\n<p data-mrf-recirculation=\"Links P\u00e1rrafos\" class=\"ue-c-article__paragraph paragraph\">La antes conocida como Copa Masters no ha tra\u00eddo grandes \u00e9xitos al tenis masculino espa\u00f1ol. <strong>S\u00f3lo Manolo Orantes (1976) y \u00c1lex Corretja (1998) aparecen en el palmar\u00e9s<\/strong>.\u00a0<\/p>\n<p data-mrf-recirculation=\"Links P\u00e1rrafos\" class=\"ue-c-article__paragraph paragraph\">Los dos flamantes finalistas tienen delante el mayor bot\u00edn econ\u00f3mico del tenis en competici\u00f3n oficial: <strong>5.071.000 d\u00f3lares<\/strong>. El ganador, adem\u00e1s, sumar\u00e1 <strong>1.500 puntos, que son 200 m\u00e1s que los que se consiguen como finalista de un Grand Slam<\/strong>.\u00a0<\/p>\n<p data-mrf-recirculation=\"Links P\u00e1rrafos\" class=\"ue-c-article__paragraph paragraph\"><strong>Es el \u00faltimo esfuerzo del a\u00f1o para Sinner, no as\u00ed para Alcaraz<\/strong>, que tiene la semana que viene la Final a 8 de la Copa Davis de Bolonia. <strong>Espa\u00f1a tiene su abanderado en Italia<\/strong>.<\/p>\n","protected":false},"excerpt":{"rendered":"El Cl\u00e1sico de los domingos, por mucho que en Cincinnati jugaron por el t\u00edtulo un lunes y en&hellip;\n","protected":false},"author":2,"featured_media":238222,"comment_status":"","ping_status":"","sticky":false,"template":"","format":"standard","meta":{"footnotes":""},"categories":[274],"tags":[168,25,24,23,167,327,326],"class_list":{"0":"post-238221","1":"post","2":"type-post","3":"status-publish","4":"format-standard","5":"has-post-thumbnail","7":"category-tenis","8":"tag-deportes","9":"tag-es","10":"tag-espana","11":"tag-spain","12":"tag-sports","13":"tag-tenis","14":"tag-tennis"},"share_on_mastodon":{"url":"https:\/\/pubeurope.com\/@es\/115556623738358689","error":""},"_links":{"self":[{"href":"https:\/\/www.europesays.com\/es\/wp-json\/wp\/v2\/posts\/238221","targetHints":{"allow":["GET"]}}],"collection":[{"href":"https:\/\/www.europesays.com\/es\/wp-json\/wp\/v2\/posts"}],"about":[{"href":"https:\/\/www.europesays.com\/es\/wp-json\/wp\/v2\/types\/post"}],"author":[{"embeddable":true,"href":"https:\/\/www.europesays.com\/es\/wp-json\/wp\/v2\/users\/2"}],"replies":[{"embeddable":true,"href":"https:\/\/www.europesays.com\/es\/wp-json\/wp\/v2\/comments?post=238221"}],"version-history":[{"count":0,"href":"https:\/\/www.europesays.com\/es\/wp-json\/wp\/v2\/posts\/238221\/revisions"}],"wp:featuredmedia":[{"embeddable":true,"href":"https:\/\/www.europesays.com\/es\/wp-json\/wp\/v2\/media\/238222"}],"wp:attachment":[{"href":"https:\/\/www.europesays.com\/es\/wp-json\/wp\/v2\/media?parent=238221"}],"wp:term":[{"taxonomy":"category","embeddable":true,"href":"https:\/\/www.europesays.com\/es\/wp-json\/wp\/v2\/categories?post=238221"},{"taxonomy":"post_tag","embeddable":true,"href":"https:\/\/www.europesays.com\/es\/wp-json\/wp\/v2\/tags?post=238221"}],"curies":[{"name":"wp","href":"https:\/\/api.w.org\/{rel}","templated":true}]}}