{"id":238256,"date":"2025-11-16T01:15:10","date_gmt":"2025-11-16T01:15:10","guid":{"rendered":"https:\/\/www.europesays.com\/es\/238256\/"},"modified":"2025-11-16T01:15:10","modified_gmt":"2025-11-16T01:15:10","slug":"es-un-patron-del-eje-cafetero-de-colombia","status":"publish","type":"post","link":"https:\/\/www.europesays.com\/es\/238256\/","title":{"rendered":"Es un patr\u00f3n del Eje Cafetero de Colombia"},"content":{"rendered":"<p class=\"c-paragraph\"><a href=\"https:\/\/www.20minutos.es\/tags\/personas\/alba-carrillo.html\" title=\"Alba Carrillo\" rel=\"nofollow noopener\" target=\"_blank\">Alba Carrillo<\/a> es uno de los rostros televisivos del nuevo programa de TVE Hasta el fin del mundo, donde un grupo de doce famosos vivir\u00e1n una aventura <a href=\"https:\/\/www.20minutos.es\/television\/bichos-pobreza-comida-indigesta-sin-movil-los-concursantes-hasta-fin-mundo-confiesan-mas-duro-viaje_6896942_0.html\" title=\"Bichos, pobreza, comida indigesta, sin m\u00f3vil... los concursantes de &#039;Hasta el fin del mundo&#039; confiesan lo m\u00e1s duro del viaje\" rel=\"nofollow noopener\" target=\"_blank\">recorriendo ocho pa\u00edses de Latinoam\u00e9rica<\/a> con un presupuesto limitado y sin m\u00f3viles ni GPS. Adem\u00e1s de una experiencia, la colaboradora tambi\u00e9n se ha llevado de ese viaje <b>una nueva ilusi\u00f3n<\/b>, tal y como ha confirmado este s\u00e1bado en el programa D&#8217; Coraz\u00f3n de La 1.<\/p>\n<p class=\"c-paragraph\">La presentadora <a href=\"https:\/\/www.20minutos.es\/tags\/personas\/anne-igartiburu.html\" title=\"Anne Igartiburu\" rel=\"nofollow noopener\" target=\"_blank\">Anne Igartiburu<\/a> fue quien dio pie a la tertuliana a hablar sobre el amor y sus experiencias. \u00abAlba Carrillo va un poco as\u00ed como de espabilada, pero <b>en el fondo es una rom\u00e1ntica<\/b>\u00ab, valoraba.<\/p>\n<p class=\"c-paragraph\">A pesar de que Carrillo ha asegurado que se hab\u00eda \u00abdesapuntado\u00bb del amor porque \u00absufre mucho\u00bb, no ha podido evitar reconocer que de su viaje por el continente sudamericano se ha tra\u00eddo una nueva ilusi\u00f3n. \u00ab\u00bfNo te has enamorado en estos viajes que has hecho?\u00bb, quiso saber Laura Fa.<b> \u00abAlgo tengo\u00bb<\/b>, confirmaba la aludida, muy sonriente.<\/p>\n<p class=\"c-paragraph\">Seg\u00fan ha contado, se trata de \u00abun <b>patr\u00f3n del Eje Cafetero<\/b>\u00bb de Colombia, con el que se intercambia desde entonces mensajes por tel\u00e9fono m\u00f3vil. \u00abMe escribe\u00bb, ha asegurado.<\/p>\n<p class=\"c-paragraph\">Sus compa\u00f1eros han querido tirar m\u00e1s del hilo para saber si iba a venir a Espa\u00f1a, a lo que Carrillo ha respondido: \u00ab<b>Vamos a ir todos a celebrar mi boda<\/b> a Colombia, qu\u00e9 os parece\u00bb, ha bromeado.<\/p>\n<p class=\"c-paragraph\">Igartiburu ha hecho entonces una <b>referencia a la telenovela colombiana<\/b> Caf\u00e9 con aroma de mujer, que narra la historia de amor de una joven recolectora de caf\u00e9, apodada Gaviota, y el hijo del due\u00f1o de una hacienda del Eje Cafetero.\u00a0\u00abYo me sent\u00ed Gaviotica\u00bb, ha zanjado Carrillo.<\/p>\n","protected":false},"excerpt":{"rendered":"Alba Carrillo es uno de los rostros televisivos del nuevo programa de TVE Hasta el fin del mundo,&hellip;\n","protected":false},"author":2,"featured_media":238257,"comment_status":"","ping_status":"","sticky":false,"template":"","format":"standard","meta":{"footnotes":""},"categories":[174],"tags":[879,255,42078,146,147,25,24,256,23],"class_list":{"0":"post-238256","1":"post","2":"type-post","3":"status-publish","4":"format-standard","5":"has-post-thumbnail","7":"category-famosos","8":"tag-alba-carrillo","9":"tag-celebrities","10":"tag-d-corazon","11":"tag-entertainment","12":"tag-entretenimiento","13":"tag-es","14":"tag-espana","15":"tag-famosos","16":"tag-spain"},"share_on_mastodon":{"url":"https:\/\/pubeurope.com\/@es\/115556733629364257","error":""},"_links":{"self":[{"href":"https:\/\/www.europesays.com\/es\/wp-json\/wp\/v2\/posts\/238256","targetHints":{"allow":["GET"]}}],"collection":[{"href":"https:\/\/www.europesays.com\/es\/wp-json\/wp\/v2\/posts"}],"about":[{"href":"https:\/\/www.europesays.com\/es\/wp-json\/wp\/v2\/types\/post"}],"author":[{"embeddable":true,"href":"https:\/\/www.europesays.com\/es\/wp-json\/wp\/v2\/users\/2"}],"replies":[{"embeddable":true,"href":"https:\/\/www.europesays.com\/es\/wp-json\/wp\/v2\/comments?post=238256"}],"version-history":[{"count":0,"href":"https:\/\/www.europesays.com\/es\/wp-json\/wp\/v2\/posts\/238256\/revisions"}],"wp:featuredmedia":[{"embeddable":true,"href":"https:\/\/www.europesays.com\/es\/wp-json\/wp\/v2\/media\/238257"}],"wp:attachment":[{"href":"https:\/\/www.europesays.com\/es\/wp-json\/wp\/v2\/media?parent=238256"}],"wp:term":[{"taxonomy":"category","embeddable":true,"href":"https:\/\/www.europesays.com\/es\/wp-json\/wp\/v2\/categories?post=238256"},{"taxonomy":"post_tag","embeddable":true,"href":"https:\/\/www.europesays.com\/es\/wp-json\/wp\/v2\/tags?post=238256"}],"curies":[{"name":"wp","href":"https:\/\/api.w.org\/{rel}","templated":true}]}}