{"id":238275,"date":"2025-11-16T01:27:21","date_gmt":"2025-11-16T01:27:21","guid":{"rendered":"https:\/\/www.europesays.com\/es\/238275\/"},"modified":"2025-11-16T01:27:21","modified_gmt":"2025-11-16T01:27:21","slug":"el-rey-preside-los-40-anos-de-jura-de-bandera","status":"publish","type":"post","link":"https:\/\/www.europesays.com\/es\/238275\/","title":{"rendered":"El rey preside los 40 a\u00f1os de jura de bandera"},"content":{"rendered":"<p>Zaragoza (EFE).- El rey Felipe VI ha presidido este s\u00e1bado en Zaragoza el 40 aniversario de la jura de bandera de XVL promoci\u00f3n de la Academia General Militar (AGM) con la que inici\u00f3 su primer curso de formaci\u00f3n en el Ej\u00e9rcito de Tierra en 1985.<\/p>\n<p>El rey comenz\u00f3 su formaci\u00f3n en la AGM con esta promoci\u00f3n y tras dos meses,<a href=\"https:\/\/efe.com\/espana\/2025-11-03\/juan-carlos-i-extracto-memorias-reconciliacion\/\" target=\"_blank\" rel=\"noreferrer noopener nofollow\"> una vez jur\u00f3 bandera en octubre de 1985,<\/a> sigui\u00f3 el resto del a\u00f1o ya en el segundo curso con la XLIV promoci\u00f3n, con la que el a\u00f1o pasado, el 4 de mayo, volvi\u00f3 a jurar bandera.<\/p>\n<p>Tras su viaje a China, don Felipe ha regresado a Zaragoza para acompa\u00f1ar a 172 militares que han jurado bandera de nuevo en el patio de armas de la Academia General Militar, entre ellos el coronel Luis Monterde Maldonado, quien en 1993, en la guerra de los Balcanes, protegi\u00f3 la vida de 171 croatas perseguidos por milicianos musulmanes.<\/p>\n<p>Los miembros de la XLV promoci\u00f3n han estado acompa\u00f1ados por los 1.200 cadetes de la AGM en un acto al que han asistido, entre otros, el jefe del Estado Mayor del Ej\u00e9rcito de Tierra (JEME), el general Amador Ense\u00f1at y Berea.<\/p>\n<p><img data-recalc-dims=\"1\" fetchpriority=\"high\" decoding=\"async\" width=\"980\" height=\"654\" src=\"https:\/\/www.europesays.com\/es\/wp-content\/uploads\/2025\/11\/El-rey-preside-los-40-anos-de-jura-de-bandera-de-sus-companeros-de-formacion-militar2.webp\" alt=\"\" class=\"wp-image-2292911\"  \/>El rey Felipe VI ha participado este s\u00e1bado en el 40 aniversario de la jura de bandera de la XLV promoci\u00f3n de la Academia General Militar, en Zaragoza. EFE\/Javier Cebollada<\/p>\n<p>El director de Investigaci\u00f3n del Ej\u00e9rcito de Tierra, el general de divisi\u00f3n Fernando Mor\u00f3n, ha agradecido al rey \u00abeste nuevo gesto de cari\u00f1o\u00bb hacia los integrantes de la promoci\u00f3n con la que dio sus <a href=\"https:\/\/efe.com\/mundo\/2025-11-13\/felipe-refuerza-relacion-espana-china\/\" target=\"_blank\" rel=\"noreferrer noopener nofollow\">primeros pasos de la vida militar en 1985<\/a>, que compartieron el orgullo de vestir los primeros uniformes, el campamento y \u00abtantos recuerdos juveniles de aventura y camarader\u00eda\u00bb.<\/p>\n<p>Una promoci\u00f3n de oficiales de las armas, Guardia Civil y cuerpos comunes de la AGM \u00abdura, curtida en la adversidad\u00bb, ha remarcado al recordar que el 30 de enero de 1987, la banda terrorista ETA hizo estallar un coche bomba al paso de un autob\u00fas militar en el que fue asesinado uno de sus profesores, el comandante ingeniero del Ej\u00e9rcito de Tierra Manuel Rivera S\u00e1nchez, y el conductor \u00c1ngel Ramos Saavedra, y otras 51 personas resultaron heridas.<\/p>\n<p>\u00abNuestra promoci\u00f3n se llama as\u00ed, comandante Rivera, por ese motivo\u00bb, ha subrayado, al tiempo que ha resaltado el privilegio de servir en numerosas unidades y la participaci\u00f3n en la guerra de los Balcanes. \u00abEstas pruebas nos ha hecho lo que somos, una promoci\u00f3n sobria y rigurosa, experimentada y de una consistencia f\u00e9rrea\u00bb, ha remarcado.<\/p>\n<p>\u00abServicio, compromiso y deber\u00bb<\/p>\n<p>Por su parte, el director de la AGM, el general de brigada Prudencio Horche, ha hecho hincapi\u00e9 en que este tipo de actos constituyen una oportunidad para que los futuros oficiales constaten, de quienes acumulan 40 a\u00f1os de trayectoria, que el camino que les espera \u00abno ser\u00e1 f\u00e1cil\u00bb, que exige sacrificio, destinos, misiones y largos periodos lejos de casa, y que la f\u00f3rmula para estar a la altura y que compense no es otra que \u00abservicio, compromiso y deber\u00bb.<\/p>\n<p>Tres valores, ha recordado, que don Felipe transmiti\u00f3 hace poco m\u00e1s de un a\u00f1o, con ocasi\u00f3n del d\u00e9cimo aniversario de su proclamaci\u00f3n, como pilares de su desempe\u00f1o como rey. \u00abTres palabras que, cargadas de significado, compartimos plenamente aquellos que tenemos el privilegio de servir a Espa\u00f1a bajo sus \u00f3rdenes portando el uniforme\u00bb, ha subrayado.<\/p>\n","protected":false},"excerpt":{"rendered":"Zaragoza (EFE).- El rey Felipe VI ha presidido este s\u00e1bado en Zaragoza el 40 aniversario de la jura&hellip;\n","protected":false},"author":2,"featured_media":238276,"comment_status":"","ping_status":"","sticky":false,"template":"","format":"standard","meta":{"footnotes":""},"categories":[8],"tags":[17,18,25,24,13,14,11,19,20,9,10,15,16,8140,23,12,21,22],"class_list":{"0":"post-238275","1":"post","2":"type-post","3":"status-publish","4":"format-standard","5":"has-post-thumbnail","7":"category-espana","8":"tag-breaking-news","9":"tag-breakingnews","10":"tag-es","11":"tag-espana","12":"tag-featured-news","13":"tag-featurednews","14":"tag-headlines","15":"tag-latest-news","16":"tag-latestnews","17":"tag-news","18":"tag-noticias","19":"tag-noticias-destacadas","20":"tag-noticiasdestacadas","21":"tag-rey-felipe-vi","22":"tag-spain","23":"tag-titulares","24":"tag-ultimas-noticias","25":"tag-ultimasnoticias"},"share_on_mastodon":{"url":"https:\/\/pubeurope.com\/@es\/115556781108763028","error":""},"_links":{"self":[{"href":"https:\/\/www.europesays.com\/es\/wp-json\/wp\/v2\/posts\/238275","targetHints":{"allow":["GET"]}}],"collection":[{"href":"https:\/\/www.europesays.com\/es\/wp-json\/wp\/v2\/posts"}],"about":[{"href":"https:\/\/www.europesays.com\/es\/wp-json\/wp\/v2\/types\/post"}],"author":[{"embeddable":true,"href":"https:\/\/www.europesays.com\/es\/wp-json\/wp\/v2\/users\/2"}],"replies":[{"embeddable":true,"href":"https:\/\/www.europesays.com\/es\/wp-json\/wp\/v2\/comments?post=238275"}],"version-history":[{"count":0,"href":"https:\/\/www.europesays.com\/es\/wp-json\/wp\/v2\/posts\/238275\/revisions"}],"wp:featuredmedia":[{"embeddable":true,"href":"https:\/\/www.europesays.com\/es\/wp-json\/wp\/v2\/media\/238276"}],"wp:attachment":[{"href":"https:\/\/www.europesays.com\/es\/wp-json\/wp\/v2\/media?parent=238275"}],"wp:term":[{"taxonomy":"category","embeddable":true,"href":"https:\/\/www.europesays.com\/es\/wp-json\/wp\/v2\/categories?post=238275"},{"taxonomy":"post_tag","embeddable":true,"href":"https:\/\/www.europesays.com\/es\/wp-json\/wp\/v2\/tags?post=238275"}],"curies":[{"name":"wp","href":"https:\/\/api.w.org\/{rel}","templated":true}]}}