{"id":238292,"date":"2025-11-16T01:46:14","date_gmt":"2025-11-16T01:46:14","guid":{"rendered":"https:\/\/www.europesays.com\/es\/238292\/"},"modified":"2025-11-16T01:46:14","modified_gmt":"2025-11-16T01:46:14","slug":"andy-es-vago-llega-diez-minutos-antes-a-cada-concierto","status":"publish","type":"post","link":"https:\/\/www.europesays.com\/es\/238292\/","title":{"rendered":"\u00abAndy es vago, llega diez minutos antes a cada concierto\u00bb"},"content":{"rendered":"<p style=\"\">En los d\u00faos musicales s\u00f3lo hay dos maneras de acabar una carrera: a buenas, o a mal\u00edsimas. Aunque la esperanza de que haya una reconciliaci\u00f3n a\u00fan es veros\u00edmil porque es mucho lo que ha unido a <strong>Andy y Lucas<\/strong>, las cosas se han puesto  &#8230; realmente feas entre ellos despu\u00e9s de la rajada del primero <a href=\"https:\/\/www.abc.es\/play\/television\/noticias\/andy-cuenta-verdad-sobre-separacion-andy-lucas-20251110215522-nt.html\" target=\"_blank\" data-voc-vtm-id=\"in-text-traffic\" title=\"en El Hormiguero\" data-mrf-link=\"www.abc.es\" rel=\"nofollow noopener\">en El Hormiguero<\/a>, donde acus\u00f3 a su compa\u00f1ero de no haber sido justo con el reparto de ingresos. <\/p>\n<p class=\"voc-p\" style=\"\">Tambi\u00e9n confes\u00f3 que era verdad que hab\u00edan tenido <strong>una pelea bastante fuerte<\/strong>, pero esas cosas son m\u00e1s habituales de lo que se cuenta en su profesi\u00f3n (adem\u00e1s Lucas se disculp\u00f3 en el momento por la agresividad que dej\u00f3 aflorar durante su discusi\u00f3n) y es un tema zanjado, as\u00ed que vayamos a lo importante. A lo que ya no es tan normal, ni asumible.<\/p>\n<p class=\"voc-p\" style=\"\">Sin aportar pruebas, Andy dijo en el programa de Pablo Motos que no le \u00abcuadraba\u00bb el cach\u00e9 del d\u00fao con lo que \u00e9l se embolsaba, no sin reconocer que<strong> desde que salieron de Sony \u00ab\u00e9l se hace cargo de todo\u00bb<\/strong>, declar\u00f3. \u00abYo no veo las cuentas. Cada uno ten\u00eda su S.L. Pero en crisis me qued\u00e9 como el que se est\u00e1 ba\u00f1ando en la playa y tengo que cerrar la m\u00eda. A a partir de ah\u00ed, \u00e9l lo factura todo y yo no veo los n\u00fameros. Tengo que confiar en su palabra\u00bb.<\/p>\n<p class=\"voc-p\" style=\"\">\u00abO miente, o no entiende las cuentas\u00bb, aseguran desde el entorno m\u00e1s cercano a Lucas. \u00abEn <a href=\"https:\/\/www.abc.es\/gente\/andy-lucas-despiden-concierto-emotivo-marcado-tension-20251011011154-nt.html\" target=\"_blank\" data-voc-vtm-id=\"in-text-traffic\" title=\"la gira\" data-mrf-link=\"www.abc.es\" rel=\"nofollow noopener\">la gira<\/a> se ha contratado a multitud de empresas. Por ejemplo, el equipo de sonido y luz pod\u00eda suponer entre 30.000 y 40.000 euros seg\u00fan el recinto, cuyo alquiler puede rondar una cifra parecida. Ya nos vamos a 80.000. M\u00e1s el seguro de responsabilidad civil, las altas, las ambulancias, las vallas, la pasarela del escenario, que vale unos 10.000 euros, m\u00e1s el catering, los viajes, los hoteles, la SGAE\u2026 Si no se vend\u00edan suficientes entradas, el saldo final pod\u00eda ser de menos 30.000 euros, en negativo. <strong>Cuando eso pasaba, Lucas se com\u00eda la deuda y quien cobraba era Andy<\/strong>, a quien le daba 2.500 euros\u00bb.<\/p>\n<p class=\"voc-p\" style=\"\">Andy tambi\u00e9n cont\u00f3 en televisi\u00f3n que durante la crisis tuvo un problema econ\u00f3mico y Lucas le ayud\u00f3. \u00abY en pandemia tambi\u00e9n, en muchos momentos \u00e9l ha estado a mi lado\u00bb, reconoci\u00f3 el cantante. <strong>Lo que no dijo es que le prest\u00f3 60.000 euros de los que a\u00fan tiene que devolver cerca de 10.000<\/strong>, tal como informa la fuente del entorno de Lucas, que aporta el documento que acredita el pr\u00e9stamo, donde se especifica que la devoluci\u00f3n ser\u00eda a inter\u00e9s cero, unas condiciones muy favorables acordadas por ambas partes \u00abpor inter\u00e9s laboral, por relaci\u00f3n personal y principalmente por cari\u00f1o y fines mutuos\u00bb. <\/p>\n<p class=\"voc-p\" style=\"\">El acuerdo tambi\u00e9n estipulaba que <strong>la devoluci\u00f3n se har\u00eda \u00abbuscando la manera m\u00e1s l\u00f3gica y menos grave\u00bb para Andy<\/strong>, descontando cantidades de entre 500 y 2.000 euros de su parte de beneficio de los conciertos \u00abhasta llegar a la devoluci\u00f3n total antes del plazo de cinco a\u00f1os\u00bb, un plazo que, de ser incumplido, conllevar\u00eda un recargo del 50%. \u00abSi el pago no fuera posible o suficiente mediante los beneficios que obtiene por las actuaciones de Andy &amp; Lucas, o de cualquier otra forma, renuncia a cualquier derecho que le pudiera corresponder a partir de entonces como parte de Andy &amp; Lucas\u00bb. El documento est\u00e1 firmado por ambos en junio de 2020, con lo cual hace cinco meses que Andy deber\u00eda haber terminado de pagar. Sin embargo, <strong>Lucas le est\u00e1 dando m\u00e1s tiempo<\/strong>.<\/p>\n<p class=\"voc-p\" style=\"\">En cuanto a otra de las acusaciones que Andy hizo en El Hormiguero, cuando asegur\u00f3 que nunca ha visto un c\u00e9ntimo de las escuchas de Spotify o las visualizaciones en Youtube del d\u00fao, el entorno de Lucas responde: \u00ab<strong>El canal de YouTube de Andy &amp; Lucas pertenece a Sony y eso est\u00e1 firmado de por vida<\/strong>. Los dos tienen una aplicaci\u00f3n en su m\u00f3vil que se llama Artist Portal, donde pueden ver perfectamente el dinero que les genera, y los dos cobran lo mismo\u00bb. <\/p>\n<p class=\"voc-p\" style=\"\">Por otra parte, <strong>Lucas recibi\u00f3 una carta de Hacienda comunic\u00e1ndole que no deb\u00eda pagar a Andy porque ten\u00eda deudas<\/strong>. Lo que hac\u00eda Lucas era pagar a Hacienda de su bolsillo para que Andy pudiera cobrar las galas, y luego eso se lo iba descontando\u00bb.<\/p>\n<p class=\"voc-p\" style=\"\">A pesar de que Andy deleg\u00f3 en su compa\u00f1ero todo el trabajo burocr\u00e1tico del grupo, \u00abLucas no cobr\u00f3 por ello y si ha ganado m\u00e1s es porque <strong>ha vendido los derechos de autor de su cat\u00e1logo de 120 canciones<\/strong>. Adem\u00e1s, a mitad de su gira de despedida les lleg\u00f3 una carta de la SGAE reclamando el impago de 150.000 euros de las tarifas de licencia de uso de repertorio registrado. Deber\u00edan haberlo pagado entre los dos, pero Lucas fue quien puso todo ese dinero, porque si le ped\u00eda la mitad a Andy, le cancelaba la gira. Siempre estaba amenazando con que cancelaba la gira, le daba igual la gente que se quedase en paro por su culpa\u00bb. <\/p>\n<p class=\"voc-p\" style=\"\">Por eso Lucas hizo \u00abaquella docuserie de Telecinco, para pagar a la SGAE, aunque se sintiese como si estuviera vendiendo su alma al Diablo\u00bb, desvela la misma fuente, que concluye augurando un futuro incierto para Andy: \u00ab<strong>Es vago, llega diez minutos antes de cada concierto, se bebe dos botellas de ron al d\u00eda<\/strong>\u2026 En su nueva canci\u00f3n dice que se ha sentido como una marioneta con Lucas\u2026 Pero \u00e9l le ha cuidado todo este tiempo como a su ni\u00f1o bonito. Marioneta va a ser a partir de ahora\u00bb.<\/p>\n","protected":false},"excerpt":{"rendered":"En los d\u00faos musicales s\u00f3lo hay dos maneras de acabar una carrera: a buenas, o a mal\u00edsimas. Aunque&hellip;\n","protected":false},"author":2,"featured_media":238293,"comment_status":"","ping_status":"","sticky":false,"template":"","format":"standard","meta":{"footnotes":""},"categories":[91],"tags":[16221,61588,146,147,25,24,61587,23],"class_list":{"0":"post-238292","1":"post","2":"type-post","3":"status-publish","4":"format-standard","5":"has-post-thumbnail","7":"category-entretenimiento","8":"tag-andy","9":"tag-desagradecido","10":"tag-entertainment","11":"tag-entretenimiento","12":"tag-es","13":"tag-espana","14":"tag-maltratado","15":"tag-spain"},"share_on_mastodon":{"url":"https:\/\/pubeurope.com\/@es\/115556855500502514","error":""},"_links":{"self":[{"href":"https:\/\/www.europesays.com\/es\/wp-json\/wp\/v2\/posts\/238292","targetHints":{"allow":["GET"]}}],"collection":[{"href":"https:\/\/www.europesays.com\/es\/wp-json\/wp\/v2\/posts"}],"about":[{"href":"https:\/\/www.europesays.com\/es\/wp-json\/wp\/v2\/types\/post"}],"author":[{"embeddable":true,"href":"https:\/\/www.europesays.com\/es\/wp-json\/wp\/v2\/users\/2"}],"replies":[{"embeddable":true,"href":"https:\/\/www.europesays.com\/es\/wp-json\/wp\/v2\/comments?post=238292"}],"version-history":[{"count":0,"href":"https:\/\/www.europesays.com\/es\/wp-json\/wp\/v2\/posts\/238292\/revisions"}],"wp:featuredmedia":[{"embeddable":true,"href":"https:\/\/www.europesays.com\/es\/wp-json\/wp\/v2\/media\/238293"}],"wp:attachment":[{"href":"https:\/\/www.europesays.com\/es\/wp-json\/wp\/v2\/media?parent=238292"}],"wp:term":[{"taxonomy":"category","embeddable":true,"href":"https:\/\/www.europesays.com\/es\/wp-json\/wp\/v2\/categories?post=238292"},{"taxonomy":"post_tag","embeddable":true,"href":"https:\/\/www.europesays.com\/es\/wp-json\/wp\/v2\/tags?post=238292"}],"curies":[{"name":"wp","href":"https:\/\/api.w.org\/{rel}","templated":true}]}}