{"id":238298,"date":"2025-11-16T01:50:11","date_gmt":"2025-11-16T01:50:11","guid":{"rendered":"https:\/\/www.europesays.com\/es\/238298\/"},"modified":"2025-11-16T01:50:11","modified_gmt":"2025-11-16T01:50:11","slug":"estas-son-las-zonas-que-esperan-mas-agua","status":"publish","type":"post","link":"https:\/\/www.europesays.com\/es\/238298\/","title":{"rendered":"estas son las zonas que esperan m\u00e1s agua"},"content":{"rendered":"<p class=\"c-paragraph\">La borrasca Claudia seguir\u00e1 acomodada en el noroeste peninsular este domingo y aunque tiende a perder intensidad, mantendr\u00e1 cielos nubosos en gran parte de la Pen\u00ednsula y Baleares, dejando importantes precipitaciones especialmente en<b> Galicia, Andaluc\u00eda y Baleares.<\/b><\/p>\n<p class=\"c-paragraph\">As\u00ed, la <a href=\"https:\/\/www.20minutos.es\/tags\/instituciones-empresas\/agencia-estatal-de-meteorologia-aemet.html\" title=\"Agencia Estatal de Meteorolog\u00eda (AEMET)\" rel=\"nofollow noopener\" target=\"_blank\">Agencia Estatal de Meteorolog\u00eda (Aemet)<\/a> estima que el mayor volumen de precipitaciones lo recibir\u00e1 <b>Andaluc\u00eda,<\/b> y por ello ha recibido el aviso amarillo por lluvias. En la cuenca del r\u00edo Genil en Granada y en la costa del Sol se esperan desde 20 y hasta 60 litros\/m2, respectivamente, en el \u00faltimo d\u00eda de la semana. Baleares y la costa gallega podr\u00edan ver precipitaciones m\u00e1s d\u00e9biles entre los 10 y 20 litros\/m2, con inestabilidad desde el inicio del d\u00eda.<\/p>\n<p class=\"c-paragraph\">Por otro lado, se esperan precipitaciones en la mayor parte del territorio, aunque con un car\u00e1cter menos abundante que en los \u00faltimos d\u00edas. Se pronostican lluvias de car\u00e1cter d\u00e9bil en el Cant\u00e1brico oriental y mayor parte de la fachada oriental y tercio nordeste peninsular, a excepci\u00f3n de <b>los Pirineos y este de Catalu\u00f1a <\/b>donde podr\u00eda haber chubascos localmente fuertes en las primeras horas del d\u00eda.<\/p>\n<p class=\"c-paragraph\">Asimismo, el organismo estatal prev\u00e9 que se produzca bancos de niebla matinales en los principales entornos de monta\u00f1a, tendiendo en general a levantar, aunque en costas superiores a los <b>1.800\/2.000 metros<\/b>, se podr\u00eda ver precipitaciones en forma de nieve.<\/p>\n<p class=\"c-paragraph\">Del lado de las temperaturas, se producir\u00e1n descensos en Melilla e interiores del tercio suroriental peninsular, as\u00ed como localmente en regiones del extremo norte, con aumentos en el sistema Central y oeste de Andaluc\u00eda y de Albor\u00e1n. M\u00ednimas en<b> descenso en la mitad sureste peninsular<\/b>, Cant\u00e1brico y Baleares, con aumentos en Canarias.<\/p>\n<p class=\"c-paragraph\">Con ello, los term\u00f3metros van situ\u00e1ndose en intervalos cada vez m\u00e1s de oto\u00f1o con m\u00e1ximas entre los 15-20 grados en casi toda la pen\u00ednsula y m\u00ednimas entre los 8-12 grados en media, salvo en <b>\u00c1vila o Burgos donde algunas zonas se bajar\u00e1n de los 5 \u00baC.<\/b><\/p>\n<p class=\"c-paragraph\">El viento ser\u00e1 de car\u00e1cter d\u00e9bil en Canarias rolando a norte moderado. Viento del sur en Galicia y Cant\u00e1brico tendiendo a este en el segundo caso, y predominio de viento del oeste y suroeste en el resto. En general flojos en interiores del nordeste peninsular y del Cant\u00e1brico y <b>moderados en el resto.<\/b><\/p>\n<p>Por comunidades<\/p>\n<p class=\"c-paragraph\"><b>GALICIA:<\/b> cubierto con bancos de niebla matinales y nocturnos en zonas altas del interior sur y oeste. Lluvias d\u00e9biles y chubascos, que pueden ir acompa\u00f1ados de tormenta y granizo, localmente fuertes y persistentes en el litoral oeste de A Coru\u00f1a y en Pontevedra y dispersos y m\u00e1s d\u00e9biles en el interior oriental, disminuyendo durante la tarde y cesando en el interior.<\/p>\n<p class=\"c-paragraph\">Temperaturas m\u00ednimas sin cambios o en ligero descenso y m\u00e1ximas con pocos cambios. Viento flojo a moderado del sur, girando a oeste en el litoral m\u00e1s occidental durante las horas centrales y amainando desde el final de la tarde a flojo del sur en todo el territorio.<\/p>\n<p class=\"c-paragraph\"><b>PRINCIPADO DE ASTURIAS:<\/b> nuboso con probables bancos de niebla aislados en cotas altas de la Cordillera al principio y final del d\u00eda. Lluvias d\u00e9biles dispersas y chubascos aislados. Temperaturas m\u00ednimas en descenso que ser\u00e1 ligero o sin cambios en el litoral occidental y central, y m\u00e1ximas sin cambios o en ligero descenso. Viento flojo del sur con intervalos moderados durante las horas centrales cuando gira a este en el litoral.<\/p>\n<p class=\"c-paragraph\"><b>CANTABRIA:<\/b> cubierto aunque con grandes claros de madrugada y al final del d\u00eda, salvo en el tercio sur y en Li\u00e9bana donde se esperan lluvias d\u00e9biles dispersas que podr\u00edan extenderse al resto. Probables bancos de niebla matinales y nocturnos en cotas altas del suroeste. Temperaturas m\u00ednimas en descenso y m\u00e1ximas con pocos cambios. Viento flojo a moderado del sur girando por la tarde a componente este en la costa.<\/p>\n<p class=\"c-paragraph\"><b>PA\u00cdS VASCO: <\/b>poco nuboso con intervalos de nubes bajas de madrugada en el sur, sin descartar brumas y nieblas asociadas en el Ebro, tendiendo a intervalos de nubes medias y altas en todo el territorio que podr\u00edan ir con alguna precipitaci\u00f3n d\u00e9bil y dispersa.<\/p>\n<p class=\"c-paragraph\">Temperaturas sin cambios o en ligero descenso, que ser\u00e1 m\u00e1s acusado de las m\u00ednimas en el noroeste. Viento flojo a moderado de sur y suroeste que ser\u00e1 variable en el litoral durante la tarde, cuando disminuye a flojo en todo el territorio.<\/p>\n<p class=\"c-paragraph\"><b>CASTILLA Y LE\u00d3N:<\/b> chubascos dispersos, d\u00e9biles a moderados, m\u00e1s generalizados en zonas de monta\u00f1a, en el extremo suroeste algunos pueden ser fuertes y con tormenta. No se descartan bancos de niebla, m\u00e1s probables en zonas de monta\u00f1a. Temperaturas m\u00ednimas en ligero descenso o sin cambios, y m\u00e1ximas sin cambios o en ligero ascenso. Viento del suroeste, flojo a moderado.<\/p>\n<p class=\"c-paragraph\"><b>NAVARRA:<\/b> poco nuboso con intervalos de nubes bajas matinales en oeste y sur y localmente en Ebro con brumas y nieblas asociadas, menos probables en la Ribera Baja, tendiendo por la tarde a intervalos de nubes medias y altas. No se descartan al final, lluvias d\u00e9biles dispersas y alg\u00fan chubasco en Pirineos que podr\u00eda producirse tambi\u00e9n de madrugada. Temperaturas m\u00ednimas en descenso y m\u00e1ximas sin cambios. Viento flojo variable.<\/p>\n<p class=\"c-paragraph\"><b>LA RIOJA: i<\/b>ntervalos nubosos con precipitaciones dispersas, d\u00e9biles a moderadas. No se descartan bancos de niebla matinales. Temperaturas en ligero descenso o sin cambios. Viento del suroeste en la sierra y en el valle, flojo a moderado.<\/p>\n<p class=\"c-paragraph\"><b>ARAG\u00d3N:<\/b> intervalos nubosos con precipitaciones d\u00e9biles o localmente moderadas en el Pirineo a primeras horas, que tender\u00e1n a cesar. Temperaturas m\u00ednimas en general en descenso y m\u00e1ximas con variaciones ligeras. Viento flojo de componente sur, aumentando a moderado en la mitad sur y girando a oeste al mediod\u00eda.<\/p>\n<p class=\"c-paragraph\"><b>CATALU\u00d1A:<\/b> nuboso tendiendo durante el d\u00eda a intervalos nubosos en el norte y a poco nuboso en el resto. Probabilidad de luvias d\u00e9biles o localmente moderadas en el Pirineo y de chubascos localmente fuertes y acompa\u00f1ados de tormenta en el litoral y prelitoral centrales de madrugada, tendiendo a cesar por la ma\u00f1ana; por la tarde no se descartan chubascos tormentosos en el Pirineo de Girona, d\u00e9biles a moderados.<\/p>\n<p class=\"c-paragraph\">Temperaturas m\u00ednimas en descenso; m\u00e1ximas con pocos cambios. Viento moderado en cotas altas del Pirineo y flojo en el resto del suroeste, aumentando a moderado en zonas del centro y sur y girando a oeste generalizado al mediod\u00eda.<\/p>\n<p class=\"c-paragraph\"><b>EXTREMADURA:<\/b> chubascos d\u00e9biles a moderados con algunas tormentas, m\u00e1s generalizados en C\u00e1ceres y m\u00e1s dispersos en Badajoz, mientras que en el norte y las Villuercas podr\u00edan ser fuertes. No se descartan brumas y bancos de niebla, m\u00e1s probables en la sierra. Temperaturas m\u00ednimas sin cambios o en ligero descenso y m\u00e1ximas en ligero ascenso o sin cambios. Viento del suroeste, flojo a moderado.<\/p>\n<p class=\"c-paragraph\"><b>COMUNIDAD DE MADRID: <\/b>nuboso, con apertura de claros por la tarde. Brumas y nieblas matinales y vespertinas en la Sierra. Probables lluvias d\u00e9biles dispersas por la ma\u00f1ana en el centro y sur de la Comunidad y por la tarde en la Sierra. Temperaturas con cambios ligeros predominando los descensos en las m\u00ednimas y los aumentos en las m\u00e1ximas, sobre todo en la Sierra. Vientos flojos y moderados de suroeste y oeste.<\/p>\n<p class=\"c-paragraph\"><b>CASTILLA-LA MANCHA: <\/b>nuboso con abundantes claros por la tarde. Brumas matinales y vespertinas en zonas de monta\u00f1a. De madrugada, lluvias generalizadas en el sureste, m\u00e1s probables en el oeste de Toledo y Ciudad Real; el resto del d\u00eda ir\u00e1n cesando en el sureste y ser\u00e1n m\u00e1s probables en Ciudad Real, oeste de Toledo y sistema Ib\u00e9rico.<\/p>\n<p class=\"c-paragraph\">Temperaturas m\u00ednimas con cambios ligeros predominando los descensos en zona central y m\u00e1ximas con cambios ligeros, salvo en el sureste. Viento flojo de suroeste y oeste.<\/p>\n<p class=\"c-paragraph\"><b>COMUNIDAD VALENCIANA: <\/b>nuboso en la mitad sur e intervalos nubosos en la mitad norte por la ma\u00f1ana, disminuyendo a poco nuboso por la tarde. Probabilidad de lluvias d\u00e9biles en el interior de la mitad sur de madrugada. Temperaturas m\u00ednimas con variaciones ligeras y m\u00e1ximas en descenso ligero en el interior y sin cambios o en ligero ascenso en el resto. Viento flojo del oeste, aumentando a moderado en Valencia y Alicante al mediod\u00eda.<\/p>\n<p class=\"c-paragraph\"><b>REGI\u00d3N DE MURCIA: <\/b>muy nuboso con chubascos ocasionales durante la madrugada, disminuyendo a poco nuboso con intervalos de nubes medias y altas. Temperaturas con pocos cambios, localmente en descenso. Vientos flojos variables, aumentando a moderados de oeste durante las horas centrales. Intervalos fuertes de suroeste en el litoral durante la madrugada.<\/p>\n<p class=\"c-paragraph\"><b>ISLAS BALEARES:<\/b> cubierto con chubascos que podr\u00edan ser fuertes e ir acompa\u00f1ados de tormenta, tendiendo por la tarde a poco nuboso. Temperaturas con pocos cambios o en descenso y con m\u00ednimas que se alcanzar\u00e1n al final del d\u00eda. Viento del sur y suroeste moderado con intervalos de fuerte, tendiendo a componente oeste por la tarde.<\/p>\n<p class=\"c-paragraph\"><b>ANDALUC\u00cdA:<\/b> chubascos ocasionalmente acompa\u00f1ados de tormentas, m\u00e1s probables e intensos de madrugada en M\u00e1laga y sur de la provincia de Granada, donde pueden ser localmente fuertes. Temperaturas m\u00ednimas en descenso; m\u00e1ximas en descenso en el interior del tercio oriental, en ligero ascenso o sin cambios en el resto. Vientos del oeste flojos a moderados, aumentando a fuertes en el litoral mediterr\u00e1neo oriental.<\/p>\n<p class=\"c-paragraph\"><b>CANARIAS: <\/b>poco nuboso tendiendo a nuboso en el norte de las islas monta\u00f1osas durante la ma\u00f1ana y con intervalos en el resto de zonas. Se prev\u00e9n lluvias en general d\u00e9biles, afectando a La Palma desde primeras horas y siendo menos probables en vertientes sur de las islas monta\u00f1osas. No se descarta que puedan ser localmente persistentes en median\u00edas del norte de las islas occidentales.<\/p>\n<p class=\"c-paragraph\">Temperaturas con pocos cambios, salvo ligeros ascensos en median\u00edas del suroeste. Viento en general flojo de direcci\u00f3n variable, aumentando y girando a componente norte a partir del mediod\u00eda.<\/p>\n","protected":false},"excerpt":{"rendered":"La borrasca Claudia seguir\u00e1 acomodada en el noroeste peninsular este domingo y aunque tiende a perder intensidad, mantendr\u00e1&hellip;\n","protected":false},"author":2,"featured_media":238299,"comment_status":"","ping_status":"","sticky":false,"template":"","format":"standard","meta":{"footnotes":""},"categories":[8],"tags":[45206,17,18,21673,25,24,13,14,11,19,20,6194,1179,9,10,15,16,23,12,5556,21,22],"class_list":{"0":"post-238298","1":"post","2":"type-post","3":"status-publish","4":"format-standard","5":"has-post-thumbnail","7":"category-espana","8":"tag-borrasca","9":"tag-breaking-news","10":"tag-breakingnews","11":"tag-claudia","12":"tag-es","13":"tag-espana","14":"tag-featured-news","15":"tag-featurednews","16":"tag-headlines","17":"tag-latest-news","18":"tag-latestnews","19":"tag-lluvias","20":"tag-mas","21":"tag-news","22":"tag-noticias","23":"tag-noticias-destacadas","24":"tag-noticiasdestacadas","25":"tag-spain","26":"tag-titulares","27":"tag-trae","28":"tag-ultimas-noticias","29":"tag-ultimasnoticias"},"share_on_mastodon":{"url":"https:\/\/pubeurope.com\/@es\/115556871317010869","error":""},"_links":{"self":[{"href":"https:\/\/www.europesays.com\/es\/wp-json\/wp\/v2\/posts\/238298","targetHints":{"allow":["GET"]}}],"collection":[{"href":"https:\/\/www.europesays.com\/es\/wp-json\/wp\/v2\/posts"}],"about":[{"href":"https:\/\/www.europesays.com\/es\/wp-json\/wp\/v2\/types\/post"}],"author":[{"embeddable":true,"href":"https:\/\/www.europesays.com\/es\/wp-json\/wp\/v2\/users\/2"}],"replies":[{"embeddable":true,"href":"https:\/\/www.europesays.com\/es\/wp-json\/wp\/v2\/comments?post=238298"}],"version-history":[{"count":0,"href":"https:\/\/www.europesays.com\/es\/wp-json\/wp\/v2\/posts\/238298\/revisions"}],"wp:featuredmedia":[{"embeddable":true,"href":"https:\/\/www.europesays.com\/es\/wp-json\/wp\/v2\/media\/238299"}],"wp:attachment":[{"href":"https:\/\/www.europesays.com\/es\/wp-json\/wp\/v2\/media?parent=238298"}],"wp:term":[{"taxonomy":"category","embeddable":true,"href":"https:\/\/www.europesays.com\/es\/wp-json\/wp\/v2\/categories?post=238298"},{"taxonomy":"post_tag","embeddable":true,"href":"https:\/\/www.europesays.com\/es\/wp-json\/wp\/v2\/tags?post=238298"}],"curies":[{"name":"wp","href":"https:\/\/api.w.org\/{rel}","templated":true}]}}