{"id":238300,"date":"2025-11-16T01:51:14","date_gmt":"2025-11-16T01:51:14","guid":{"rendered":"https:\/\/www.europesays.com\/es\/238300\/"},"modified":"2025-11-16T01:51:14","modified_gmt":"2025-11-16T01:51:14","slug":"multazo-historico-a-adeyemi-por-posesion-ilegal-de-armas","status":"publish","type":"post","link":"https:\/\/www.europesays.com\/es\/238300\/","title":{"rendered":"Multazo hist\u00f3rico a Adeyemi por posesi\u00f3n ilegal de armas"},"content":{"rendered":"<p data-mrf-recirculation=\"Links P\u00e1rrafos\" class=\"ue-c-article__paragraph paragraph ue-c-article--first-letter-highlighted\">k<strong>arim Adeyemi<\/strong> y su pareja, la rapera suiza <strong>Loredana Zefi,<\/strong> se han metido en un buen l\u00edo. La <strong>Polic\u00eda alemana<\/strong> les denunci\u00f3 por <strong>posesi\u00f3n ilegal de armas.<\/strong><br \/>\u200b<br \/><strong>Hace algo m\u00e1s de un a\u00f1o<\/strong> encontraron en su poder D, dos armas cuya<strong> adquisici\u00f3n, posesi\u00f3n y porte<\/strong> constituyen delitos en Alemania.<br \/>\u200b<br \/>\u200bAhora, tras meses de investigaci\u00f3n, ya hay castigo. <strong>Seg\u00fan &#8216;Bild&#8217;<\/strong>, al atacante del <strong>Borussia Dortmund<\/strong>\u00a0y a su pareja se les <strong>ha impuesto una multa de 450.000 euros<\/strong>.\u00a0<br \/>\u200b<br \/>\u200bUna sanci\u00f3n que deber\u00e1 pagar en <strong>60<\/strong>\u00a0<strong>pagos diarios de 7.500 euros<\/strong>. Y puede dar gracias. El internacional alem\u00e1n<strong> se ha librado de la c\u00e1rcel y no contar\u00e1 con antecedentes penales<\/strong>.\u00a0<br \/>\u200b<br \/>\u200bAdeyemi, por ahora, guarda silencio. &#8216;Bild&#8217;, sin embargo, se puso en contacto con <strong>Jorge Mendes<\/strong>, agente del jugador, y desliz\u00f3 que, al parecer, <strong>ambos art\u00edculos proced\u00edan de una &#8216;caja misteriosa&#8217;<\/strong> encargada a trav\u00e9s de <strong>&#8216;Tik Tok&#8217;.\u00a0<\/strong><br \/>\u200b<br \/>\u200bEl Borussia Dortmund s\u00ed que se pronunci\u00f3 al respecto:\u00a0\u00abNuestro club <strong>siempre se toma en serio las acusaciones penales y las utiliza como una oportunidad para discutirlas con sus empleados<\/strong>, respetando las obligaciones de confidencialidad\u00bb.\u00a0<\/p>\n","protected":false},"excerpt":{"rendered":"karim Adeyemi y su pareja, la rapera suiza Loredana Zefi, se han metido en un buen l\u00edo. La&hellip;\n","protected":false},"author":2,"featured_media":238301,"comment_status":"","ping_status":"","sticky":false,"template":"","format":"standard","meta":{"footnotes":""},"categories":[5],"tags":[17,18,25,24,13,14,11,19,20,9,10,15,16,23,12,21,22],"class_list":{"0":"post-238300","1":"post","2":"type-post","3":"status-publish","4":"format-standard","5":"has-post-thumbnail","7":"category-titulares","8":"tag-breaking-news","9":"tag-breakingnews","10":"tag-es","11":"tag-espana","12":"tag-featured-news","13":"tag-featurednews","14":"tag-headlines","15":"tag-latest-news","16":"tag-latestnews","17":"tag-news","18":"tag-noticias","19":"tag-noticias-destacadas","20":"tag-noticiasdestacadas","21":"tag-spain","22":"tag-titulares","23":"tag-ultimas-noticias","24":"tag-ultimasnoticias"},"share_on_mastodon":{"url":"https:\/\/pubeurope.com\/@es\/115556875213240594","error":""},"_links":{"self":[{"href":"https:\/\/www.europesays.com\/es\/wp-json\/wp\/v2\/posts\/238300","targetHints":{"allow":["GET"]}}],"collection":[{"href":"https:\/\/www.europesays.com\/es\/wp-json\/wp\/v2\/posts"}],"about":[{"href":"https:\/\/www.europesays.com\/es\/wp-json\/wp\/v2\/types\/post"}],"author":[{"embeddable":true,"href":"https:\/\/www.europesays.com\/es\/wp-json\/wp\/v2\/users\/2"}],"replies":[{"embeddable":true,"href":"https:\/\/www.europesays.com\/es\/wp-json\/wp\/v2\/comments?post=238300"}],"version-history":[{"count":0,"href":"https:\/\/www.europesays.com\/es\/wp-json\/wp\/v2\/posts\/238300\/revisions"}],"wp:featuredmedia":[{"embeddable":true,"href":"https:\/\/www.europesays.com\/es\/wp-json\/wp\/v2\/media\/238301"}],"wp:attachment":[{"href":"https:\/\/www.europesays.com\/es\/wp-json\/wp\/v2\/media?parent=238300"}],"wp:term":[{"taxonomy":"category","embeddable":true,"href":"https:\/\/www.europesays.com\/es\/wp-json\/wp\/v2\/categories?post=238300"},{"taxonomy":"post_tag","embeddable":true,"href":"https:\/\/www.europesays.com\/es\/wp-json\/wp\/v2\/tags?post=238300"}],"curies":[{"name":"wp","href":"https:\/\/api.w.org\/{rel}","templated":true}]}}