{"id":238302,"date":"2025-11-16T02:00:20","date_gmt":"2025-11-16T02:00:20","guid":{"rendered":"https:\/\/www.europesays.com\/es\/238302\/"},"modified":"2025-11-16T02:00:20","modified_gmt":"2025-11-16T02:00:20","slug":"unai-simon-acaba-el-partido-con-una-ligera-cojera-al-lastimarse-el-tobillo","status":"publish","type":"post","link":"https:\/\/www.europesays.com\/es\/238302\/","title":{"rendered":"Unai Sim\u00f3n acaba el partido con una ligera cojera al lastimarse el tobillo"},"content":{"rendered":"<p>No se apreci\u00f3 durante el partido, pero s\u00ed en los res\u00famenes posteriores que emitieron las televisiones. Unai Sim\u00f3n sali\u00f3 del estadio de Tiflis con una  &#8230; ostensible cojera. Al parecer se lastim\u00f3 el tobillo derecho en los \u00faltimos minutos del partido que le hace ser duda para el compromiso de la Roja el martes ante Turqu\u00eda en el estadio de La Cartuja. A falta de que la selecci\u00f3n emita un parte de las molestias que padece el guardameta del Athletic, todo apunta a que el de Murgia descansar\u00e1 y que su puesto lo ocupar\u00e1 David Raya a la espera de que se recupere para el choque del pr\u00f3ximo fin de semana ante el Barcelona. <\/p>\n<p><a href=\"http:\/\/www.elcorreo.com\/deportes\/futbol\/seleccion-espanola\/espana-tritura-georgia-prepara-fiesta-sevilla-20251115200301-ntrc.html#vtm_modulosEngag=mod-rel:deportes:noticia:1:cmp:1-not\" class=\"v-a-link\" aria-label=\"Imagen\" rel=\"nofollow noopener\" target=\"_blank\"><\/p>\n<p><img decoding=\"async\" loading=\"lazy\" src=\"https:\/\/www.europesays.com\/es\/wp-content\/uploads\/2025\/11\/mikel-oyarzabal-kmK--366x256@RC.JPG\" class=\"v-a-img\" width=\"258\" height=\"180\" alt=\"\" data-voc-vtm-id=\"in-text-traffic\"\/><\/p>\n<p><\/a><\/p>\n<p class=\"v-p\">Fue la \u00fanica nota que genera cierta preocupaci\u00f3n entre los aficionados rojiblancos, porque hasta el pitido final los tres seleccionados del equipo de Ernesto Valverde hab\u00edan vivido un duelo pl\u00e1cido contra Georgia en Tiflis. Unai Sim\u00f3n y Aymeric Laporte lo hicieron en el campo, mientras que a Dani Vivi\u00e1n le toc\u00f3 hacerlo desde el banquillo. <\/p>\n<p class=\"v-p\">El portero mantuvo su imbatibilidad y ya son 509 los minutos que lleva sin recibir un tanto. Tuvo cierta fortuna porque en los \u00faltimos quince minutos del encuentro, cuando m\u00e1s se estiraron los georgianos en busca del tanto del honor, un centro desde la banda derecha lo trat\u00f3 de despejar Marcos Llorente, pero rebot\u00f3 en los pies de Cubars\u00ed y se fue al palo. El rechace finalmente lo sac\u00f3 el lateral del Atl\u00e9tico.<\/p>\n<p>Laporte, resolutivo<\/p>\n<p class=\"v-p\">Esta ocasi\u00f3n y un disparo que ataj\u00f3 bien el guardameta alav\u00e9s fueron las dos \u00fanicas aproximaciones con cierto peligro en las que tuvo que intervenir en la segunda mitad. En la primera, toc\u00f3 tres balones, todos con los pies para despejarlos, porque el repliegue de la defensa de Espa\u00f1a result\u00f3 muy efectivo.<\/p>\n<p class=\"v-p\">La lesi\u00f3n de Le Normand ante el Union St. Galloise, en Champions, y los problemas musculares que sufri\u00f3 el central de Real Madrid Huijsen en el \u00faltimo entrenamiento antes del choque facilitaron que Laporte fuera titular y cumpli\u00f3 con creces. Tuvo de compa\u00f1ero a Cubars\u00ed y fue el encargado de sacar el bal\u00f3n desde atr\u00e1s, sobre todo durante la primera mitad. El de Agen mostr\u00f3 una buena conexi\u00f3n con Baena en la banda izquierda, y una de ellas fue el origen del penalti con el que Oyarzabal abri\u00f3 el marcador.<\/p>\n<p class=\"v-p\">Bien posicionado, se encarg\u00f3 de cortar un bal\u00f3n profundo que los georgianos metieron en el \u00faltimo minuto antes del descanso. Tras la reanudaci\u00f3n mostr\u00f3 su autoridad para evitar que sus rivales se crecieran. Vivi\u00e1n, por su parte vio el choque desde el banquillo. Puede que tenga su oportunidad el martes. <\/p>\n","protected":false},"excerpt":{"rendered":"No se apreci\u00f3 durante el partido, pero s\u00ed en los res\u00famenes posteriores que emitieron las televisiones. Unai Sim\u00f3n&hellip;\n","protected":false},"author":2,"featured_media":238303,"comment_status":"","ping_status":"","sticky":false,"template":"","format":"standard","meta":{"footnotes":""},"categories":[268],"tags":[1616,168,25,24,280,282,61590,61591,2179,1264,1156,1262,4800,281,23,167,15267,36327],"class_list":{"0":"post-238302","1":"post","2":"type-post","3":"status-publish","4":"format-standard","5":"has-post-thumbnail","7":"category-futbol","8":"tag-defensa","9":"tag-deportes","10":"tag-es","11":"tag-espana","12":"tag-football","13":"tag-futbol","14":"tag-imbatido","15":"tag-jerarquia","16":"tag-laporte","17":"tag-minutos","18":"tag-muestra","19":"tag-sigue","20":"tag-simon","21":"tag-soccer","22":"tag-spain","23":"tag-sports","24":"tag-unai","25":"tag-vivian"},"share_on_mastodon":{"url":"https:\/\/pubeurope.com\/@es\/115556910882808185","error":""},"_links":{"self":[{"href":"https:\/\/www.europesays.com\/es\/wp-json\/wp\/v2\/posts\/238302","targetHints":{"allow":["GET"]}}],"collection":[{"href":"https:\/\/www.europesays.com\/es\/wp-json\/wp\/v2\/posts"}],"about":[{"href":"https:\/\/www.europesays.com\/es\/wp-json\/wp\/v2\/types\/post"}],"author":[{"embeddable":true,"href":"https:\/\/www.europesays.com\/es\/wp-json\/wp\/v2\/users\/2"}],"replies":[{"embeddable":true,"href":"https:\/\/www.europesays.com\/es\/wp-json\/wp\/v2\/comments?post=238302"}],"version-history":[{"count":0,"href":"https:\/\/www.europesays.com\/es\/wp-json\/wp\/v2\/posts\/238302\/revisions"}],"wp:featuredmedia":[{"embeddable":true,"href":"https:\/\/www.europesays.com\/es\/wp-json\/wp\/v2\/media\/238303"}],"wp:attachment":[{"href":"https:\/\/www.europesays.com\/es\/wp-json\/wp\/v2\/media?parent=238302"}],"wp:term":[{"taxonomy":"category","embeddable":true,"href":"https:\/\/www.europesays.com\/es\/wp-json\/wp\/v2\/categories?post=238302"},{"taxonomy":"post_tag","embeddable":true,"href":"https:\/\/www.europesays.com\/es\/wp-json\/wp\/v2\/tags?post=238302"}],"curies":[{"name":"wp","href":"https:\/\/api.w.org\/{rel}","templated":true}]}}