{"id":238321,"date":"2025-11-16T02:14:17","date_gmt":"2025-11-16T02:14:17","guid":{"rendered":"https:\/\/www.europesays.com\/es\/238321\/"},"modified":"2025-11-16T02:14:17","modified_gmt":"2025-11-16T02:14:17","slug":"euskadi-palestina-solidaridad-y-futbol-en-san-mames-diario-as","status":"publish","type":"post","link":"https:\/\/www.europesays.com\/es\/238321\/","title":{"rendered":"Euskadi-Palestina: solidaridad y f\u00fatbol en San Mam\u00e9s &#8211; Diario AS"},"content":{"rendered":"<ol>\n<li><a href=\"https:\/\/news.google.com\/rss\/articles\/CBMinAFBVV95cUxOdGx1U2Y0TXE5SkR4VW5xZWhCazV6UF9Jam1nUDhyanJmWk5LVTVndThFVkVteVJYSkQ5MTM4WFRMbE9OcG1Wa1hJR1RwN2VYdnM1dGUwdjNBM1h0SU00dzVRRnZkMERNWjkxQUxjYWp1ZDlHbWlTYko4bzY1WGpIOU9pSklTam14TTZwTFJMMXhQSDU4YVdmNXZZLTDSAbABQVVfeXFMUC1NVHVQNVFrc0Q5YWh5Z0RYaThLZHZoNDBsYkE2VTR2VkdLYVV4ZENWRUp6Q2tUUVo1QVJrNG5rYXd6SnE5TGVBckI5aFZGcHdXT0dUZlNJOVY0X1JmOE9wNlJxZjQyODJELTFYWndmM3kyaW5rZmdRY1lMUGQyd3BKZE41OWlCNm9YdkdkQUpEQ0Z1ZlZqNGV4bFdoaHFTNktVWERKd1ZhYm9kZzFvRS0?oc=5\" target=\"_blank\" rel=\"nofollow noopener\">Euskadi-Palestina: solidaridad y f\u00fatbol en San Mam\u00e9s<\/a>&nbsp;&nbsp;Diario AS<\/li>\n<li><a href=\"https:\/\/news.google.com\/rss\/articles\/CBMif0FVX3lxTE9jd19NazlDYkdIYnMtUFo3VmV6cjdXU20wV3gwX0VDTjZQUE1jX0xvY29FVnhiLUttb2Ewd3FwMVBSNFpFU2ZwU3prOVFwNXZ5NmJhLWQ3OVJhS2txbG5HUVA1Y2NKbks2b3dYcXppYzVlRUdZOGJuMWdpbFdnTnPSAX9BVV95cUxPdlVCVllnczA0UHgtMVozcHhCcElKejRhRkRnM2NCclYtU0J5Y3Z5NE81bVBXejZLaWluVmFjaFNfVlg4SVFsVzFPck1LSkhfLUN0c0ZrM1hFSk9XU25jMktudzNFcTB3Q3ZLNnBoX2w5cGVTU3Q2ZTZLUEhFS19j?oc=5\" target=\"_blank\" rel=\"nofollow noopener\">20.000 manifestantes se suman a la marcha ultra &#8216;abertzale&#8217; por Palestina con gritos contra Espa\u00f1a y quema de contenedores<\/a>&nbsp;&nbsp;El Mundo<\/li>\n<li><a href=\"https:\/\/news.google.com\/rss\/articles\/CBMiugFBVV95cUxQNzVlNVNVWGdDclVGUWZMUW40N1RuTEJIYmM1MFNaakx4SHJEYjN2VEZDS2lGY0JFVnUwaU5mUDZJMlBMcTlLSFhJYkdTU3B4WmUxV2xjaVpnOThrcW01eFRxb084RXQ2RXgzdEpuc01QSU9Dd21xQ2VDR0pEckRXWEw5eHNGc3RjMXBuVjZTdnNyVzB5VjQ3d0IxMnFXX21ycHBUcWdESmxvT1ZVU1VIc1RBZUhybUdDWUE?oc=5\" target=\"_blank\" rel=\"nofollow noopener\">Cinco contenedores quemados, bengalas y botellas contra la Ertzaintza en la marcha de GKS<\/a>&nbsp;&nbsp;El Correo<\/li>\n<li><a href=\"https:\/\/news.google.com\/rss\/articles\/CBMi2AFBVV95cUxNb2cxMnFxUDc5c1d4aEYwcTlPNDV4d1hTYVFwdE9ETUhSaUxDZ3FQcklYUDhQRll2TXczTFJDbldnRkFEUGJjNlo2UVRkODl1d0xSY1RBQ25xREFFdzU2MXMxR0Nyc2lib1BUSWFsQ2cyTUVKeHJ5dUI0bjZOR3IzNlpaWkxRS1J5U0l4cjZkZkJTYUtXSjNPRFYwXy0yLTI5SVBkQ1hPYm1VVEkwenhCNHBqVExoZjU1MzI0ZG8wWHFtUVFTQmR5cENtT1lOV2ExWVhDMDdHSWQ?oc=5\" target=\"_blank\" rel=\"nofollow noopener\">Y una ministra de Espa\u00f1a presidi\u00f3 el partido de la selecci\u00f3n vasca: el gran simbolismo pol\u00edtico del encuentro contra Palestina<\/a>&nbsp;&nbsp;elDiario.es<\/li>\n<li><a href=\"https:\/\/news.google.com\/rss\/articles\/CBMisgFBVV95cUxQTWR3RDlLTVlWSjJBXzFsY3FSS0oxcHpmNU12QXV4WmpQRjBJNkMwMzdCYW42bXpfVkZ3Y0h6ZXd6OFl5SzduMmI1ekpEYWwwNEdTdHEtRXRVZzhDYkJPQzlJY2hMMmRqWTE2NFRtM2VmSUhaOXBYdmRVWVE2U3Bqb3ZkSHBvYXZpQWZBNUdPUzBxOWlxQTRpR3BpWDhud2JzLTNlUUw2dkpVdnMzQ0w5azNB?oc=5\" target=\"_blank\" rel=\"nofollow noopener\">San Mam\u00e9s retumba por la libertad de los pueblos vasco y palestino<\/a>&nbsp;&nbsp;naiz:<\/li>\n<\/ol>\n","protected":false},"excerpt":{"rendered":"Euskadi-Palestina: solidaridad y f\u00fatbol en San Mam\u00e9s&nbsp;&nbsp;Diario AS 20.000 manifestantes se suman a la marcha ultra &#8216;abertzale&#8217; por&hellip;\n","protected":false},"author":2,"featured_media":238322,"comment_status":"","ping_status":"","sticky":false,"template":"","format":"standard","meta":{"footnotes":""},"categories":[5],"tags":[17,18,25,24,13,14,11,19,20,9,10,15,16,23,12,21,22],"class_list":{"0":"post-238321","1":"post","2":"type-post","3":"status-publish","4":"format-standard","5":"has-post-thumbnail","7":"category-titulares","8":"tag-breaking-news","9":"tag-breakingnews","10":"tag-es","11":"tag-espana","12":"tag-featured-news","13":"tag-featurednews","14":"tag-headlines","15":"tag-latest-news","16":"tag-latestnews","17":"tag-news","18":"tag-noticias","19":"tag-noticias-destacadas","20":"tag-noticiasdestacadas","21":"tag-spain","22":"tag-titulares","23":"tag-ultimas-noticias","24":"tag-ultimasnoticias"},"share_on_mastodon":{"url":"https:\/\/pubeurope.com\/@es\/115556965644599461","error":""},"_links":{"self":[{"href":"https:\/\/www.europesays.com\/es\/wp-json\/wp\/v2\/posts\/238321","targetHints":{"allow":["GET"]}}],"collection":[{"href":"https:\/\/www.europesays.com\/es\/wp-json\/wp\/v2\/posts"}],"about":[{"href":"https:\/\/www.europesays.com\/es\/wp-json\/wp\/v2\/types\/post"}],"author":[{"embeddable":true,"href":"https:\/\/www.europesays.com\/es\/wp-json\/wp\/v2\/users\/2"}],"replies":[{"embeddable":true,"href":"https:\/\/www.europesays.com\/es\/wp-json\/wp\/v2\/comments?post=238321"}],"version-history":[{"count":0,"href":"https:\/\/www.europesays.com\/es\/wp-json\/wp\/v2\/posts\/238321\/revisions"}],"wp:featuredmedia":[{"embeddable":true,"href":"https:\/\/www.europesays.com\/es\/wp-json\/wp\/v2\/media\/238322"}],"wp:attachment":[{"href":"https:\/\/www.europesays.com\/es\/wp-json\/wp\/v2\/media?parent=238321"}],"wp:term":[{"taxonomy":"category","embeddable":true,"href":"https:\/\/www.europesays.com\/es\/wp-json\/wp\/v2\/categories?post=238321"},{"taxonomy":"post_tag","embeddable":true,"href":"https:\/\/www.europesays.com\/es\/wp-json\/wp\/v2\/tags?post=238321"}],"curies":[{"name":"wp","href":"https:\/\/api.w.org\/{rel}","templated":true}]}}