{"id":238333,"date":"2025-11-16T02:31:08","date_gmt":"2025-11-16T02:31:08","guid":{"rendered":"https:\/\/www.europesays.com\/es\/238333\/"},"modified":"2025-11-16T02:31:08","modified_gmt":"2025-11-16T02:31:08","slug":"ulises-toirac-denuncia-la-tardanza-del-regimen-en-declarar-la-epidemia-de-arbovirosis-en-cuba","status":"publish","type":"post","link":"https:\/\/www.europesays.com\/es\/238333\/","title":{"rendered":"Ulises Toirac denuncia la tardanza del r\u00e9gimen en declarar la epidemia de arbovirosis en Cuba"},"content":{"rendered":"<p>El humorista cubano Ulises Toirac cuestion\u00f3 este viernes la demora del r\u00e9gimen en declarar oficialmente la <a href=\"https:\/\/www.cibercuba.com\/noticias\/2025-11-12-u1-e207888-s27061-nid314730-regimen-admite-descontrol-arbovirosis-cuba-responde\" rel=\"nofollow noopener\" target=\"_blank\"><strong>epidemia de arbovirosis en Cuba<\/strong><\/a>, tras meses en que el pa\u00eds se vio desbordado por el dengue, chikungunya y otras enfermedades transmitidas por mosquitos.<\/p>\n<p>En una publicaci\u00f3n en <a href=\"https:\/\/www.facebook.com\/ulisestoiraccuba\/posts\/pfbid02ztM3sWPxCUxsEdJwbFtUJ25X3W8eNSBMubvjqABrgeNzYgKNwww7h2qqtuDMH1A8l\" rel=\"nofollow noopener\" target=\"_blank\">Facebook<\/a>, Toirac lament\u00f3 que las autoridades hayan reconocido la epidemia solo ahora, <a href=\"https:\/\/www.cibercuba.com\/noticias\/2025-11-13-u1-e42839-s27061-nid314801-diaz-canel-promete-enfrentar-epidemia-covid-19-desata\" rel=\"nofollow noopener\" target=\"_blank\"><strong>cuando la situaci\u00f3n es ya incontrolable<\/strong><\/a> y miles de cubanos han enfermado en todo el pa\u00eds.<\/p>\n<p>Captura Facebook \/ Ulises Toirac<\/p>\n<p>\u201cHace dos o tres d\u00edas se habl\u00f3 por primera vez de epidemia por arbovirosis en Cuba, mientras la gente ca\u00eda como moscas desde hace tres meses en sitios como Matanzas\u201d, escribi\u00f3 el humorista, quien recientemente dijo <strong><a href=\"https:\/\/www.cibercuba.com\/noticias\/2025-11-13-u1-e42839-s27061-nid314807-ulises-toirac-contagia-chikungunya-estoy-moda\" rel=\"nofollow noopener\" target=\"_blank\">estar \u201ca la moda\u201d en enfermar de chikungunya<\/a><\/strong>.<\/p>\n<p>Toirac calific\u00f3 la actuaci\u00f3n del r\u00e9gimen como un acto de \u201cindolencia\u201d, al haber negado durante semanas la existencia de un brote masivo que ya era evidente para la poblaci\u00f3n.<\/p>\n<p>\u201cLas autoridades sanitarias han negado durante un tiempo precioso la existencia de una situaci\u00f3n que hoy es imposible controlar\u201d, se\u00f1al\u00f3.<\/p>\n<p>El comediante record\u00f3 que, a diferencia del coronavirus, las arbovirosis son transmitidas por mosquitos, y que Cuba ofrece condiciones ideales para su propagaci\u00f3n debido a la falta de saneamiento y la acumulaci\u00f3n de basura en las ciudades.<\/p>\n<p>\u201c<a href=\"https:\/\/www.cibercuba.com\/noticias\/2025-11-14-u1-e135253-s27061-nid314881-regimen-cubano-fabrica-repelentes-naturales-despues\" rel=\"nofollow noopener\" target=\"_blank\">El pa\u00eds es una especie de panacea para esos insectos<\/a>. Un n\u00famero tan elevado de mosquitos hace pr\u00e1cticamente imposible detener la propagaci\u00f3n. Ning\u00fan repelente es eficaz 100%. Siempre hay un mosquito HDLP que pica\u201d, ironiz\u00f3.<\/p>\n<p>Toirac tambi\u00e9n denunci\u00f3 la ausencia de informaci\u00f3n y orientaci\u00f3n a la poblaci\u00f3n, a la que calific\u00f3 como v\u00edctima de las consecuencias de la gesti\u00f3n sanitaria del r\u00e9gimen.<\/p>\n<p>\u201cLa poblaci\u00f3n, sin orientaci\u00f3n al respecto, ha sido v\u00edctima de todas las consecuencias. Incluyendo la muerte. Y esto es otro nivel de indolencia\u201d, concluy\u00f3.<\/p>\n<p>La declaraci\u00f3n del humorista se suma al creciente malestar social por la crisis epidemiol\u00f3gica que vive el pa\u00eds, tras meses de silencio oficial y falta de transparencia.<\/p>\n<p>En los \u00faltimos d\u00edas, m\u00e9dicos, activistas y ciudadanos <a href=\"https:\/\/www.cibercuba.com\/noticias\/2025-11-12-u1-e135253-s27061-nid314758-medico-cubano-denuncia-mi-pais-necesita-intervencion\" rel=\"nofollow noopener\" target=\"_blank\"><strong>han denunciado el colapso hospitalario<\/strong><\/a> y la falta de recursos para enfrentar una epidemia que el gobierno intent\u00f3 ocultar.<\/p>\n","protected":false},"excerpt":{"rendered":"El humorista cubano Ulises Toirac cuestion\u00f3 este viernes la demora del r\u00e9gimen en declarar oficialmente la epidemia de&hellip;\n","protected":false},"author":2,"featured_media":238334,"comment_status":"","ping_status":"","sticky":false,"template":"","format":"standard","meta":{"footnotes":""},"categories":[92],"tags":[11524,49156,2216,1293,18606,25,24,47839,165,4360,166,23,61596,46801],"class_list":{"0":"post-238333","1":"post","2":"type-post","3":"status-publish","4":"format-standard","5":"has-post-thumbnail","7":"category-salud","8":"tag-chikungunya","9":"tag-crisis-sanitaria","10":"tag-dengue","11":"tag-enfermedades","12":"tag-epidemias","13":"tag-es","14":"tag-espana","15":"tag-gobierno-cubano","16":"tag-health","17":"tag-noticias-de-cuba","18":"tag-salud","19":"tag-spain","20":"tag-ulises-toirac","21":"tag-virus-de-oropouche"},"share_on_mastodon":{"url":"https:\/\/pubeurope.com\/@es\/115557032586279659","error":""},"_links":{"self":[{"href":"https:\/\/www.europesays.com\/es\/wp-json\/wp\/v2\/posts\/238333","targetHints":{"allow":["GET"]}}],"collection":[{"href":"https:\/\/www.europesays.com\/es\/wp-json\/wp\/v2\/posts"}],"about":[{"href":"https:\/\/www.europesays.com\/es\/wp-json\/wp\/v2\/types\/post"}],"author":[{"embeddable":true,"href":"https:\/\/www.europesays.com\/es\/wp-json\/wp\/v2\/users\/2"}],"replies":[{"embeddable":true,"href":"https:\/\/www.europesays.com\/es\/wp-json\/wp\/v2\/comments?post=238333"}],"version-history":[{"count":0,"href":"https:\/\/www.europesays.com\/es\/wp-json\/wp\/v2\/posts\/238333\/revisions"}],"wp:featuredmedia":[{"embeddable":true,"href":"https:\/\/www.europesays.com\/es\/wp-json\/wp\/v2\/media\/238334"}],"wp:attachment":[{"href":"https:\/\/www.europesays.com\/es\/wp-json\/wp\/v2\/media?parent=238333"}],"wp:term":[{"taxonomy":"category","embeddable":true,"href":"https:\/\/www.europesays.com\/es\/wp-json\/wp\/v2\/categories?post=238333"},{"taxonomy":"post_tag","embeddable":true,"href":"https:\/\/www.europesays.com\/es\/wp-json\/wp\/v2\/tags?post=238333"}],"curies":[{"name":"wp","href":"https:\/\/api.w.org\/{rel}","templated":true}]}}