{"id":238344,"date":"2025-11-16T02:45:16","date_gmt":"2025-11-16T02:45:16","guid":{"rendered":"https:\/\/www.europesays.com\/es\/238344\/"},"modified":"2025-11-16T02:45:16","modified_gmt":"2025-11-16T02:45:16","slug":"un-inerte-granca-se-estrella-ante-sus-complejos-78-92","status":"publish","type":"post","link":"https:\/\/www.europesays.com\/es\/238344\/","title":{"rendered":"Un inerte Granca se estrella ante sus complejos (78-92)"},"content":{"rendered":"<p><a class=\"v-mdl-ath__fig-a\" href=\"https:\/\/www.canarias7.es\/autor\/kevin-fontecha-perez-3392.html\" title=\"Kevin Fontecha P\u00e9rez\" rel=\"nofollow noopener\" target=\"_blank\"><br \/>\n<img decoding=\"async\" class=\"v-mdl-ath__img\" src=\"https:\/\/www.europesays.com\/es\/wp-content\/uploads\/2025\/07\/autor-3392-foto-2.jpeg\" alt=\"Kevin Fontecha P\u00e9rez\"\/><br \/>\n<\/a><\/p>\n<p class=\"v-mdl-ath__p v-mdl-ath__p--6\">\nS\u00e1bado, 15 de noviembre 2025, 21:02<\/p>\n<p>| Actualizado 21:11h.<\/p>\n<p class=\"v-p\">La gruesa herida de los complejos atorment\u00f3 a un CB Gran Canaria que mereci\u00f3 caer ante su gente contra un Joventut Badalona superior de principio a fin. Los amarillos firmaron un inicio fam\u00e9lico para irse al descanso ya con la contienda sentenciada, lo que luego permiti\u00f3 a los catalanes bajar el ritmo y dosificar esfuerzos. <strong>Se llev\u00f3 m\u00e1s aplausos Ricky Rubio<\/strong>, ovacionado en Siete Palmas,<strong> que el equipo local<\/strong>. Y eso, sin menospreciar la leyenda del base internacional por Espa\u00f1a, lo dice todo.<\/p>\n<p class=\"v-p\">Con Albicy, Wong, Tobey, Brussino y Labeyre, el Granca comprendi\u00f3 que si quer\u00eda dejar la victoria en la isla iba a tener que sudar sangre. Porque <strong>el Joventut no pensaba perdonar nada<\/strong>. Y eso qued\u00f3 claro en la primera acci\u00f3n de ataque, cuando Tobey se llev\u00f3 una se\u00f1ora chapa de Birgander. Los primeros puntos llegaban tras una bandeja de Hanga, mientras que Miret sentaba a Hunt al ver dos tempraneras faltas. <\/p>\n<p class=\"v-p\">Respond\u00eda Labeyrie bajo el aro y tambi\u00e9n Lakovic, dando entrada a Angola. Guill\u00e9n Vives, con un triple, aventajaba a los suyos, que se pon\u00edan ya cinco tantos arriba y Birgander mandaba un aviso a navegantes colocando el 2-9 en el electr\u00f3nico a 6:27 para cerrar el primer cuarto. Otro triple de Vives pon\u00eda a los suyos diez arriba (2-12) mientras el Granca todav\u00eda no hab\u00eda comparecido. <\/p>\n<p class=\"v-p\">Ni el tiempo muerto solicitado por Lakovic iba a frenar la sangr\u00eda. Brussino, en plena penetraci\u00f3n, recib\u00eda un tap\u00f3n intimidante y, en la siguiente, nuevo triple descomunal para los visitantes, que se escapaban (2-15). Angola daba se\u00f1ales de vida con una buena canasta, pero acto seguido se perd\u00eda en unos pasos que evidenciaban la gigante frustraci\u00f3n del Granca. Llov\u00eda otro triple visitante, esta vez desde la mu\u00f1eca de Ruzic y <strong>el 4-22 sonrojaba ya demasiado<\/strong>. Los amarillos cerraban un primer cuarto inaceptable, entre pitos y abucheos de la afici\u00f3n, veinte puntos abajo (9-29).<\/p>\n<p>Inferioridad en todo momento<\/p>\n<p class=\"v-p\">El segundo cuarto arrancaba con un triple de Pelos, pero nada iba a cambiar. Misma din\u00e1mica, mismo paseo del Joventut. Pero, por lo menos, anotaba el primer triple despu\u00e9s de siete intentos claretianos. Luego fue Vila, con otro triple, quien se ganaba los aplausos de la grada. Aun as\u00ed, los agujeros atr\u00e1s segu\u00edan haciendo da\u00f1o a un CB Gran Canaria que se quer\u00eda acercar en el resultado (17-33, a 7:12). <strong>Wong pon\u00eda algo de colmillo <\/strong>al asunto y reduc\u00eda la distancia a 14 puntos (21-35). <\/p>\n<p class=\"v-p\">Cuando el Granca quer\u00eda apretar, el catedr\u00e1dico Ricky Rubio daba un portazo. Veteran\u00eda para robar balones y calidad inigualable para penetrar a canasta la del base internacional por Espa\u00f1a (21-42, a 3:46 para finalizar el segundo acto). Brussino y Wong eran los \u00fanicos amarillos que cre\u00edan en un triunfo que, a medida que pesaba el reloj, se convert\u00eda en utop\u00eda. La distancia no se mov\u00eda y el combinado insular se marchaba al descanso con s\u00edntomas fam\u00e9licos y con su gente bastante cabreada (33-49). Sin rastro a\u00fan del Granca en el recinto de Siete Palmas.<\/p>\n<p>Reacci\u00f3n y coraje<\/p>\n<p class=\"v-p\">Tras el intermedio, Pelos intentaba enchufar a los suyos con una buena canasta, mientras Lakovic ped\u00eda m\u00e1s defensa a sus jugadores y hac\u00eda gestos repletos de incredulidad cuando Hunt bailaba para entrar casi sin oposici\u00f3n y subir el 35-51 al electr\u00f3nico. <strong>Un triple desde casi ocho metros de Nico Brussino<\/strong>, mano arriba incluida mientras la bola besaba la red, hac\u00eda rugir al Arena. Parec\u00eda sacudirse el letargo, por fin, el CB Gran Canaria, que sembraba incluso alguna duda en un Joventut que no hab\u00eda encontrado oposici\u00f3n hasta el momento. <\/p>\n<p class=\"v-p\">Dos tiros libres de Isaiah Wong dibujaban el posible milagro al que quer\u00edan aferrarse los chicos de Lakovic (41-53). Los <strong>nervios visitantes <\/strong>se traduc\u00edan en una t\u00e9cnica que ya situaba en \u00f3rbita al cuadro claretiano, a tan solo nueve puntos del equipo catal\u00e1n (44-53). Labeyrie contrarrestaba el 2+1 de Tomic con un triple hac\u00eda explotar el pabell\u00f3n. Quer\u00eda so\u00f1ar la gente con una remontada que, al descanso, se sospechaba imposible.<\/p>\n<p class=\"v-p\"> Tras una canasta sencilla errada por Angola, Kur Kuath se elevaba para meter un tap\u00f3n antol\u00f3gico (47-62, a falta de 2:50 para concluir el tercer cuarto). Angola sacaba la cuarta falta personal a Cameron Hunt y ya condicionaba todo de cara al \u00faltimo acto. Vila dejaba a doce puntos al Granca (50-62), pero Tomic segu\u00eda pase\u00e1ndose. <strong>Rubio bajaba al parqu\u00e9 las esperanzas amarillas con dos triples seguidos<\/strong> \u201414 puntos sumaba ya\u2014, aunque Samar y Pelos le rebat\u00edan con otros dos triples (58-71). <\/p>\n<p>\u00daltima bala<\/p>\n<p class=\"v-p\">Angola y Pelos invitaban a so\u00f1ar con la remontada (62-71) y el Arena mord\u00eda. Wong, en una acci\u00f3n de mucho \u00edmpetu, interceptando un bal\u00f3n dividido y anotando en su penetraci\u00f3n a canasta, reduc\u00eda la diferencia a siete puntos (64-71, a 7:19). Fue, por fin, cuando el CB Gran Canaria crey\u00f3 realmente que pod\u00eda conquistar la victoria. Samar volv\u00eda a acercar distancias (68-77) y quedaban todav\u00eda cinco minutos para obrar el milagro. La esperanza dur\u00f3 hasta que Cameron Hunt, acabando la posesi\u00f3n, se marcaba un canast\u00f3n que sentaba como un pu\u00f1al al pecho. Ya nada iba a poder hacer el Granca (68-82, a 4.00 para el final). <\/p>\n<p class=\"v-p\">En los minutos finales pec\u00f3 el Granca de indolente cometiendo faltas que no deb\u00eda y malgastando la oportunidad de trasladar la tensi\u00f3n al rival. Al final, derrota justa tras dos cuartos lamentables que condicionaron el devenir de la contienda. Todo acab\u00f3 78-92. <\/p>\n<p>Ficha t\u00e9cnica<\/p>\n<p class=\"v-p\">78. Dreamland Gran Canaria (9+24+25+20): Albicy (2), Wong (20), Brussino (11), Labeyrie (8) y Tobey (-) -quinteto titular-; Maniema (-), Angola (7), Salv\u00f3 (-), Samar (11), Pelos (11), Kuath (1) y Vila (7).<\/p>\n<p class=\"v-p\">Entrenador: Jaka Lakovic.<\/p>\n<p class=\"v-p\">92. Joventut Badalona (29+20+22+21): Hakanson (6), Drell (2), Hunt (7), Hanga (4), Birgander (14), -quinteto titular-; Drell (2), Kraag (-), Rubio (17), Vives (6), Allen (3), Ruzic (16) y Tomic (17).<\/p>\n<p class=\"v-p\">Entrenador: Daniel Miret.<\/p>\n<p class=\"v-p\">\u00c1rbitros: Carlos Cort\u00e9s, Luis Miguel Castillo y Rub\u00e9n S\u00e1nchez Mohedas. Eliminaron por personales al base local Andrew Albicy y al escolta visitante Cameron Hunt. <\/p>\n<p class=\"v-p\">Incidencias: Encuentro correspondiente a la s\u00e9ptima jornada de la Liga Endesa disputada en el Gran Canaria Arena ante 6.864 espectadores. En los proleg\u00f3menos del choque se rindi\u00f3 un homenaje especial al base amarillo Andrew Albicy tras convertirse en el l\u00edder hist\u00f3rico del club en el cap\u00edtulo de asistencias con 1.186.<\/p>\n<p>Reporta un error<\/p>\n","protected":false},"excerpt":{"rendered":"S\u00e1bado, 15 de noviembre 2025, 21:02 | Actualizado 21:11h. La gruesa herida de los complejos atorment\u00f3 a un&hellip;\n","protected":false},"author":2,"featured_media":238345,"comment_status":"","ping_status":"","sticky":false,"template":"","format":"standard","meta":{"footnotes":""},"categories":[269],"tags":[1575,299,298,10235,168,25,24,14267,14248,61597,23,167],"class_list":{"0":"post-238344","1":"post","2":"type-post","3":"status-publish","4":"format-standard","5":"has-post-thumbnail","7":"category-baloncesto","8":"tag-ante","9":"tag-baloncesto","10":"tag-basketball","11":"tag-complejos","12":"tag-deportes","13":"tag-es","14":"tag-espana","15":"tag-estrella","16":"tag-granca","17":"tag-inerte","18":"tag-spain","19":"tag-sports"},"share_on_mastodon":{"url":"https:\/\/pubeurope.com\/@es\/115557087966034457","error":""},"_links":{"self":[{"href":"https:\/\/www.europesays.com\/es\/wp-json\/wp\/v2\/posts\/238344","targetHints":{"allow":["GET"]}}],"collection":[{"href":"https:\/\/www.europesays.com\/es\/wp-json\/wp\/v2\/posts"}],"about":[{"href":"https:\/\/www.europesays.com\/es\/wp-json\/wp\/v2\/types\/post"}],"author":[{"embeddable":true,"href":"https:\/\/www.europesays.com\/es\/wp-json\/wp\/v2\/users\/2"}],"replies":[{"embeddable":true,"href":"https:\/\/www.europesays.com\/es\/wp-json\/wp\/v2\/comments?post=238344"}],"version-history":[{"count":0,"href":"https:\/\/www.europesays.com\/es\/wp-json\/wp\/v2\/posts\/238344\/revisions"}],"wp:featuredmedia":[{"embeddable":true,"href":"https:\/\/www.europesays.com\/es\/wp-json\/wp\/v2\/media\/238345"}],"wp:attachment":[{"href":"https:\/\/www.europesays.com\/es\/wp-json\/wp\/v2\/media?parent=238344"}],"wp:term":[{"taxonomy":"category","embeddable":true,"href":"https:\/\/www.europesays.com\/es\/wp-json\/wp\/v2\/categories?post=238344"},{"taxonomy":"post_tag","embeddable":true,"href":"https:\/\/www.europesays.com\/es\/wp-json\/wp\/v2\/tags?post=238344"}],"curies":[{"name":"wp","href":"https:\/\/api.w.org\/{rel}","templated":true}]}}