{"id":238356,"date":"2025-11-16T02:55:08","date_gmt":"2025-11-16T02:55:08","guid":{"rendered":"https:\/\/www.europesays.com\/es\/238356\/"},"modified":"2025-11-16T02:55:08","modified_gmt":"2025-11-16T02:55:08","slug":"la-pelicula-we-believe-you-giraldillo-de-oro-del-22-festival-de-cine-europeo-de-sevilla","status":"publish","type":"post","link":"https:\/\/www.europesays.com\/es\/238356\/","title":{"rendered":"La pel\u00edcula &#8216;We Believe You&#8217;, Giraldillo de Oro del 22 Festival de Cine Europeo de Sevilla"},"content":{"rendered":"<p>La <strong>pel\u00edcula &#8216;We Believe You&#8217;, \u00f3pera prima de los belgas Charlotte Devillers y Arnaud Dufeys<\/strong> se ha alzado con el <strong>Giraldillo de Oro a la Mejor Pel\u00edcula de la 22 edici\u00f3n del Festival de Cine Europeo de Sevilla<\/strong>, seg\u00fan ha comunicado el jurado durante la lectura del palmar\u00e9s este s\u00e1bado.<\/p>\n<p>Han recibido tambi\u00e9n el premio al <strong>Mejor Guion por &#8216;We Believe You&#8217;,<\/strong> por \u201cconstruir tensi\u00f3n desde lo \u00edntimo y lo contenido y que logra revelar toda la violencia institucional\u201d. La pel\u00edcula ha sumado adem\u00e1s un tercer Giraldillo, el de Mejor Actriz, para su protagonista, Myriem Akeddiou,<\/p>\n<p>El <strong>cineasta Georgi M. Unkovski,<\/strong> por su parte, ha logrado con su pel\u00edcula &#8216;DJ Ahmet&#8217; el <strong>Gran Premio del Jurado<\/strong> y, adem\u00e1s, se ha hecho con el premio al Mejor Actor para el joven Arif Jakup.<\/p>\n<p>El <strong>premio a la Mejor Direcci\u00f3n<\/strong> ha reca\u00eddo en la cineasta estadounidense descendiente de familia palestina Cherien Dabis por &#8216;All That&#8217;s Left of You&#8217;; tambi\u00e9n ha sido reconocida por el jurado \u2018La anatom\u00eda de los caballos\u2019, \u00f3pera prima de Daniel Vidal Toche, con el premio a la Mejor Fotograf\u00eda para Angello Faccini, as\u00ed como la Mejor Direcci\u00f3n Art\u00edstica para Juan Pablo Garay.<\/p>\n<p>El palmar\u00e9s de la<strong> Secci\u00f3n Oficial se completa con el premio al Mejor Montaje para Hansj\u00f6rg Weissbrich<\/strong> por su trabajo en &#8216;Turno de noche&#8217;, de la cineasta Petra Volpe.<\/p>\n","protected":false},"excerpt":{"rendered":"La pel\u00edcula &#8216;We Believe You&#8217;, \u00f3pera prima de los belgas Charlotte Devillers y Arnaud Dufeys se ha alzado&hellip;\n","protected":false},"author":2,"featured_media":238357,"comment_status":"","ping_status":"","sticky":false,"template":"","format":"standard","meta":{"footnotes":""},"categories":[91],"tags":[146,147,25,24,23538,23],"class_list":{"0":"post-238356","1":"post","2":"type-post","3":"status-publish","4":"format-standard","5":"has-post-thumbnail","7":"category-entretenimiento","8":"tag-entertainment","9":"tag-entretenimiento","10":"tag-es","11":"tag-espana","12":"tag-la-pelicula","13":"tag-spain"},"share_on_mastodon":{"url":"https:\/\/pubeurope.com\/@es\/115557126856344417","error":""},"_links":{"self":[{"href":"https:\/\/www.europesays.com\/es\/wp-json\/wp\/v2\/posts\/238356","targetHints":{"allow":["GET"]}}],"collection":[{"href":"https:\/\/www.europesays.com\/es\/wp-json\/wp\/v2\/posts"}],"about":[{"href":"https:\/\/www.europesays.com\/es\/wp-json\/wp\/v2\/types\/post"}],"author":[{"embeddable":true,"href":"https:\/\/www.europesays.com\/es\/wp-json\/wp\/v2\/users\/2"}],"replies":[{"embeddable":true,"href":"https:\/\/www.europesays.com\/es\/wp-json\/wp\/v2\/comments?post=238356"}],"version-history":[{"count":0,"href":"https:\/\/www.europesays.com\/es\/wp-json\/wp\/v2\/posts\/238356\/revisions"}],"wp:featuredmedia":[{"embeddable":true,"href":"https:\/\/www.europesays.com\/es\/wp-json\/wp\/v2\/media\/238357"}],"wp:attachment":[{"href":"https:\/\/www.europesays.com\/es\/wp-json\/wp\/v2\/media?parent=238356"}],"wp:term":[{"taxonomy":"category","embeddable":true,"href":"https:\/\/www.europesays.com\/es\/wp-json\/wp\/v2\/categories?post=238356"},{"taxonomy":"post_tag","embeddable":true,"href":"https:\/\/www.europesays.com\/es\/wp-json\/wp\/v2\/tags?post=238356"}],"curies":[{"name":"wp","href":"https:\/\/api.w.org\/{rel}","templated":true}]}}