{"id":238362,"date":"2025-11-16T02:59:19","date_gmt":"2025-11-16T02:59:19","guid":{"rendered":"https:\/\/www.europesays.com\/es\/238362\/"},"modified":"2025-11-16T02:59:19","modified_gmt":"2025-11-16T02:59:19","slug":"fallece-un-ciclista-atropellado-por-una-furgoneta-en-la-comarca-de-tarazona-sociedad","status":"publish","type":"post","link":"https:\/\/www.europesays.com\/es\/238362\/","title":{"rendered":"Fallece un ciclista atropellado por una furgoneta en la comarca de Tarazona | Sociedad"},"content":{"rendered":"<p class=\"loc\">Zaragoza<\/p>\n<p>Un ciclista ha fallecido esta ma\u00f1ana atropellado por una furgoneta cuando circulaba por la carretera ZP &#8211; 5303, en el punto kilom\u00e9trico 10,500, entre los t\u00e9rminos municipales de Santa Cruz de Moncayo uy Tarazona. Seg\u00fan apuntan fuentes de la Guardia Civil, los hechos han ocurrido a las 11:55 horas. El ciclista fallecido es un var\u00f3n de 88 a\u00f1os vecino de Tudela (Navarra)<\/p>\n<p>Hasta el lugar de los hechos se han trasladado agentes de la Agrupaci\u00f3n de Tr\u00e1fico y ambulancias. <\/p>\n<p>Se trata de una v\u00eda muy utilizada para realizar rutas ciclistas. Seg\u00fan algunos testigos, habr\u00eda sido en una curva. <\/p>\n","protected":false},"excerpt":{"rendered":"Zaragoza Un ciclista ha fallecido esta ma\u00f1ana atropellado por una furgoneta cuando circulaba por la carretera ZP &#8211;&hellip;\n","protected":false},"author":2,"featured_media":238363,"comment_status":"","ping_status":"","sticky":false,"template":"","format":"standard","meta":{"footnotes":""},"categories":[8],"tags":[17,18,25,24,13,14,11,19,20,9,10,15,16,23,12,21,22],"class_list":{"0":"post-238362","1":"post","2":"type-post","3":"status-publish","4":"format-standard","5":"has-post-thumbnail","7":"category-espana","8":"tag-breaking-news","9":"tag-breakingnews","10":"tag-es","11":"tag-espana","12":"tag-featured-news","13":"tag-featurednews","14":"tag-headlines","15":"tag-latest-news","16":"tag-latestnews","17":"tag-news","18":"tag-noticias","19":"tag-noticias-destacadas","20":"tag-noticiasdestacadas","21":"tag-spain","22":"tag-titulares","23":"tag-ultimas-noticias","24":"tag-ultimasnoticias"},"share_on_mastodon":{"url":"https:\/\/pubeurope.com\/@es\/115557142758309518","error":""},"_links":{"self":[{"href":"https:\/\/www.europesays.com\/es\/wp-json\/wp\/v2\/posts\/238362","targetHints":{"allow":["GET"]}}],"collection":[{"href":"https:\/\/www.europesays.com\/es\/wp-json\/wp\/v2\/posts"}],"about":[{"href":"https:\/\/www.europesays.com\/es\/wp-json\/wp\/v2\/types\/post"}],"author":[{"embeddable":true,"href":"https:\/\/www.europesays.com\/es\/wp-json\/wp\/v2\/users\/2"}],"replies":[{"embeddable":true,"href":"https:\/\/www.europesays.com\/es\/wp-json\/wp\/v2\/comments?post=238362"}],"version-history":[{"count":0,"href":"https:\/\/www.europesays.com\/es\/wp-json\/wp\/v2\/posts\/238362\/revisions"}],"wp:featuredmedia":[{"embeddable":true,"href":"https:\/\/www.europesays.com\/es\/wp-json\/wp\/v2\/media\/238363"}],"wp:attachment":[{"href":"https:\/\/www.europesays.com\/es\/wp-json\/wp\/v2\/media?parent=238362"}],"wp:term":[{"taxonomy":"category","embeddable":true,"href":"https:\/\/www.europesays.com\/es\/wp-json\/wp\/v2\/categories?post=238362"},{"taxonomy":"post_tag","embeddable":true,"href":"https:\/\/www.europesays.com\/es\/wp-json\/wp\/v2\/tags?post=238362"}],"curies":[{"name":"wp","href":"https:\/\/api.w.org\/{rel}","templated":true}]}}