{"id":238390,"date":"2025-11-16T03:22:10","date_gmt":"2025-11-16T03:22:10","guid":{"rendered":"https:\/\/www.europesays.com\/es\/238390\/"},"modified":"2025-11-16T03:22:10","modified_gmt":"2025-11-16T03:22:10","slug":"castiblanco-de-los-arroyos-anegado-por-la-lluvia-la-policia-local-pide-no-usar-el-coche-salvo-estricta-necesidad-el-pespunte","status":"publish","type":"post","link":"https:\/\/www.europesays.com\/es\/238390\/","title":{"rendered":"Castiblanco de los Arroyos, anegado por la lluvia: la Polic\u00eda Local pide no usar el coche salvo estricta necesidad &#8211; El Pespunte"},"content":{"rendered":"<ol>\n<li><a href=\"https:\/\/news.google.com\/rss\/articles\/CBMi-gFBVV95cUxOSklsX0pOUERwVHRvS0FieWVSMzRuNTZSOV8wYnlzc2J1NzZzSVYxSnI2eHBndEpWWmdaQ3BNNDFkVW9ZendHQTVudG9ydnlQb215YzRFbGZiYmlzbDMzVlRmUmdrcTFyQ0YwU0ZfSER1aGdGTFRFeHo0NGtRM1JwT3VqTXZRSmxXNUcydkVYbkxvSVRTMlFMNUQ2TmFseVQtcm4xOUo3dXdjNDRCY1ptLUhCQW90cnI0aEJmUGFYVXlHT1NZU2lDckd0MnRqR0FRN0dHOG1sc0J6VGg5Qkk5Q1djc1ktak5sNG0zSHNXbU5pakhBLWh5WmpR?oc=5\" target=\"_blank\" rel=\"nofollow noopener\">Castiblanco de los Arroyos, anegado por la lluvia: la Polic\u00eda Local pide no usar el coche salvo estricta necesidad<\/a>&nbsp;&nbsp;El Pespunte<\/li>\n<li><a href=\"https:\/\/news.google.com\/rss\/articles\/CBMitAFBVV95cUxOeW5pS0RVU0hnUk1WaUVqNHk3TG9YajFWeVRZbXY5NzFmMkxNTzBwMVozOVZfOGRtbUZsalA0TjZqY0dDMzlKUTdsYjkwS3FfTjVwRUt1eDU0S2N6RUtOeXdsZ3VGZ1Y5by0teGk4YzNycXVabG5yZE5FM1dIRzVhVExWSl9iRkZhdFdjQUxFYkNyQTM5YVkyZ29MSmVpVW51b1JsOHJpcmJieHNtQ2tNWVFYbHc?oc=5\" target=\"_blank\" rel=\"nofollow noopener\">El temporal de lluvia provoca el colapso de la A-433 a la altura de El Castillo de las Guardas<\/a>&nbsp;&nbsp;ABC<\/li>\n<li><a href=\"https:\/\/news.google.com\/rss\/articles\/CBMixgJBVV95cUxOUGxaOEV2d2dfQ0pLMlA5UGYxQW5hcDZlMmpXd1VGcXg3UEMwUFpGeGpKVDN5VWVKQ1JlNW1uelQ3NGhUTjZrWmFtRFNYQ2JBb1ptWVNBY2NtQ1p1QkZGZGFnTHRyQUhlWmpsdTY1MWFsZHpjc1ROR2tzdGZZV2FLNjRHMUZCRUpwNTJqWHJBOXRGTk03SGNwX2Y4SktPUURUd3lmMmtyMzJPZjlxZFRyTjdpQTJYLUZuTVZOdGttWlR4aGRxbXFBd25sYXMzS1d4SkxHc2RIaUt5dGNEbE1vaHBBbnJScjhMWS1Sb0xEU0RaSUFRdDU2MVdpMVNYajFjQ0s1V0dRLVFMOGNRNERoejZYVU9zeDZjQ2FLeW9NOXFmOFJ6SklBMEdqOUNKXzJ2cTJkRHJoQ0VRUHM2bzZwNndaSXN2d9IB2gJBVV95cUxORkZhYWYwNndGYUZhdmI0dVhTajgzMzY3eExkZE43dWNTMHc4OEx4c2xseTh0U3l4UHFCcnZWWUYydkxNUmlxN1ZYRDBid01VTFN4UDNXaDJsZldCMmszZ0s2cEJyT2F1TTlHNTFGSXd5TnhoaFUwMmFpLW5GWl9jY2k1ZTFOWFpMaGdPdGw0am00X1VsQjFyTThjM1BYaExWc2MwYnpCZmw1dU9NaGxLc3NKamhGbGcwMjJnbjB4YXVmRm1WeEhXTXFuaHFhUzUyM1dLcFlhNUFUVUpwWm1RTEdVRGpMVFBodjZqc0JXMkNnaWZTSHl5RTFzN3FNaUYydktHaThEVlRxcHpSbTVtazN4cU1YZVZOSmZfVk1ZQUgtNUJlY21WV1A1eVFnNVFycUc1T0ZfcHpyU3paU09rLUlmLTQ3MUJLQXF1NkM5VTExMHBCUDJDbldB?oc=5\" target=\"_blank\" rel=\"nofollow noopener\">Un gran socav\u00f3n en la carretera que conecta Castillo de las Guardas con El Garrobo provoca la ca\u00edda de un veh\u00edculo con cuatro ocupantes desde varios metros de altura<\/a>&nbsp;&nbsp;Cadena SER<\/li>\n<li><a href=\"https:\/\/news.google.com\/rss\/articles\/CBMingFBVV95cUxQWmpyZ3QxUl9qR05VUjlDMnhfVGdxWUx3M0c2WVZmOFhIbWFhbFhjbFFDT01WU193bWZpaUxLSnA4ZG1TUjUzdXpfNjFLYTJTb3MzQlZvMGppM2pvbnNfdjROS3l6THZCNWl4RmpPdWpEMVpiZ29YOWwyLVhYUkJLdTlGQ2daNXozc29WUTIxU0xEdkRMeXBfbGltdGZCUdIBowFBVV95cUxPRE9XckxHRlA5QmRfeFNvOS04RE5TNFozUUFIdHk3N3JZcXlEZGlUR3RIVjN1Qy02ZGNOVlhhNW53U3pUaXEyYWFuaFd1WjdMRTNzbUdXWmN0N3NFQk95LTEtT1E5QkxtajFPN3VpTnBfNWxVNHRvQWVhbGJtSDZLV1lnbmFLdnBlMUNGTUxWQjJQa3dxSDBhYzlUVGVHX3had2k0?oc=5\" target=\"_blank\" rel=\"nofollow noopener\">V\u00eddeo | El impresionante socav\u00f3n en el pavimento de la A-476 que ha obligado a cortar totalmente la carretera<\/a>&nbsp;&nbsp;Diario de Sevilla<\/li>\n<li><a href=\"https:\/\/news.google.com\/rss\/articles\/CBMi8AFBVV95cUxPUEM0WmNjMFNSQnRsOWRnbDhrNlhHS21mVEdZbU82SUFpc0s3cGlVNTJIbnVQM09JbmdjWGRVTnFyajN5TjVZd3pfWnkyV0tDOThzeS1PU2pSOW10dVl1eUNibTIyeTk2OVpzVE82V1EtU0VzclhkcEJQckxLUUJna0x6c0pkVkx3UXFGc25wQjc3TWVvbUkwd1ZYeEdmMkpxQ3NRd0F4c1lsTTloY092WEJtbmVBOFNTdV9XcDRFTF92TDdqcXQ4S3lfVEJaamFKQ0hkTzFxaUhDZngzc3FKTGdUMGliVndTTV9ySkR6bFPSAfYBQVVfeXFMUEdBc05QMThVNGViMEMwY3Awd2hhQkY3ZVZZVVA3Ql83dGYwaVY5WHU3LWZBWkh4Z0NIdHJKSXdlVmdvNjZKZjUzQTg2YVhnQThGVV9yT0xvQUlCeVZLbk41SURSX000bmo3LU1QaDRISWZtMG94cFdGS1VMUUJxb3FyWDhiTktWazVsNTB1aVVJQ05DT1hCcjhQQjNKUGdqV2lVSlJWMzJjN1pXVVRBdzEwTnR3S3JlNEg0bVZPYlJqbENjTHUzeFV6eWV2SEw2TDVKYnN6b2xzNmZVMG92bjFsLWtwUjhmMy1WNzhlS1JydUFwZ3pR?oc=5\" target=\"_blank\" rel=\"nofollow noopener\">Las fuertes lluvias en Sevilla provocan un enorme socav\u00f3n en la A-433 y obligan al rescate de los ocupantes de un coche<\/a>&nbsp;&nbsp;El Espa\u00f1ol<\/li>\n<\/ol>\n","protected":false},"excerpt":{"rendered":"Castiblanco de los Arroyos, anegado por la lluvia: la Polic\u00eda Local pide no usar el coche salvo estricta&hellip;\n","protected":false},"author":2,"featured_media":233937,"comment_status":"","ping_status":"","sticky":false,"template":"","format":"standard","meta":{"footnotes":""},"categories":[8],"tags":[17,18,25,24,13,14,11,19,20,9,10,15,16,23,12,21,22],"class_list":{"0":"post-238390","1":"post","2":"type-post","3":"status-publish","4":"format-standard","5":"has-post-thumbnail","7":"category-espana","8":"tag-breaking-news","9":"tag-breakingnews","10":"tag-es","11":"tag-espana","12":"tag-featured-news","13":"tag-featurednews","14":"tag-headlines","15":"tag-latest-news","16":"tag-latestnews","17":"tag-news","18":"tag-noticias","19":"tag-noticias-destacadas","20":"tag-noticiasdestacadas","21":"tag-spain","22":"tag-titulares","23":"tag-ultimas-noticias","24":"tag-ultimasnoticias"},"share_on_mastodon":{"url":"","error":""},"_links":{"self":[{"href":"https:\/\/www.europesays.com\/es\/wp-json\/wp\/v2\/posts\/238390","targetHints":{"allow":["GET"]}}],"collection":[{"href":"https:\/\/www.europesays.com\/es\/wp-json\/wp\/v2\/posts"}],"about":[{"href":"https:\/\/www.europesays.com\/es\/wp-json\/wp\/v2\/types\/post"}],"author":[{"embeddable":true,"href":"https:\/\/www.europesays.com\/es\/wp-json\/wp\/v2\/users\/2"}],"replies":[{"embeddable":true,"href":"https:\/\/www.europesays.com\/es\/wp-json\/wp\/v2\/comments?post=238390"}],"version-history":[{"count":0,"href":"https:\/\/www.europesays.com\/es\/wp-json\/wp\/v2\/posts\/238390\/revisions"}],"wp:featuredmedia":[{"embeddable":true,"href":"https:\/\/www.europesays.com\/es\/wp-json\/wp\/v2\/media\/233937"}],"wp:attachment":[{"href":"https:\/\/www.europesays.com\/es\/wp-json\/wp\/v2\/media?parent=238390"}],"wp:term":[{"taxonomy":"category","embeddable":true,"href":"https:\/\/www.europesays.com\/es\/wp-json\/wp\/v2\/categories?post=238390"},{"taxonomy":"post_tag","embeddable":true,"href":"https:\/\/www.europesays.com\/es\/wp-json\/wp\/v2\/tags?post=238390"}],"curies":[{"name":"wp","href":"https:\/\/api.w.org\/{rel}","templated":true}]}}