{"id":238406,"date":"2025-11-16T03:41:17","date_gmt":"2025-11-16T03:41:17","guid":{"rendered":"https:\/\/www.europesays.com\/es\/238406\/"},"modified":"2025-11-16T03:41:17","modified_gmt":"2025-11-16T03:41:17","slug":"las-fotos-mas-especiales-de-alejandra-rubio-por-el-cumpleanos-de-carlo-en-una-fiesta-con-una-notable-ausencia","status":"publish","type":"post","link":"https:\/\/www.europesays.com\/es\/238406\/","title":{"rendered":"Las fotos m\u00e1s especiales de Alejandra Rubio por el cumplea\u00f1os de Carlo, en una fiesta con una notable ausencia"},"content":{"rendered":"<p id=\"eqpu5Wosmq\" data-wc=\"79\">El hijo de Mar Flores ha soplado las velas de su 33 cumplea\u00f1os, y lo ha hecho inmerso en una etapa de plenitud personal que irradia felicidad, con Alejandra Rubio como gran art\u00edfice de la celebraci\u00f3n. La pareja, que atraviesa uno de sus momentos personales m\u00e1s dulces tras el nacimiento de su primer hijo en com\u00fan, ha reunido a sus seres queridos en un restaurante para un festejo inolvidable, pero con una gran ausencia que se ha hecho notar.\u00a0<\/p>\n<p> <img src=\"https:\/\/www.europesays.com\/es\/wp-content\/uploads\/2025\/11\/d6804bc28f25-saveclipapp583295269185438657380300344221984232700668285n.jpg\"   width=\"770\" height=\"1024\" loading=\"lazy\" decoding=\"async\" alt=\"La pareja se funde en un apasionado beso\" fetchpriority=\"auto\" class=\"image ho-image\"\/><\/p>\n<p id=\"eF3yWsCDgt5\" data-wc=\"88\">Alejandra, radiante y convertida en la anfitriona perfecta, ha compartido algunos detalles de la fiesta a trav\u00e9s de sus redes sociales, dedicando unas preciosas palabras a su pareja: <strong>\u201cFeliz cumplea\u00f1os a mi amor. Gracias siempre\u201d<\/strong>. La celebraci\u00f3n tuvo lugar en un conocido restaurante de la capital, <strong>El Huerto de Floren Domez\u00e1in<\/strong>, famoso por su cocina de producto y el protagonismo que le da a la huerta de Tudela. La pareja y sus invitados degustaron manjares de alta cocina, entre los que destacaban opciones de carne a la brasa.<\/p>\n<p> <img src=\"https:\/\/www.europesays.com\/es\/wp-content\/uploads\/2025\/11\/bc90f3e56daf-videoframe2350.png\"   width=\"576\" height=\"1024\" loading=\"lazy\" decoding=\"async\" alt=\"Media Image\" fetchpriority=\"auto\" class=\"image ho-image\"\/>\u00a9 alerubioc<\/p>\n<p id=\"eLdtjjUblNtt\" data-wc=\"47\">Pero si hubo algo que captur\u00f3 todas las miradas fue la tarta. Decorada al detalle, el pastel del cumplea\u00f1ero luc\u00eda estrellas rojas, el m\u00edtico s\u00edmbolo de <strong>Ferrari<\/strong>, un coche de carreras y el n\u00famero &#8217;15&#8217;, todo rematado con unas elegantes velas doradas que marcaban sus <strong>33 a\u00f1os<\/strong>.<\/p>\n<p> <img src=\"https:\/\/www.europesays.com\/es\/wp-content\/uploads\/2025\/11\/869b3d628c46-saveclipapp581854347185438656510300343973775600789829218n-3.jpg\"   width=\"768\" height=\"1024\" loading=\"lazy\" decoding=\"async\" alt=\"Alejandra con la original tarta de cumplea\u00f1os de Carlo, con velas incluidas\" fetchpriority=\"auto\" class=\"image ho-image\"\/><\/p>\n<p id=\"eKeHRMGxp_zP\" data-wc=\"62\">Entre los regalos, uno destac\u00f3 por su originalidad: una <strong>b\u00e1scula de cocina retro<\/strong>. Un divertido regalo que, sin duda, permitir\u00e1 a Carlo sacar a relucir sus dotes de cocinero. Para la ocasi\u00f3n, Alejandra deslumbr\u00f3 con un elegante traje, derrochando estilo en todo momento, mientras que Carlo opt\u00f3 por un look m\u00e1s casual, combinando una camiseta negra con un pantal\u00f3n de color camel.<\/p>\n<p> <img src=\"https:\/\/www.europesays.com\/es\/wp-content\/uploads\/2025\/11\/7d4f6bf55e33-saveclipapp581996639185438657020300346420739624030123420n.jpg\"   width=\"768\" height=\"1024\" loading=\"lazy\" decoding=\"async\" alt=\"Carlo y Alejandra inmortalizando el momento con un selfie en su famoso ascensor\" fetchpriority=\"auto\" class=\"image ho-image\"\/><br \/>\n<strong>Un reencuentro y una gran ausencia<\/strong><\/p>\n<p id=\"eGsOXCHtPF0K\" data-wc=\"110\">La nota m\u00e1s emotiva de la celebraci\u00f3n la puso la compa\u00f1\u00eda. Alejandra Rubio comparti\u00f3 en sus im\u00e1genes una fotograf\u00eda que evidencia la excelente relaci\u00f3n que existe entre el clan. A la fiesta no falt\u00f3 el padre de Carlo, <strong>Carlo Costanzia padre<\/strong>, quien demostr\u00f3 una vez m\u00e1s lo unidos que est\u00e1n. De hecho, le dedic\u00f3 un precioso mensaje en sus redes en este d\u00eda tan significativo: \u201cEl cumplea\u00f1os es el d\u00eda en que la memoria se llena de magia: el pasado se vuelve relato, el presente encanto, y el futuro una promesa todav\u00eda por escribir. Que puedas escribir todas las mejores promesas del futuro, con todo mi amor incondicional y eterno\u201d.<\/p>\n<p> <img src=\"https:\/\/www.europesays.com\/es\/wp-content\/uploads\/2025\/11\/a2369f590fab-fotos-8.jpg\"   width=\"768\" height=\"1024\" loading=\"lazy\" decoding=\"async\" alt=\"Media Image\" fetchpriority=\"auto\" class=\"image ho-image\"\/>\u00a9 alerubioc<\/p>\n<p id=\"eUK4rGxqIwKR\" data-wc=\"60\">Junto a \u00e9l, y demostrando que es una m\u00e1s en la familia, estuvo <strong>Terelu Campos<\/strong>, madre de Alejandra, en un gesto que subraya la gran sinton\u00eda entre las dos familias. La colaboradora, por su parte, estuvo pendiente en todo momento de que su pareja disfrutase, llegando incluso a soplar las velas a su lado, en una imagen de gran complicidad.<\/p>\n<p> <img src=\"https:\/\/www.europesays.com\/es\/wp-content\/uploads\/2025\/11\/b86ccfcc5365-saveclipapp584379059185438656930300347619171986071342478n.jpg\"   width=\"770\" height=\"1024\" loading=\"lazy\" decoding=\"async\" alt=\"Terelu, quien tampoco se perdi\u00f3 la celebraci\u00f3n, posando junto a las amigas de Alejandra\" fetchpriority=\"auto\" class=\"image ho-image\"\/><\/p>\n<p id=\"e-bVCtsO5gk0\" data-wc=\"26\">Entre los amigos que se sumaron a la cita, se pudo ver a rostros conocidos como la chef <strong>Samantha Vallejo-N\u00e1gera<\/strong> y el cantante <strong>Jes\u00fas de &#8216;Gemeliers&#8217;<\/strong>.<\/p>\n<p> <img src=\"https:\/\/www.europesays.com\/es\/wp-content\/uploads\/2025\/11\/de6047a80cb6-saveclipapp584083589185438657110300343033128691115261690n.jpg\"   width=\"768\" height=\"1024\" loading=\"lazy\" decoding=\"async\" alt=\"Carlo celebr\u00f3 su cumplea\u00f1os rodeado de familiares y amigos\" fetchpriority=\"auto\" class=\"image ho-image\"\/><\/p>\n<p id=\"eZCBtmdI1h1F\" data-wc=\"61\">No obstante, si bien el ambiente estuvo repleto de cari\u00f1o familiar y amistades, la gran ausencia de la velada fue <strong>Mar Flores<\/strong>, madre de Carlo. Aunque la modelo no asisti\u00f3 a la fiesta, quiso estar presente en este d\u00eda tan especial a trav\u00e9s de sus redes sociales, compartiendo un \u00e1lbum de fotos in\u00e9dito de la infancia y juventud de su hijo.<\/p>\n<p> <img src=\"https:\/\/www.europesays.com\/es\/wp-content\/uploads\/2025\/11\/e8d166cd721a-58180625118547600459033818979830146263611106n.jpg\"   width=\"1024\" height=\"946\" loading=\"lazy\" decoding=\"async\" alt=\"Media Image\" fetchpriority=\"auto\" class=\"image ho-image\"\/>\u00a9 marflores_mar<\/p>\n<p id=\"eAAX_b0vQxYO\" data-wc=\"103\">Mar Flores le dedic\u00f3 unas palabras cargadas de sentimiento: \u201cHace 33 a\u00f1os di a luz al primer hombre de mi vida, quien desde siempre me llama Ma, y el que lleg\u00f3 para cambiarlo todo\u201d. Visiblemente orgullosa, la modelo prosigui\u00f3: \u201cCarlo, estoy muy orgullosa de ti, de quien eres, de lo que has construido y de todo lo que has conseguido con tu esfuerzo y tu coraz\u00f3n\u201d. Y culmin\u00f3 su dedicatoria con una menci\u00f3n muy especial al nuevo miembro de la familia, el hijo que ha tenido con Alejandra: <a class=\"hm-link ho-link\" href=\"https:\/\/www.hola.com\/actualidad\/20251113867401\/el-mensaje-cargado-de-significado-de-mar-flores-a-su-hijo-carlo-por-su-cumpleanos\/\" rel=\"noopener nofollow\" target=\"_blank\" data-mrf-recirculation=\"article-body-link\">\u201cGracias por el mayor regalo que me has dado, convertirme en abuela. Te quiero infinito\u201d.<\/a><\/p>\n","protected":false},"excerpt":{"rendered":"El hijo de Mar Flores ha soplado las velas de su 33 cumplea\u00f1os, y lo ha hecho inmerso&hellip;\n","protected":false},"author":2,"featured_media":238407,"comment_status":"","ping_status":"","sticky":false,"template":"","format":"standard","meta":{"footnotes":""},"categories":[91],"tags":[517,5617,9893,146,147,25,24,9892,23],"class_list":{"0":"post-238406","1":"post","2":"type-post","3":"status-publish","4":"format-standard","5":"has-post-thumbnail","7":"category-entretenimiento","8":"tag-actualidad","9":"tag-alejandra-rubio","10":"tag-carlo-costanzia","11":"tag-entertainment","12":"tag-entretenimiento","13":"tag-es","14":"tag-espana","15":"tag-mar-flores","16":"tag-spain"},"share_on_mastodon":{"url":"https:\/\/pubeurope.com\/@es\/115557308528796972","error":""},"_links":{"self":[{"href":"https:\/\/www.europesays.com\/es\/wp-json\/wp\/v2\/posts\/238406","targetHints":{"allow":["GET"]}}],"collection":[{"href":"https:\/\/www.europesays.com\/es\/wp-json\/wp\/v2\/posts"}],"about":[{"href":"https:\/\/www.europesays.com\/es\/wp-json\/wp\/v2\/types\/post"}],"author":[{"embeddable":true,"href":"https:\/\/www.europesays.com\/es\/wp-json\/wp\/v2\/users\/2"}],"replies":[{"embeddable":true,"href":"https:\/\/www.europesays.com\/es\/wp-json\/wp\/v2\/comments?post=238406"}],"version-history":[{"count":0,"href":"https:\/\/www.europesays.com\/es\/wp-json\/wp\/v2\/posts\/238406\/revisions"}],"wp:featuredmedia":[{"embeddable":true,"href":"https:\/\/www.europesays.com\/es\/wp-json\/wp\/v2\/media\/238407"}],"wp:attachment":[{"href":"https:\/\/www.europesays.com\/es\/wp-json\/wp\/v2\/media?parent=238406"}],"wp:term":[{"taxonomy":"category","embeddable":true,"href":"https:\/\/www.europesays.com\/es\/wp-json\/wp\/v2\/categories?post=238406"},{"taxonomy":"post_tag","embeddable":true,"href":"https:\/\/www.europesays.com\/es\/wp-json\/wp\/v2\/tags?post=238406"}],"curies":[{"name":"wp","href":"https:\/\/api.w.org\/{rel}","templated":true}]}}