{"id":238411,"date":"2025-11-16T03:44:09","date_gmt":"2025-11-16T03:44:09","guid":{"rendered":"https:\/\/www.europesays.com\/es\/238411\/"},"modified":"2025-11-16T03:44:09","modified_gmt":"2025-11-16T03:44:09","slug":"chile-celebra-unas-elecciones-presidenciales-ineditas-con-una-candidata-comunista-y-dos-ultras-como-favoritos","status":"publish","type":"post","link":"https:\/\/www.europesays.com\/es\/238411\/","title":{"rendered":"Chile celebra unas elecciones presidenciales in\u00e9ditas con una candidata comunista y dos ultras como favoritos"},"content":{"rendered":"<p class=\"article-text\">\n        Chile vota este domingo en unas elecciones presidenciales in\u00e9ditas entre ocho candidatos en las que <a href=\"https:\/\/www.eldiario.es\/internacional\/arranca-carrera-presidencial-chile-ultraderecha-candidata-comunista-favoritos_1_12547970.html\" data-mrf-recirculation=\"links-noticia\" class=\"link\" rel=\"nofollow noopener\" target=\"_blank\">por primera vez desde el retorno a la democracia dos aspirantes de ultraderecha <\/a>\u2013Jos\u00e9 Antonio Kast y Johannes Kaiser\u2013 compiten contra la coalici\u00f3n de fuerzas progresistas m\u00e1s amplia de la historia chilena, encabezada por la comunista Jeannette Jara. Tambi\u00e9n es la primera vez que el voto es obligatorio.\n    <\/p>\n<p class=\"article-text\">\n        M\u00e1s de 15,6 millones de personas est\u00e1n llamadas a elegir <a href=\"https:\/\/www.eldiario.es\/internacional\/boric-enfila-recta-final-mandato_1_12391728.html\" data-mrf-recirculation=\"links-noticia\" class=\"link\" rel=\"nofollow noopener\" target=\"_blank\">al sucesor del presidente Gabriel Boric,<\/a> que no puede optar a la reelecci\u00f3n y entregar\u00e1 el mando en marzo de 2026. De los ocho candidatos, solo cuatro tienen posibilidades reales de alcanzar la segunda vuelta, un escenario casi seguro, porque ninguno supera el 50% de apoyo en los sondeos.\n    <\/p>\n","protected":false},"excerpt":{"rendered":"Chile vota este domingo en unas elecciones presidenciales in\u00e9ditas entre ocho candidatos en las que por primera vez&hellip;\n","protected":false},"author":2,"featured_media":238412,"comment_status":"","ping_status":"","sticky":false,"template":"","format":"standard","meta":{"footnotes":""},"categories":[42],"tags":[17,18,12700,6951,2047,61113,4374,12014,13,14,11,45360,61,62,63,64,19,20,9,10,15,16,33801,12,21,22,7662,65,66,67],"class_list":{"0":"post-238411","1":"post","2":"type-post","3":"status-publish","4":"format-standard","5":"has-post-thumbnail","7":"category-internacional","8":"tag-breaking-news","9":"tag-breakingnews","10":"tag-candidata","11":"tag-celebra","12":"tag-chile","13":"tag-comunista","14":"tag-elecciones","15":"tag-favoritos","16":"tag-featured-news","17":"tag-featurednews","18":"tag-headlines","19":"tag-ineditas","20":"tag-internacional","21":"tag-international","22":"tag-international-news","23":"tag-internationalnews","24":"tag-latest-news","25":"tag-latestnews","26":"tag-news","27":"tag-noticias","28":"tag-noticias-destacadas","29":"tag-noticiasdestacadas","30":"tag-presidenciales","31":"tag-titulares","32":"tag-ultimas-noticias","33":"tag-ultimasnoticias","34":"tag-ultras","35":"tag-world","36":"tag-world-news","37":"tag-worldnews"},"share_on_mastodon":{"url":"","error":"Validation failed: Text character limit of 500 exceeded"},"_links":{"self":[{"href":"https:\/\/www.europesays.com\/es\/wp-json\/wp\/v2\/posts\/238411","targetHints":{"allow":["GET"]}}],"collection":[{"href":"https:\/\/www.europesays.com\/es\/wp-json\/wp\/v2\/posts"}],"about":[{"href":"https:\/\/www.europesays.com\/es\/wp-json\/wp\/v2\/types\/post"}],"author":[{"embeddable":true,"href":"https:\/\/www.europesays.com\/es\/wp-json\/wp\/v2\/users\/2"}],"replies":[{"embeddable":true,"href":"https:\/\/www.europesays.com\/es\/wp-json\/wp\/v2\/comments?post=238411"}],"version-history":[{"count":0,"href":"https:\/\/www.europesays.com\/es\/wp-json\/wp\/v2\/posts\/238411\/revisions"}],"wp:featuredmedia":[{"embeddable":true,"href":"https:\/\/www.europesays.com\/es\/wp-json\/wp\/v2\/media\/238412"}],"wp:attachment":[{"href":"https:\/\/www.europesays.com\/es\/wp-json\/wp\/v2\/media?parent=238411"}],"wp:term":[{"taxonomy":"category","embeddable":true,"href":"https:\/\/www.europesays.com\/es\/wp-json\/wp\/v2\/categories?post=238411"},{"taxonomy":"post_tag","embeddable":true,"href":"https:\/\/www.europesays.com\/es\/wp-json\/wp\/v2\/tags?post=238411"}],"curies":[{"name":"wp","href":"https:\/\/api.w.org\/{rel}","templated":true}]}}