{"id":238413,"date":"2025-11-16T03:45:32","date_gmt":"2025-11-16T03:45:32","guid":{"rendered":"https:\/\/www.europesays.com\/es\/238413\/"},"modified":"2025-11-16T03:45:32","modified_gmt":"2025-11-16T03:45:32","slug":"tres-provincias-andaluzas-en-aviso-naranja-aemet-alerta-de-chubascos-y-tormentas-muy-fuertes-y-persistentes","status":"publish","type":"post","link":"https:\/\/www.europesays.com\/es\/238413\/","title":{"rendered":"Tres provincias andaluzas en aviso naranja: Aemet alerta de \u00abchubascos y tormentas muy fuertes y persistentes\u00bb"},"content":{"rendered":"<p>Fin de semana de meteorolog\u00eda revuelta en Andaluc\u00eda. La comunidad vuelve a estar bajo la influencia de intensas lluvias, que afectar\u00e1n especialmente este s\u00e1bado a  &#8230; tres provincias. As\u00ed, la agencia estatal (Aemet) ha activado avisos de nivel naranja en Huelva (desde las 11.00), Sevilla (desde las 14.00) y Cadiz, la \u00faltima de momento en sumarse a este mapa a partir de las 16.00. El organismo espera acumulados de hasta 30 litros en una hora y de hasta 70 litros en 12 horas. Las zonas m\u00e1s afectadas por fuertes precipitaciones ser\u00e1n And\u00e9valo y Condado, el litoral onubense, la campi\u00f1a sevillana y la campi\u00f1a y el litoral de C\u00e1diz. El resto de provincias -salvo Almer\u00eda y Ja\u00e9n- tambi\u00e9n estar\u00e1n afectadas por diferentes avisos amarillos por lluvia, tormenta, viento o fen\u00f3menos costeros. \u00abPara hoy se esperan precipitaciones localmente intensas en zonas diversas zonas de Andaluc\u00eda salvo en el extremo oriental, acompa\u00f1adas localmente de tormentas. Tambi\u00e9n tendremos rachas de viento puntualmente muy fuertes\u00bb indican desde Aemet.<\/p>\n<p>\nDurante la segunda mitad del d\u00eda se esperan chubascos tormentosos que se desplazar\u00e1n de oeste a este\n<\/p>\n<p class=\"v-p\">Como explican desde el portal especializado Meteored, la regi\u00f3n estar\u00e1 afectada por una borrasca sat\u00e9lite formada al sur de Claudia. \u00abEsta baja secundaria llevar\u00e1 asociados un frente c\u00e1lido y otro fr\u00edo, que reactivar\u00e1n las lluvias en el cuadrante suroeste peninsular. A ello se sumar\u00e1 la influencia del aire fr\u00edo en altura, favoreciendo la convecci\u00f3n\u00bb. Ello har\u00e1 que este s\u00e1bado sea una jornada pasada por agua en Andaluc\u00eda y Extremadura. \u00abEl modelo europeo prev\u00e9 acumulados superiores a 15 l\/m2 de manera generalizada en ambas comunidades. En la provincia de C\u00e1diz, Sierra Morena y<a href=\"https:\/\/www.diariosur.es\/malaga\/borrasca-claudia-deja-litros-malaga-seguira-lloviendo-20251114095655-nt.html\" data-voc-vtm-id=\"in-text-traffic\" title=\" los Montes de M\u00e1laga\" data-mrf-link=\"www.diariosur.es\" rel=\"nofollow noopener\" target=\"_blank\"> los Montes de M\u00e1laga<\/a>, podr\u00edan caer m\u00e1s de 40 l\/m2 a lo largo de la jornada, con un m\u00e1ximo pluviom\u00e9trico superior a 50 l\/m2 en Grazalema\u00bb, detallan desde Meteored.<\/p>\n<p>Rachas de viento de hasta 70 kil\u00f3metros<\/p>\n<p class=\"v-p\">Para este s\u00e1bado Aemet anuncia en la regi\u00f3n \u00abcielos muy nubosos o cubiertos acompa\u00f1ados de precipitaciones moderadas generalizadas, persistentes en amplias zonas\u00bb. Durante la segunda mitad del d\u00eda se esperan chubascos tormentosos que se desplazar\u00e1n de oeste a este, \u00absiendo localmente fuertes, o incluso muy fuertes en alg\u00fan punto\u00bb, se\u00f1ala el organismo. Adem\u00e1s, el pron\u00f3stico apunta a \u00abrachas ocasionalmente muy fuertes en el tercio occidental y en las sierras\u00bb. En C\u00e1diz, C\u00f3rdoba, Huelva y Sevilla se han activado avisos de nivel amarillo por viento de hasta 70 kil\u00f3metros por hora. Adem\u00e1s, en C\u00e1diz y Huelva la advertencia se extiende a fen\u00f3menos costeros por viento del suroeste de 50 a 61 km\/h (fuerza 7) y mar combinado del oeste de 4 a 5 metros.<\/p>\n<p class=\"v-p\">Las tormentas tambi\u00e9n podr\u00e1n ser protagonistas esta jornada. Aemet mantiene avisos tambi\u00e9n de nivel amarillo por este fen\u00f3meno en todas las provincias exceptuando a Ja\u00e9n y a Almer\u00eda. Y advierte: \u00abno se descarta la formaci\u00f3n de alg\u00fan tornado\u00bb.<\/p>\n<p><a href=\"http:\/\/www.diariosur.es\/malaga\/borrasca-claudia-deja-litros-malaga-seguira-lloviendo-20251114095655-nt.html#vtm_modulosEngag=mod-rel:andalucia:noticia:1:cmp:1-not\" class=\"v-a-link\" aria-label=\"Imagen\" rel=\"nofollow noopener\" target=\"_blank\"><\/p>\n<p><img decoding=\"async\" loading=\"lazy\" src=\"https:\/\/www.europesays.com\/es\/wp-content\/uploads\/2025\/11\/lluvia-kOBB-U00127372703XAI-366x256@Diario Sur-DiarioSur.jpeg\" class=\"v-a-img\" width=\"258\" height=\"180\" alt=\"\" data-voc-vtm-id=\"in-text-traffic\"\/><\/p>\n<p><\/a><\/p>\n<p class=\"v-p\">En este contexto, la Aemet ha recordado que la Junta mantiene activo el Plan Especial de Emergencias ante en el Riesgo de Inundaciones en Andaluc\u00eda (PERI) en fase de preemergencia, situaci\u00f3n operativa 0. Esta fase de preemergencia est\u00e1 caracterizada por el seguimiento del fen\u00f3meno producido o de las previsiones y predicciones disponibles, de las que se informar\u00e1 debidamente a los \u00f3rganos y autoridades competentes en materia de protecci\u00f3n civil, as\u00ed como a la poblaci\u00f3n en general.<\/p>\n<p class=\"v-p\">Por su parte, ante este episodio de inestabilidad, el consejero Sanidad, Presidencia y Emergencias, Antonio Sanz, ha hecho un llamamiento a la prudencia y ha pedido a la ciudadan\u00eda que extreme la precauci\u00f3n y siga en todo momento las recomendaciones del 112.<\/p>\n","protected":false},"excerpt":{"rendered":"Fin de semana de meteorolog\u00eda revuelta en Andaluc\u00eda. La comunidad vuelve a estar bajo la influencia de intensas&hellip;\n","protected":false},"author":2,"featured_media":238414,"comment_status":"","ping_status":"","sticky":false,"template":"","format":"standard","meta":{"footnotes":""},"categories":[8],"tags":[2980,10175,7994,2977,17,18,29571,25,24,13,14,3087,11,19,20,36949,13110,9,10,15,16,61603,13400,23,12,8091,603,21,22],"class_list":{"0":"post-238413","1":"post","2":"type-post","3":"status-publish","4":"format-standard","5":"has-post-thumbnail","7":"category-espana","8":"tag-aemet","9":"tag-andaluzas","10":"tag-avisa","11":"tag-aviso","12":"tag-breaking-news","13":"tag-breakingnews","14":"tag-chubascos","15":"tag-es","16":"tag-espana","17":"tag-featured-news","18":"tag-featurednews","19":"tag-fuertes","20":"tag-headlines","21":"tag-latest-news","22":"tag-latestnews","23":"tag-localmente","24":"tag-naranja","25":"tag-news","26":"tag-noticias","27":"tag-noticias-destacadas","28":"tag-noticiasdestacadas","29":"tag-persistentes","30":"tag-provincias","31":"tag-spain","32":"tag-titulares","33":"tag-tormentas","34":"tag-tres","35":"tag-ultimas-noticias","36":"tag-ultimasnoticias"},"share_on_mastodon":{"url":"https:\/\/pubeurope.com\/@es\/115557323972206252","error":""},"_links":{"self":[{"href":"https:\/\/www.europesays.com\/es\/wp-json\/wp\/v2\/posts\/238413","targetHints":{"allow":["GET"]}}],"collection":[{"href":"https:\/\/www.europesays.com\/es\/wp-json\/wp\/v2\/posts"}],"about":[{"href":"https:\/\/www.europesays.com\/es\/wp-json\/wp\/v2\/types\/post"}],"author":[{"embeddable":true,"href":"https:\/\/www.europesays.com\/es\/wp-json\/wp\/v2\/users\/2"}],"replies":[{"embeddable":true,"href":"https:\/\/www.europesays.com\/es\/wp-json\/wp\/v2\/comments?post=238413"}],"version-history":[{"count":0,"href":"https:\/\/www.europesays.com\/es\/wp-json\/wp\/v2\/posts\/238413\/revisions"}],"wp:featuredmedia":[{"embeddable":true,"href":"https:\/\/www.europesays.com\/es\/wp-json\/wp\/v2\/media\/238414"}],"wp:attachment":[{"href":"https:\/\/www.europesays.com\/es\/wp-json\/wp\/v2\/media?parent=238413"}],"wp:term":[{"taxonomy":"category","embeddable":true,"href":"https:\/\/www.europesays.com\/es\/wp-json\/wp\/v2\/categories?post=238413"},{"taxonomy":"post_tag","embeddable":true,"href":"https:\/\/www.europesays.com\/es\/wp-json\/wp\/v2\/tags?post=238413"}],"curies":[{"name":"wp","href":"https:\/\/api.w.org\/{rel}","templated":true}]}}