{"id":238417,"date":"2025-11-16T03:51:10","date_gmt":"2025-11-16T03:51:10","guid":{"rendered":"https:\/\/www.europesays.com\/es\/238417\/"},"modified":"2025-11-16T03:51:10","modified_gmt":"2025-11-16T03:51:10","slug":"me-asombra-su-capacidad-para-hacer-todo","status":"publish","type":"post","link":"https:\/\/www.europesays.com\/es\/238417\/","title":{"rendered":"Me asombra su capacidad para hacer todo"},"content":{"rendered":"<p>Acaba el entrenamiento de <strong>Alcaraz<\/strong> y autom\u00e1ticamente un <a href=\"https:\/\/okdiario.com\/deportes\/liberacion-alcaraz-15758019\" target=\"_blank\" rel=\"noopener noreferrer nofollow\">grupo<\/a> de empleados de seguridad se sit\u00faan en la <a href=\"https:\/\/okdiario.com\/deportes\/imagen-del-ano-alcaraz-recibe-trofeo-numero-uno-del-mundo-casa-sinner-15760781\" target=\"_blank\" rel=\"noopener noreferrer nofollow\">puerta de la pista<\/a> y forman un pasillo humano. Por \u00e9l camina, entre los gritos de los aficionados aglomerados durante todo el recorrido, un <strong>Carlitos<\/strong> cuyo rastro se desvanece a medida que se acerca a la puerta del vestuario. Mientras sucede la multitudinaria secuencia, al lado, sin tanta muchedumbre, <strong>Pedro Vives<\/strong> observa atentamente con una sonrisa en su rostro.<\/p>\n<p>Su camiseta, con marcas de sudor, refleja su inmediata actividad. Viene de entrenar con Alcaraz en la pista instalada en el interior del <strong>Inalpi Arena<\/strong> y charla con este medio sobre su experiencia como sparring no s\u00f3lo del murciano, sino de una pl\u00e9yade de tenistas en las <a href=\"https:\/\/www.nittoatpfinals.com\/en\" rel=\"nofollow noopener\" target=\"_blank\"><strong>ATP Finals<\/strong><\/a>. A sus 24 a\u00f1os e instalado en el ranking 463 del mundo, disfruta de esta semana en <strong>Tur\u00edn<\/strong> antes de volver a la realidad, al suya, que pasa por competir en la <strong>NCAA<\/strong> estadounidense, concretamente en la <strong>Universidad Cristiana de Texas<\/strong>.<\/p>\n<p>\u00abTengo la suerte de que soy dos a\u00f1os m\u00e1s mayor que \u00e9l y ya nos conoc\u00edamos de las categor\u00edas inferiores. Llevo aqu\u00ed desde el primer d\u00eda haciendo de sparring con la ATP y pues he tenido la oportunidad de calentar con Carlos, tambi\u00e9n de entrenar un poco con \u00e9l y <strong>para m\u00ed es un placer<\/strong>. Estoy aqu\u00ed para para ayudar, a \u00e9l y a todos los otros tenistas\u00bb, explica. En Tur\u00edn compartido pista con <strong>Sinner, Shelton, De Mi\u00f1aur<\/strong>\u2026<\/p>\n<p>A Vives y a Alcaraz les separa actualmente un abismo ten\u00edstico, pero sus caminos convergieron en el <strong>Real Club de Tenis de Barcelona<\/strong> durante la etapa formativa. \u00abMentir\u00eda si dijera que desde peque\u00f1o ya le vi todo el potencial, pero s\u00ed que <strong>me daba cuenta de que ten\u00eda cosas que otros chicos de su edad no<\/strong>. Jugu\u00e9 contra \u00e9l y me gan\u00f3 (r\u00ede). Luego, como a los 16 a\u00f1os, dio un salto muy grande a nivel f\u00edsico y empez\u00f3 a competir con gente mucho m\u00e1s mayor. Ah\u00ed s\u00ed se pod\u00eda ver que era capaz de conseguir lo que est\u00e1 consiguiendo\u00bb, analiza.<\/p>\n<p>Vives continu\u00f3 su aprendizaje en la <strong>Rafa Nadal Academy<\/strong> -donde entren\u00f3 con Rafa- y finalmente se embarc\u00f3 en el sistema de competici\u00f3n universitario de <strong>Estados Unidos<\/strong>. \u00abSoy de <strong>Mallorca<\/strong> y entrenar con Nadal fue un sue\u00f1o. \u00c9l y Alcaraz son muy diferentes. Rafa s\u00f3lo sab\u00eda ir al 200% en cada entrenamiento y Carlos es muy serio entrenando, pero se toma sus tiempos tambi\u00e9n. <strong>Son completamente diferentes<\/strong>. Uno lo consigui\u00f3 todo y otro tiene como objetivo conseguirlo ahora\u00bb, asegura Vives.<\/p>\n<p>A Pedro, que hac\u00eda a\u00f1os que no compart\u00eda pista con Alcaraz, le llama la atenci\u00f3n las maneras del murciano. \u00abMe impresiona un poco la soltura y <strong>la capacidad que tiene para hacer todas las cosas.<\/strong> Juegas con los otros tenistas que hay aqu\u00ed y ves el esfuerzo f\u00edsico que hacen para generar m\u00e1s fuerza a la pelota, pero Carlos, sin aparentar que genera tanto, la pelota va a la misma velocidad o incluso m\u00e1s\u00bb, asegura Vives, qui\u00e9n, tras el sue\u00f1o de Tur\u00edn apostar\u00e1 por el profesionalismo. \u00abA ver qu\u00e9 tal va la cosa y hasta donde puedo llegar\u00bb, finaliza.<\/p>\n","protected":false},"excerpt":{"rendered":"Acaba el entrenamiento de Alcaraz y autom\u00e1ticamente un grupo de empleados de seguridad se sit\u00faan en la puerta&hellip;\n","protected":false},"author":2,"featured_media":238418,"comment_status":"","ping_status":"","sticky":false,"template":"","format":"standard","meta":{"footnotes":""},"categories":[274],"tags":[168,25,24,23,167,327,326],"class_list":{"0":"post-238417","1":"post","2":"type-post","3":"status-publish","4":"format-standard","5":"has-post-thumbnail","7":"category-tenis","8":"tag-deportes","9":"tag-es","10":"tag-espana","11":"tag-spain","12":"tag-sports","13":"tag-tenis","14":"tag-tennis"},"share_on_mastodon":{"url":"https:\/\/pubeurope.com\/@es\/115557347043759835","error":""},"_links":{"self":[{"href":"https:\/\/www.europesays.com\/es\/wp-json\/wp\/v2\/posts\/238417","targetHints":{"allow":["GET"]}}],"collection":[{"href":"https:\/\/www.europesays.com\/es\/wp-json\/wp\/v2\/posts"}],"about":[{"href":"https:\/\/www.europesays.com\/es\/wp-json\/wp\/v2\/types\/post"}],"author":[{"embeddable":true,"href":"https:\/\/www.europesays.com\/es\/wp-json\/wp\/v2\/users\/2"}],"replies":[{"embeddable":true,"href":"https:\/\/www.europesays.com\/es\/wp-json\/wp\/v2\/comments?post=238417"}],"version-history":[{"count":0,"href":"https:\/\/www.europesays.com\/es\/wp-json\/wp\/v2\/posts\/238417\/revisions"}],"wp:featuredmedia":[{"embeddable":true,"href":"https:\/\/www.europesays.com\/es\/wp-json\/wp\/v2\/media\/238418"}],"wp:attachment":[{"href":"https:\/\/www.europesays.com\/es\/wp-json\/wp\/v2\/media?parent=238417"}],"wp:term":[{"taxonomy":"category","embeddable":true,"href":"https:\/\/www.europesays.com\/es\/wp-json\/wp\/v2\/categories?post=238417"},{"taxonomy":"post_tag","embeddable":true,"href":"https:\/\/www.europesays.com\/es\/wp-json\/wp\/v2\/tags?post=238417"}],"curies":[{"name":"wp","href":"https:\/\/api.w.org\/{rel}","templated":true}]}}