{"id":238421,"date":"2025-11-16T03:55:08","date_gmt":"2025-11-16T03:55:08","guid":{"rendered":"https:\/\/www.europesays.com\/es\/238421\/"},"modified":"2025-11-16T03:55:08","modified_gmt":"2025-11-16T03:55:08","slug":"tangana-final-en-el-helmantico-betis-de-juvenil-regional","status":"publish","type":"post","link":"https:\/\/www.europesays.com\/es\/238421\/","title":{"rendered":"Tangana final en el Helm\u00e1ntico \u2013 Betis de Juvenil Regional"},"content":{"rendered":"<p class=\"paragraph-atom &#10;        A-500-300-700-N A-550-300-700-N--md  \">El encuentro de Juvenil Regional entre el Helm\u00e1ntico y el Betis vallisoletano acab\u00f3 con empate a tres. Pero lo peor lleg\u00f3 tras el pitido final del colegiado, cuando jugadores de los dos equipos, cuerpos t\u00e9cnicos y parte del p\u00fablico se enzarzaron en una tangana.<\/p>\n<p class=\"paragraph-atom &#10;        A-500-300-700-N A-550-300-700-N--md  \">Tal y como ha podido conocer SALAMANCA24HORAS.COM, varias dotaciones de la Polic\u00eda Nacional tuvieron que acudir al campo de f\u00fatbol \u00c1ngel Huerta para disuadir un conflicto que aglutin\u00f3 alrededor de treinta personas.<\/p>\n<p class=\"paragraph-atom &#10;        A-500-300-700-N A-550-300-700-N--md  \">Adem\u00e1s, el acta arbitral recoge uno de los jugadores del equipo vallisoletano golpe\u00f3 un cristal en la zona de vestuarios y rompi\u00f3 el vidrio.<\/p>\n","protected":false},"excerpt":{"rendered":"El encuentro de Juvenil Regional entre el Helm\u00e1ntico y el Betis vallisoletano acab\u00f3 con empate a tres. Pero&hellip;\n","protected":false},"author":2,"featured_media":238422,"comment_status":"","ping_status":"","sticky":false,"template":"","format":"standard","meta":{"footnotes":""},"categories":[268],"tags":[291,168,25,24,1058,280,282,30023,3133,281,23,167,57536],"class_list":{"0":"post-238421","1":"post","2":"type-post","3":"status-publish","4":"format-standard","5":"has-post-thumbnail","7":"category-futbol","8":"tag-betis","9":"tag-deportes","10":"tag-es","11":"tag-espana","12":"tag-final","13":"tag-football","14":"tag-futbol","15":"tag-helmantico","16":"tag-juvenil","17":"tag-soccer","18":"tag-spain","19":"tag-sports","20":"tag-tangana"},"share_on_mastodon":{"url":"https:\/\/pubeurope.com\/@es\/115557362838406684","error":""},"_links":{"self":[{"href":"https:\/\/www.europesays.com\/es\/wp-json\/wp\/v2\/posts\/238421","targetHints":{"allow":["GET"]}}],"collection":[{"href":"https:\/\/www.europesays.com\/es\/wp-json\/wp\/v2\/posts"}],"about":[{"href":"https:\/\/www.europesays.com\/es\/wp-json\/wp\/v2\/types\/post"}],"author":[{"embeddable":true,"href":"https:\/\/www.europesays.com\/es\/wp-json\/wp\/v2\/users\/2"}],"replies":[{"embeddable":true,"href":"https:\/\/www.europesays.com\/es\/wp-json\/wp\/v2\/comments?post=238421"}],"version-history":[{"count":0,"href":"https:\/\/www.europesays.com\/es\/wp-json\/wp\/v2\/posts\/238421\/revisions"}],"wp:featuredmedia":[{"embeddable":true,"href":"https:\/\/www.europesays.com\/es\/wp-json\/wp\/v2\/media\/238422"}],"wp:attachment":[{"href":"https:\/\/www.europesays.com\/es\/wp-json\/wp\/v2\/media?parent=238421"}],"wp:term":[{"taxonomy":"category","embeddable":true,"href":"https:\/\/www.europesays.com\/es\/wp-json\/wp\/v2\/categories?post=238421"},{"taxonomy":"post_tag","embeddable":true,"href":"https:\/\/www.europesays.com\/es\/wp-json\/wp\/v2\/tags?post=238421"}],"curies":[{"name":"wp","href":"https:\/\/api.w.org\/{rel}","templated":true}]}}