{"id":238426,"date":"2025-11-16T04:00:19","date_gmt":"2025-11-16T04:00:19","guid":{"rendered":"https:\/\/www.europesays.com\/es\/238426\/"},"modified":"2025-11-16T04:00:19","modified_gmt":"2025-11-16T04:00:19","slug":"le-quiero-con-todo-mi-corazon","status":"publish","type":"post","link":"https:\/\/www.europesays.com\/es\/238426\/","title":{"rendered":"\u00abLe quiero con todo mi coraz\u00f3n\u00bb"},"content":{"rendered":"<p style=\"\"><a href=\"https:\/\/www.abc.es\/gente\/vida-aitana-relacion-plex-patrimonio-anos-depresion-20250529200000-nt.html\" target=\"_self\" data-voc-vtm-id=\"in-text-traffic\" title=\"Aitana\" data-mrf-link=\"www.abc.es\" rel=\"nofollow noopener\">Aitana<\/a> vivi\u00f3 este jueves una de las noches m\u00e1s emocionantes de su carrera. La catalana, que lleva a\u00f1os movi\u00e9ndose entre los nombres m\u00e1s potentes del pop en espa\u00f1ol, por fin escuch\u00f3 su nombre en los Latin Grammy, celebrados en Las Vegas.<\/p>\n<p style=\"\">Adem\u00e1s, no fue  &#8230; un reconocimiento cualquiera: se trata del primer galard\u00f3n de La Academia Latina de Artes y Ciencias de la Grabaci\u00f3n de su trayectoria, un logro que la artista <strong>recibi\u00f3 muy emocionada<\/strong> y con una dedicatoria que ya corre por todas las redacciones del coraz\u00f3n. Su disco &#8216;Cuarto azul&#8217;, uno de los proyectos m\u00e1s personales que ha firmado hasta ahora, le dio esta alegr\u00eda que quiso <strong>compartir con su familia<\/strong>, su equipo\u2026 y, sobre todo, <strong>con su novio<\/strong>, el creador de contenido <a href=\"https:\/\/www.abc.es\/gente\/aitana-lanza-dardos-exparejas-confiesa-dani-plex-20251105110841-nt.html\" target=\"_self\" data-voc-vtm-id=\"in-text-traffic\" title=\"Daniel Alonso, m\u00e1s conocido como Plex.\" data-mrf-link=\"www.abc.es\" rel=\"nofollow noopener\">Daniel Alonso, m\u00e1s conocido como Plex.<\/a><\/p>\n<p class=\"voc-p\" style=\"\">Visiblemente nerviosa, avanz\u00f3 hacia el micr\u00f3fono con el gram\u00f3fono dorado en la mano y un gesto de incredulidad en el rostro. All\u00ed, en su discurso, dej\u00f3 claro que hab\u00eda sido un momento tan deseado como inesperado. Y no quiso pasar por alto a nadie, especialmente a Plex, a quien dedic\u00f3 unas palabras que han marcado la noche.<\/p>\n<p class=\"voc-p\" style=\"\">\u00abEsto es muy fuerte para m\u00ed. En mi vida he recibido uno de esto. Siempre lo so\u00f1amos y nunca pensamos que pueda pasar. Quiero dar las gracias a todo el equipo, a la academia&#8230; De verdad, muchas gracias a mi familia que me acompa\u00f1a, a mi novio Dani que <strong>lo quiero con todo mi coraz\u00f3n<\/strong>. Espero no olvidarme de nadie y gracias por este momento. No me lo creo\u00bb.<\/p>\n<p>\nLa reacci\u00f3n de Plex\n<\/p>\n<p class=\"voc-p\" style=\"\">La dedicatoria no tard\u00f3 en tener respuesta. Minutos despu\u00e9s, Plex compart\u00eda en redes sociales el instante exacto en el que su pareja recog\u00eda el premio, a\u00f1adiendo \u00fanicamente un coraz\u00f3n. Un gesto breve, pero <strong>cargado de simbolismo<\/strong>, que confirmaba que la dedicatoria hab\u00eda llegado a donde ten\u00eda que llegar.<\/p>\n<p class=\"voc-p\" style=\"\">El creador de contenido <strong>tambi\u00e9n estuvo en la gala<\/strong>, acompa\u00f1ando a Aitana junto a su familia y su equipo, y se fotografi\u00f3 con el ic\u00f3nico gram\u00f3fono dorado. \u00abAcabamos de ganar un Latin Grammy\u00bb, escribi\u00f3 ella en sus redes instantes despu\u00e9s, posando radiante con su primer gran reconocimiento internacional.<\/p>\n<p><img decoding=\"async\" loading=\"lazy\" src=\"https:\/\/www.europesays.com\/es\/wp-content\/uploads\/2025\/11\/plex-aitana-latin-grammy-U54052631081pQO-760x1400@diario_abc.png\" class=\"voc-img\" width=\"760\" height=\"1400\" alt=\"El primer Latin Grammy de Aitana llega con mensaje directo a Plex: \u00abLe quiero con todo mi coraz\u00f3n\u00bb\" data-voc-vtm-id=\"in-text-traffic\"\/><\/p>\n<p>REDES SOCIALES<\/p>\n<p>\nLas diversas muestras de afecto en p\u00fablico\n<\/p>\n<p class=\"voc-p\" style=\"\">En las \u00faltimas semanas, Aitana y Plex han ido mostrando con<strong> total naturalidad<\/strong> la evoluci\u00f3n de su relaci\u00f3n. Primero en los &#8216;Los40 Music Awards&#8217;, donde la artista confes\u00f3 ante las c\u00e1maras: <strong>\u00abEspero estar toda la vida con \u00e9l\u00bb<\/strong>. Despu\u00e9s, posando juntos en viajes, escapadas y, m\u00e1s recientemente, en la <strong>multitudinaria fiesta de Halloween<\/strong> que \u00e9l organiz\u00f3 en una mansi\u00f3n decorada al detalle.<\/p>\n<p class=\"voc-p\" style=\"\">La complicidad entre ambos es cada vez m\u00e1s evidente. Ella ya ha explicado p\u00fablicamente que vive este amor <strong>\u00abde una forma m\u00e1s sana\u00bb<\/strong> y distinta a sus anteriores relaciones, asegurando que con Daniel sinti\u00f3 algo diferente desde el principio: \u00abFue como que \u00e9l me elige y yo le elijo porque nos hacemos bien\u00bb, expres\u00f3 en el p\u00f3dcast &#8216;Se regalan dudas&#8217;. <\/p>\n<p class=\"voc-p\" style=\"\">Aitana, que siempre ha sido reservada en lo sentimental, atraviesa lo que ella misma define como una <strong>n<\/strong><strong>ueva etapa vital<\/strong>, mucho m\u00e1s madura. Y su dedicatoria en los &#8216;Latin Grammy&#8217;, tan p\u00fablica y tan emocional, no ha hecho m\u00e1s que confirmarlo.<\/p>\n","protected":false},"excerpt":{"rendered":"Aitana vivi\u00f3 este jueves una de las noches m\u00e1s emocionantes de su carrera. La catalana, que lleva a\u00f1os&hellip;\n","protected":false},"author":2,"featured_media":238427,"comment_status":"","ping_status":"","sticky":false,"template":"","format":"standard","meta":{"footnotes":""},"categories":[170],"tags":[3519,4835,2125,146,147,25,24,2791,6950,5012,8079,184,185,6663,977,10474,23],"class_list":{"0":"post-238426","1":"post","2":"type-post","3":"status-publish","4":"format-standard","5":"has-post-thumbnail","7":"category-musica","8":"tag-aitana","9":"tag-corazon","10":"tag-directo","11":"tag-entertainment","12":"tag-entretenimiento","13":"tag-es","14":"tag-espana","15":"tag-grammy","16":"tag-latin","17":"tag-llega","18":"tag-mensaje","19":"tag-music","20":"tag-musica","21":"tag-plex","22":"tag-primer","23":"tag-quiero","24":"tag-spain"},"share_on_mastodon":{"url":"https:\/\/pubeurope.com\/@es\/115557382688345123","error":""},"_links":{"self":[{"href":"https:\/\/www.europesays.com\/es\/wp-json\/wp\/v2\/posts\/238426","targetHints":{"allow":["GET"]}}],"collection":[{"href":"https:\/\/www.europesays.com\/es\/wp-json\/wp\/v2\/posts"}],"about":[{"href":"https:\/\/www.europesays.com\/es\/wp-json\/wp\/v2\/types\/post"}],"author":[{"embeddable":true,"href":"https:\/\/www.europesays.com\/es\/wp-json\/wp\/v2\/users\/2"}],"replies":[{"embeddable":true,"href":"https:\/\/www.europesays.com\/es\/wp-json\/wp\/v2\/comments?post=238426"}],"version-history":[{"count":0,"href":"https:\/\/www.europesays.com\/es\/wp-json\/wp\/v2\/posts\/238426\/revisions"}],"wp:featuredmedia":[{"embeddable":true,"href":"https:\/\/www.europesays.com\/es\/wp-json\/wp\/v2\/media\/238427"}],"wp:attachment":[{"href":"https:\/\/www.europesays.com\/es\/wp-json\/wp\/v2\/media?parent=238426"}],"wp:term":[{"taxonomy":"category","embeddable":true,"href":"https:\/\/www.europesays.com\/es\/wp-json\/wp\/v2\/categories?post=238426"},{"taxonomy":"post_tag","embeddable":true,"href":"https:\/\/www.europesays.com\/es\/wp-json\/wp\/v2\/tags?post=238426"}],"curies":[{"name":"wp","href":"https:\/\/api.w.org\/{rel}","templated":true}]}}