{"id":238440,"date":"2025-11-16T04:07:11","date_gmt":"2025-11-16T04:07:11","guid":{"rendered":"https:\/\/www.europesays.com\/es\/238440\/"},"modified":"2025-11-16T04:07:11","modified_gmt":"2025-11-16T04:07:11","slug":"el-ejercito-ruso-afirma-controlar-mas-del-90-de-pokrovsk","status":"publish","type":"post","link":"https:\/\/www.europesays.com\/es\/238440\/","title":{"rendered":"El ej\u00e9rcito ruso afirma controlar m\u00e1s del 90% de Pokrovsk"},"content":{"rendered":"<dl class=\"post-meta-box flex flex-wrap items-top border-grey-lighter border-b post-meta relative z-20\">&#13;<br \/>\n                                    &#13;<br \/>\n                                    &#13;<br \/>\n                                    &#13;<\/p>\n<dt class=\"inline-block py-1 leading-5 w-1\/5 sm:1\/6 xl:w-3\/10 flex items-top font-sans text-3xs text-grey tracking-wider uppercase border-grey-lighter border-t\">&#13;<br \/>\n                                      Fecha                                    <\/dt>\n<p>&#13;<\/p>\n<dd class=\"inline-block w-4\/5 sm:5\/6 xl:w-7\/10 pl-1u lg:pl-0 flex-grow  py-1 font-sans text-xs leading-5 border-grey-lighter border-t\">&#13;<br \/>\n                                      14 de noviembre de 2025&#13;\n                                    <\/dd>\n<p>&#13;\n                                  <\/dl>\n<p>                                        &#13;<br \/>\n        &#13;<br \/>\n            &#13;<br \/>\n        &#13;<br \/>\n        &#13;<br \/>\n            &#13;<br \/>\n            &#13;<br \/>\n        &#13;<br \/>\n        guardar&#13;<br \/>\n        guardado&#13;<\/p>\n<p>    &#13;<br \/>\n        Descargar pdf&#13;<br \/>\n        &#13;<br \/>\n            &#13;<br \/>\n            &#13;<br \/>\n            &#13;<br \/>\n        &#13;<br \/>\n&#13;<br \/>\n&#13;<\/p>\n<dl class=\"post-meta-box flex flex-wrap items-top border-grey-lighter border-b post-meta relative z-20 mt-4\">&#13;<\/p>\n<dt class=\"partager inline-block py-1 leading-5 w-1\/5 sm:1\/6 xl:w-3\/10 flex items-top font-sans text-3xs text-grey tracking-wider uppercase border-grey-lighter border-t\">&#13;<br \/>\n                                      Compartir                                    <\/dt>\n<p>&#13;<\/p>\n<dd class=\"partager inline-block w-4\/5 sm:5\/6 xl:w-7\/10 pl-1u lg:pl-0 flex-grow  py-1 font-sans text-xs leading-5 border-grey-lighter border-t\">&#13;<br \/>\n                                      <a target=\"_blank\" data-social=\"twitter\" class=\"text-red no-underline inline-block w-4 h-4 mr-2\" href=\"https:\/\/twitter.com\/intent\/tweet\/?text=El+ej%C3%A9rcito+ruso+afirma+controlar+m%C3%A1s+del+90%25+de+Pokrovsk&amp;url=https%3A%2F%2Flegrandcontinent.eu%2Fes%2F2025%2F11%2F14%2Fel-ejercito-ruso-afirma-controlar-mas-del-90-de-pokrovsk%2F\" rel=\"nofollow noopener\">&#13;<br \/>\n                                          &#13;<br \/>\n                                        <\/a>&#13;<br \/>\n                                      <a target=\"_blank\" data-social=\"facebook\" class=\"text-red no-underline inline-block w-4 h-4 mr-2\" href=\"https:\/\/facebook.com\/sharer\/sharer.php?u=https%3A%2F%2Flegrandcontinent.eu%2Fes%2F2025%2F11%2F14%2Fel-ejercito-ruso-afirma-controlar-mas-del-90-de-pokrovsk%2F\" rel=\"nofollow noopener\">&#13;<br \/>\n                                          &#13;<br \/>\n                                        <\/a>&#13;<br \/>\n                                      <a target=\"_blank\" data-social=\"linkedin\" class=\"text-red no-underline inline-block w-4 h-4 mr-2\" href=\"https:\/\/www.linkedin.com\/shareArticle?title=El+ej%C3%A9rcito+ruso+afirma+controlar+m%C3%A1s+del+90%25+de+Pokrovsk&amp;url=https%3A%2F%2Flegrandcontinent.eu%2Fes%2F2025%2F11%2F14%2Fel-ejercito-ruso-afirma-controlar-mas-del-90-de-pokrovsk%2F\" rel=\"nofollow noopener\">&#13;<br \/>\n                                          &#13;<br \/>\n                                        <\/a>&#13;<br \/>\n&#13;<br \/>\n&#13;\n                                    <\/dd>\n<p>&#13;<br \/>\n                                    &#13;\n                                  <\/dl>\n<p>Los datos vectoriales del control territorial ruso en Ucrania a fecha de jueves 13 de noviembre, recopilados por el Institute for the Study of War (ISW), un grupo de expertos estadounidense, indican que Mosc\u00fa reclama el control de 28,6 km\u00b2 de los 31,2 km\u00b2 de\u00a0<a href=\"https:\/\/legrandcontinent.eu\/es\/2025\/10\/22\/en-el-oblast-de-donetsk-pokrovsk-esta-a-punto-de-caer\/\" rel=\"nofollow noopener\" target=\"_blank\">Pokrovsk<\/a>, es decir, el 92%. Sin embargo, la presencia de fuerzas rusas s\u00f3lo est\u00e1 confirmada en el 46% de la superficie municipal.<\/p>\n<ul class=\"wp-block-list\">\n<li>Desde que estas \u00faltimas\u00a0<a href=\"https:\/\/legrandcontinent.eu\/es\/2025\/10\/22\/en-el-oblast-de-donetsk-pokrovsk-esta-a-punto-de-caer\/\" rel=\"nofollow noopener\" target=\"_blank\">entraron en la ciudad a finales de octubre<\/a>, Kiev ha recurrido a unidades de \u00e9lite para intentar contener su avance.<\/li>\n<li>Sin embargo, su funci\u00f3n parece consistir principalmente en mantener un corredor abierto para evitar que el resto de las tropas ucranianas que defienden la ciudad queden rodeadas.<\/li>\n<li>La\u00a0<a href=\"https:\/\/legrandcontinent.eu\/es\/2025\/11\/03\/en-la-region-de-donetsk-podra-ucrania-seguir-defendiendo-pokrovsk\/\" rel=\"nofollow noopener\" target=\"_blank\">captura de la ciudad<\/a>\u00a0ser\u00eda considerada por Mosc\u00fa como una victoria importante, ya que el ej\u00e9rcito ruso no ha conquistado ninguna ciudad importante desde Bajmut en 2023.<\/li>\n<\/ul>\n<p>Se desconoce el n\u00famero exacto de tropas ucranianas en el sector de Pokrovsk. Debido a la falta de efectivos que sufre Kiev desde el inicio de la guerra, la muerte de varios cientos o incluso miles de soldados para defender una ciudad cuyo destino parece ya sellado podr\u00eda aumentar la presi\u00f3n sobre Zelenski, que afirma querer dejar la decisi\u00f3n final en manos del ej\u00e9rcito.<\/p>\n<p>En una entrevista publicada ayer, jueves 13 de noviembre, el presidente ucraniano reconoci\u00f3 que el ej\u00e9rcito se enfrentaba a una \u00absituaci\u00f3n muy dif\u00edcil en Pokrovsk\u00bb.<\/p>\n<ul class=\"wp-block-list\">\n<li>A\u00f1ade: \u00abNadie les empuja a morir por unas ruinas [\u2026] Apoyar\u00e9 a nuestros soldados, en particular a los comandantes que est\u00e1n sobre el terreno, en su forma de controlar la situaci\u00f3n. De lo contrario, nos costar\u00e1 demasiado caro: lo m\u00e1s importante para nosotros son nuestros soldados\u00bb\u00a0.<\/li>\n<li>Aunque de menor envergadura,\u00a0<a href=\"https:\/\/legrandcontinent.eu\/es\/2024\/02\/14\/ucrania-quiere-seguir-defendiendo-avdivka-a-toda-costa\/\" rel=\"nofollow noopener\" target=\"_blank\">el dilema<\/a>\u00a0al que se enfrenta el Estado Mayor ucraniano es similar al de los asedios de Bajmut y Avdivka, dos ciudades capturadas en 2023 y 2024 por Mosc\u00fa, cuya defensa cost\u00f3 varios miles de vidas.<\/li>\n<li>La decisi\u00f3n de Kiev ser\u00e1 objeto de un escrutinio a\u00fan mayor, ya que el comandante en jefe de las fuerzas armadas,\u00a0<a href=\"https:\/\/legrandcontinent.eu\/es\/2024\/02\/09\/zaluzhnyi-despedido-quien-es-su-sustituto-oleksandr-syrsky\/\" rel=\"nofollow noopener\" target=\"_blank\">Oleksandr Syrsky, nombrado en febrero de 2024, se hab\u00eda ganado la reputaci\u00f3n de \u00abcarnicero\u00bb<\/a>\u00a0debido a las grandes p\u00e9rdidas ucranianas que se le atribuyen durante la batalla de Bajmut, entre 2022 y 2023.<\/li>\n<\/ul>\n<p>Como se\u00f1ala el analista David Axe, las tropas del 1.\u00ba Cuerpo de la Guardia Nacional que est\u00e1n terminando de repeler a las fuerzas rusas al norte de Pokrovsk podr\u00edan ser enviadas 100 kil\u00f3metros m\u00e1s al sur, a Huliaipole, en la \u00f3blast de Zaporiyia, donde la 90.\u00aa Divisi\u00f3n Blindada rusa avanza r\u00e1pidamente\u00a0. Su redespliegue al norte de Pokrovsk, en la nueva l\u00ednea de defensa que se est\u00e1 formando actualmente, podr\u00eda tener consecuencias negativas en otros sectores del frente.<\/p>\n<p>                            <script async src=\"https:\/\/platform.twitter.com\/widgets.js\" charset=\"utf-8\"><\/script><\/p>\n","protected":false},"excerpt":{"rendered":"&#13; &#13; &#13; &#13; &#13; Fecha &#13; &#13; 14 de noviembre de 2025&#13; &#13; &#13; &#13; &#13; &#13;&hellip;\n","protected":false},"author":2,"featured_media":238441,"comment_status":"","ping_status":"","sticky":false,"template":"","format":"standard","meta":{"footnotes":""},"categories":[42],"tags":[17,18,13,14,11,61,62,63,64,19,20,9,10,15,16,12,21,22,65,66,67],"class_list":{"0":"post-238440","1":"post","2":"type-post","3":"status-publish","4":"format-standard","5":"has-post-thumbnail","7":"category-internacional","8":"tag-breaking-news","9":"tag-breakingnews","10":"tag-featured-news","11":"tag-featurednews","12":"tag-headlines","13":"tag-internacional","14":"tag-international","15":"tag-international-news","16":"tag-internationalnews","17":"tag-latest-news","18":"tag-latestnews","19":"tag-news","20":"tag-noticias","21":"tag-noticias-destacadas","22":"tag-noticiasdestacadas","23":"tag-titulares","24":"tag-ultimas-noticias","25":"tag-ultimasnoticias","26":"tag-world","27":"tag-world-news","28":"tag-worldnews"},"share_on_mastodon":{"url":"","error":""},"_links":{"self":[{"href":"https:\/\/www.europesays.com\/es\/wp-json\/wp\/v2\/posts\/238440","targetHints":{"allow":["GET"]}}],"collection":[{"href":"https:\/\/www.europesays.com\/es\/wp-json\/wp\/v2\/posts"}],"about":[{"href":"https:\/\/www.europesays.com\/es\/wp-json\/wp\/v2\/types\/post"}],"author":[{"embeddable":true,"href":"https:\/\/www.europesays.com\/es\/wp-json\/wp\/v2\/users\/2"}],"replies":[{"embeddable":true,"href":"https:\/\/www.europesays.com\/es\/wp-json\/wp\/v2\/comments?post=238440"}],"version-history":[{"count":0,"href":"https:\/\/www.europesays.com\/es\/wp-json\/wp\/v2\/posts\/238440\/revisions"}],"wp:featuredmedia":[{"embeddable":true,"href":"https:\/\/www.europesays.com\/es\/wp-json\/wp\/v2\/media\/238441"}],"wp:attachment":[{"href":"https:\/\/www.europesays.com\/es\/wp-json\/wp\/v2\/media?parent=238440"}],"wp:term":[{"taxonomy":"category","embeddable":true,"href":"https:\/\/www.europesays.com\/es\/wp-json\/wp\/v2\/categories?post=238440"},{"taxonomy":"post_tag","embeddable":true,"href":"https:\/\/www.europesays.com\/es\/wp-json\/wp\/v2\/tags?post=238440"}],"curies":[{"name":"wp","href":"https:\/\/api.w.org\/{rel}","templated":true}]}}