{"id":238466,"date":"2025-11-16T04:30:19","date_gmt":"2025-11-16T04:30:19","guid":{"rendered":"https:\/\/www.europesays.com\/es\/238466\/"},"modified":"2025-11-16T04:30:19","modified_gmt":"2025-11-16T04:30:19","slug":"muere-la-influencer-nutricionista-y-culturista-diana-areas-tras-caer-desde-el-tejado-de-su-edificio","status":"publish","type":"post","link":"https:\/\/www.europesays.com\/es\/238466\/","title":{"rendered":"Muere la influencer, nutricionista y culturista Diana Ar\u00eaas tras caer desde el tejado de su edificio"},"content":{"rendered":"<p>La polic\u00eda brasile\u00f1a investiga la muerte de la influencer, nutricionista y culturista <b>Diana Ar\u00eaas<\/b>, de 39 a\u00f1os, <b>tras caer desde el tejado de su edificio <\/b>en Campos, al norte de R\u00edo de Janeiro. Encontraron su cuerpo el jueves en la zona com\u00fan del complejo residencial, seg\u00fan inform\u00f3 el medio local J3News.<\/p>\n<p>Horas antes,<b> los servicios de emergencia hab\u00edan acudido a su apartamento,<\/b> donde la encontraron con traumatismos por todo el cuerpo. Fue trasladada al hospital, pero seg\u00fan las autoridades, <b>abandon\u00f3 el centro sanitario sin autorizaci\u00f3n m\u00e9dica.<\/b> Poco despu\u00e9s, se notific\u00f3 el hallazgo de su cuerpo en el edificio. Por ahora, la polic\u00eda no ha dado m\u00e1s detalles sobre las circunstancias de la muerte y mantiene la investigaci\u00f3n abierta.<\/p>\n<p>\u00abAtleta, nutricionista y una super m\u00e1ma\u00bb<\/p>\n<p>Reconocida en redes por sus rutinas deportivas, sus consejos de nutrici\u00f3n y por competir en varias pruebas de culturismo, <b>Ar\u00eaas acumulaba m\u00e1s de 200.000 seguidores en Instagram<\/b>, donde se defin\u00eda como alguien dedicada a \u00abtransformar cuerpos y mentes\u00bb. Su perfil est\u00e1 repleto de v\u00eddeos entrenando y posando, adem\u00e1s de im\u00e1genes con su hija, a la que muchos seguidores han recordado en sus mensajes de despedida.<\/p>\n<p>Su \u00faltima publicaci\u00f3n, compartida cinco d\u00edas antes de su muerte, <b>anunciaba un reto f\u00edsico para el verano e invitaba a sus seguidores a sumarse<\/b>. El post se ha llenado de comentarios emotivos y de cari\u00f1o: \u00abDescansa en paz, amiga m\u00eda. Que tu alma encuentre la paz con nuestro Padre\u00bb, escrib\u00eda una usuaria. \u00abDiana no solo era hermosa, atleta y nutricionista: era una s\u00faper mam\u00e1 y demasiado inteligente\u00bb, a\u00f1ad\u00eda otra.<\/p>\n<p>S\u00edguenos en nuestro <a title=\"canal de WhatsApp\" href=\"https:\/\/www.whatsapp.com\/channel\/0029Va6BhYH2phHPnlatwW3b\" target=\"_blank\" rel=\"nofollow noopener\"><strong>canal de WhatsApp<\/strong><\/a> y no te pierdas la \u00faltima hora y toda la actualidad en nuestro <a title=\"perfil de Google\" href=\"https:\/\/profile.google.com\/cp\/CgovbS8wMngwNnFy\" target=\"_blank\" rel=\"nofollow noopener\"><strong>perfil de Google<\/strong><\/a><strong>.<\/strong><\/p>\n<p>   <img decoding=\"async\" title=\"Imagen del papa Le\u00f3n XIV y la actriz Cate Blanchett \" alt=\"Imagen del papa Le\u00f3n XIV y la actriz Cate Blanchett \" width=\"480\" height=\"270\" src=\"https:\/\/www.europesays.com\/es\/wp-content\/uploads\/2025\/11\/imagen-papa-leon-xiv-actriz-cate-blanchett_70.jpg\" loading=\"lazy\" class=\"lazy\"\/><\/p>\n","protected":false},"excerpt":{"rendered":"La polic\u00eda brasile\u00f1a investiga la muerte de la influencer, nutricionista y culturista Diana Ar\u00eaas, de 39 a\u00f1os, tras&hellip;\n","protected":false},"author":2,"featured_media":238467,"comment_status":"","ping_status":"","sticky":false,"template":"","format":"standard","meta":{"footnotes":""},"categories":[42],"tags":[17,18,13,14,11,61,62,63,64,19,20,9,10,15,16,12,21,22,65,66,67],"class_list":{"0":"post-238466","1":"post","2":"type-post","3":"status-publish","4":"format-standard","5":"has-post-thumbnail","7":"category-internacional","8":"tag-breaking-news","9":"tag-breakingnews","10":"tag-featured-news","11":"tag-featurednews","12":"tag-headlines","13":"tag-internacional","14":"tag-international","15":"tag-international-news","16":"tag-internationalnews","17":"tag-latest-news","18":"tag-latestnews","19":"tag-news","20":"tag-noticias","21":"tag-noticias-destacadas","22":"tag-noticiasdestacadas","23":"tag-titulares","24":"tag-ultimas-noticias","25":"tag-ultimasnoticias","26":"tag-world","27":"tag-world-news","28":"tag-worldnews"},"share_on_mastodon":{"url":"https:\/\/pubeurope.com\/@es\/115557501066248301","error":""},"_links":{"self":[{"href":"https:\/\/www.europesays.com\/es\/wp-json\/wp\/v2\/posts\/238466","targetHints":{"allow":["GET"]}}],"collection":[{"href":"https:\/\/www.europesays.com\/es\/wp-json\/wp\/v2\/posts"}],"about":[{"href":"https:\/\/www.europesays.com\/es\/wp-json\/wp\/v2\/types\/post"}],"author":[{"embeddable":true,"href":"https:\/\/www.europesays.com\/es\/wp-json\/wp\/v2\/users\/2"}],"replies":[{"embeddable":true,"href":"https:\/\/www.europesays.com\/es\/wp-json\/wp\/v2\/comments?post=238466"}],"version-history":[{"count":0,"href":"https:\/\/www.europesays.com\/es\/wp-json\/wp\/v2\/posts\/238466\/revisions"}],"wp:featuredmedia":[{"embeddable":true,"href":"https:\/\/www.europesays.com\/es\/wp-json\/wp\/v2\/media\/238467"}],"wp:attachment":[{"href":"https:\/\/www.europesays.com\/es\/wp-json\/wp\/v2\/media?parent=238466"}],"wp:term":[{"taxonomy":"category","embeddable":true,"href":"https:\/\/www.europesays.com\/es\/wp-json\/wp\/v2\/categories?post=238466"},{"taxonomy":"post_tag","embeddable":true,"href":"https:\/\/www.europesays.com\/es\/wp-json\/wp\/v2\/tags?post=238466"}],"curies":[{"name":"wp","href":"https:\/\/api.w.org\/{rel}","templated":true}]}}