{"id":238480,"date":"2025-11-16T04:48:10","date_gmt":"2025-11-16T04:48:10","guid":{"rendered":"https:\/\/www.europesays.com\/es\/238480\/"},"modified":"2025-11-16T04:48:10","modified_gmt":"2025-11-16T04:48:10","slug":"excluyen-documental-sobre-pablo-milanes","status":"publish","type":"post","link":"https:\/\/www.europesays.com\/es\/238480\/","title":{"rendered":"excluyen documental sobre Pablo Milan\u00e9s"},"content":{"rendered":"<p>El realizador <a href=\"http:\/\/https:\/\/festivalgabo.com\/invitado\/fabien-pisani\/\" rel=\"nofollow\"><strong>Fabien Pisani<\/strong><\/a> denunci\u00f3 que el Festival Internacional del Nuevo Cine Latinoamericano, previsto para diciembre, rechaz\u00f3 su documental \u00abPara Vivir\u00bb, sobre <strong>Pablo Milan\u00e9s<\/strong> (1943-2022), pese a su recorrido internacional, un gesto que atribuye a la persistente censura cultural en Cuba.<\/p>\n<p>Pisani revel\u00f3 a trav\u00e9s de su perfil en <a href=\"https:\/\/www.facebook.com\/share\/p\/1AT6mqPA7P\/\" rel=\"nofollow noopener\" target=\"_blank\">Facebook<\/a> que su alegr\u00eda por la selecci\u00f3n de \u00abEn la Caliente.\u00a0Cuentos de un Guerrero del Reguet\u00f3n\u00bb se diluy\u00f3 cuando el comit\u00e9 del Festival de La Habana ignor\u00f3 durante d\u00edas su otro filme, \u00abPara Vivir\u00bb, para finalmente comunicar que no ser\u00eda incluido.<\/p>\n<p>Captura de Facebook\/Fabien Pisani<\/p>\n<p>Se\u00f1al\u00f3 que la pel\u00edcula ha participado en festivales como Sheffield, Mar del Plata, Morelia y DOC NYC, lo que, a su juicio, descarta un criterio meramente curatorial.<\/p>\n<p>El cineasta afirm\u00f3 que esperaba que el documental permitiera al p\u00fablico cubano reencontrarse con la figura de Milan\u00e9s, a quien considera su padre adoptivo desde los dos a\u00f1os.<\/p>\n<p>\u201c\u00bfAcaso nadie se atrevi\u00f3 a poner a Pablo Milan\u00e9s en un cine de La Habana?\u201d, cuestion\u00f3, sugiriendo la intervenci\u00f3n de la burocracia cultural.<\/p>\n<p>Captura de Facebook\/Fabien Pisani<\/p>\n<p>Pisani record\u00f3 la larga tradici\u00f3n de censura hacia el cine independiente en Cuba y <a href=\"https:\/\/www.cibercuba.com\/noticias\/2022-06-16-u1-e208512-s27061-protestas-restriccion-venta-entradas-concierto-pablo-milanes\" rel=\"nofollow noopener\" target=\"_blank\"><strong>los intentos del oficialismo por obstaculizar el \u00faltimo concierto del m\u00fasico en la isla<\/strong><\/a>, meses antes de su fallecimiento.<\/p>\n<p>Lament\u00f3 que el festival desperdiciara la oportunidad de <a href=\"https:\/\/www.cibercuba.com\/noticias\/2022-06-17-u1-e208227-s27061-ulises-toirac-califica-metodo-bajo-ruin-cobarde-control\" rel=\"nofollow noopener\" target=\"_blank\"><strong>reparar simb\u00f3licamente agravios contra una de las figuras m\u00e1s queridas del pa\u00eds<\/strong><\/a>.<\/p>\n<p>Pese al rechazo, dijo que seguir\u00e1 filmando y compartiendo historias inc\u00f3modas, convencido de que mientras exista creaci\u00f3n art\u00edstica habr\u00e1 futuro, aunque ese futuro \u2014por ahora\u2014 no pueda proyectarse en los cines de La Habana.<\/p>\n<p>Nacido en La Habana, Pisani impulsa desde hace casi 20 a\u00f1os proyectos culturales como promotor, productor y director en m\u00fasica, cine y televisi\u00f3n.<\/p>\n<p>Es fundador del Festival Musicabana y un referente en el desarrollo de la econom\u00eda creativa en Cuba. Entre sus obras destacan \u201c7 d\u00edas en La Habana\u201d (2012).<\/p>\n<p>Con esta nueva exclusi\u00f3n, el cine cubano suma otro cap\u00edtulo en su larga historia de censura institucional.<\/p>\n<p>A mediados de octubre, el director y guionista cubano <a href=\"https:\/\/www.cibercuba.com\/noticias\/2025-06-29-u1-e209363-s27061-nid306011-ni-extra-ni-virgen-ni-oliva-cineasta-cubano-kiki\" rel=\"nofollow noopener\" target=\"_blank\"><strong>Enrique \u201cKiki\u201d \u00c1lvarez<\/strong><\/a> denunci\u00f3 que el Instituto Cubano del Arte e Industria Cinematogr\u00e1ficos (Icaic) dio por terminada su relaci\u00f3n laboral y la de su colega <strong>Esteban Insausti<\/strong> sin notificaci\u00f3n previa, falsificando adem\u00e1s una \u201crenuncia voluntaria\u201d que nunca existi\u00f3.<\/p>\n<p><a href=\"https:\/\/www.cibercuba.com\/noticias\/2025-10-18-u1-e209363-s27061-nid313148-icaic-cierra-contratos-aviso-cineastas-enrique-kiki\" rel=\"nofollow noopener\" target=\"_blank\"><strong>En una extensa publicaci\u00f3n en Facebook<\/strong><\/a>, \u00c1lvarez -La Ola (1995); Jirafas (2014); Venecia (2016)- revel\u00f3 que la referida instituci\u00f3n cerr\u00f3 su contrato y el de Insausti desde el 1 de agosto de 2025, sin informarles ni justificar la decisi\u00f3n.<\/p>\n<p>Al cierre de 2024, la Asamblea de Cineastas Cubanos (ACC) emiti\u00f3 un contundente llamado a la defensa de la libertad creativa y <a href=\"https:\/\/www.cibercuba.com\/noticias\/2024-12-24-u1-e135253-s27061-nid294390-asamblea-cineastas-cubanos-nuestra-cultura-puede\" rel=\"nofollow noopener\" target=\"_blank\"><strong>una alerta sobre la denuncia de la censura que afecta al cine cubano<\/strong><\/a>.<\/p>\n<p>\u201cNuestra cultura no puede seguir siendo conducida por los mismos represores y censores de larga impunidad. El da\u00f1o acumulado por sus a\u00f1os de ejercicio est\u00e1 a la vista\u201d, afirm\u00f3 la ACC, se\u00f1alando directamente a las autoridades responsables del deterioro de las estructuras del cine en la isla.<\/p>\n<p>La organizaci\u00f3n denunci\u00f3 un <a href=\"https:\/\/www.cibercuba.com\/noticias\/2024-12-21-u1-e199894-s27061-nid294264-policia-detiene-al-cineasta-orlando-mora-cabrera\" rel=\"nofollow noopener\" target=\"_blank\"><strong>nuevo acto de violencia institucional dirigido contra el joven cineasta Orlando Mora<\/strong><\/a>, cuyo filme \u201cMatar a un Hombre\u201d <a href=\"https:\/\/www.cibercuba.com\/noticias\/2024-12-16-u1-e208933-s27061-nid293865-denuncian-censura-al-filme-cubano-matar-hombre\" rel=\"nofollow noopener\" target=\"_blank\"><strong>fue censurado en la pasada edici\u00f3n del Festival del Nuevo Cine Latinoamericano de La Habana<\/strong><\/a>.<\/p>\n<p>Asimismo, a inicios de enero, el Tribunal Provincial de La Habana desestim\u00f3 la demanda interpuesta por el cineasta <a href=\"https:\/\/www.cibercuba.com\/noticias\/2023-06-01-u1-e199894-s27061-cineasta-juan-pin-vilar-envia-carta-diaz-canel-censura-al\" rel=\"nofollow noopener\" target=\"_blank\"><strong>Juan Pin Vilar<\/strong><\/a> contra el Canal Educativo, que <a href=\"https:\/\/www.cibercuba.com\/noticias\/2025-01-18-u1-e207888-s27061-nid295718-tribunal-regimen-aprueba-exhibicion-autorizada\" rel=\"nofollow noopener\" target=\"_blank\"><strong>exhibi\u00f3 su documental \u00abLa Habana de Fito\u00bb sin su consentimiento<\/strong><\/a>.<\/p>\n<p>En abril, la edici\u00f3n 26 del Buenos Aires Festival Internacional de Cine Independiente (BAFICI) otorg\u00f3 el Premio Especial del Jurado en la competencia de Vanguardia y G\u00e9nero <a href=\"https:\/\/www.cibercuba.com\/noticias\/2025-04-14-u1-e209363-s27315-nid300875-gana-premio-internacional-cronicas-absurdo\" rel=\"nofollow noopener\" target=\"_blank\"><strong>al documental Cr\u00f3nicas del Absurdo (2024)<\/strong><\/a>, del realizador cubano <strong>Miguel Coyula<\/strong>.<\/p>\n<p>Filmado con grabaciones ocultas, el audiovisual de 77 minutos muestra la realidad de los artistas independientes en Cuba, <a href=\"https:\/\/www.cibercuba.com\/noticias\/2023-07-03-u1-e207888-s27061-sale-luz-tenso-intercambio-durante-reunion-cineastas-icaic\" rel=\"nofollow noopener\" target=\"_blank\"><strong>sometidos a control estatal y hostigamiento<\/strong><\/a>.<\/p>\n<p>Asimismo, el homenaje que el grupo Teatro El P\u00fablico, dirigido por el director <strong>Carlos D\u00edaz<\/strong>, preparaba el pasado 19 de octubre junto a la F\u00e1brica de Arte Cubano (FAC) para <a href=\"https:\/\/www.cibercuba.com\/noticias\/2025-09-21-u1-e208512-s27315-nid311433-celia-cruz-azucar-emisora-satelital-lanza-canal\" rel=\"nofollow noopener\" target=\"_blank\"><strong>conmemorar el centenario<\/strong><\/a> del nacimiento de <a href=\"https:\/\/www.cibercuba.com\/tags\/celia-cruz\" rel=\"nofollow noopener\" target=\"_blank\"><strong>Celia Cruz<\/strong><\/a> (1925-2003) fue suspendido a \u00faltima hora, por decisi\u00f3n del Centro Nacional de M\u00fasica Popular.<\/p>\n","protected":false},"excerpt":{"rendered":"El realizador Fabien Pisani denunci\u00f3 que el Festival Internacional del Nuevo Cine Latinoamericano, previsto para diciembre, rechaz\u00f3 su&hellip;\n","protected":false},"author":2,"featured_media":238481,"comment_status":"","ping_status":"","sticky":false,"template":"","format":"standard","meta":{"footnotes":""},"categories":[169],"tags":[7542,61610,177,61611,53281,61612,209,61613,146,147,25,24,61614,176,39673,175,4360,41468,23],"class_list":{"0":"post-238480","1":"post","2":"type-post","3":"status-publish","4":"format-standard","5":"has-post-thumbnail","7":"category-cine","8":"tag-arte-y-cultura","9":"tag-censura-en-cuba","10":"tag-cine","11":"tag-cine-cubano","12":"tag-cine-documental","13":"tag-cineastas-cubanos","14":"tag-cultura","15":"tag-cultura-cubana","16":"tag-entertainment","17":"tag-entretenimiento","18":"tag-es","19":"tag-espana","20":"tag-festival-internacional-del-nuevo-cine-latinoamericano","21":"tag-film","22":"tag-la-habana","23":"tag-movies","24":"tag-noticias-de-cuba","25":"tag-pablo-milanes","26":"tag-spain"},"share_on_mastodon":{"url":"https:\/\/pubeurope.com\/@es\/115557571338140866","error":""},"_links":{"self":[{"href":"https:\/\/www.europesays.com\/es\/wp-json\/wp\/v2\/posts\/238480","targetHints":{"allow":["GET"]}}],"collection":[{"href":"https:\/\/www.europesays.com\/es\/wp-json\/wp\/v2\/posts"}],"about":[{"href":"https:\/\/www.europesays.com\/es\/wp-json\/wp\/v2\/types\/post"}],"author":[{"embeddable":true,"href":"https:\/\/www.europesays.com\/es\/wp-json\/wp\/v2\/users\/2"}],"replies":[{"embeddable":true,"href":"https:\/\/www.europesays.com\/es\/wp-json\/wp\/v2\/comments?post=238480"}],"version-history":[{"count":0,"href":"https:\/\/www.europesays.com\/es\/wp-json\/wp\/v2\/posts\/238480\/revisions"}],"wp:featuredmedia":[{"embeddable":true,"href":"https:\/\/www.europesays.com\/es\/wp-json\/wp\/v2\/media\/238481"}],"wp:attachment":[{"href":"https:\/\/www.europesays.com\/es\/wp-json\/wp\/v2\/media?parent=238480"}],"wp:term":[{"taxonomy":"category","embeddable":true,"href":"https:\/\/www.europesays.com\/es\/wp-json\/wp\/v2\/categories?post=238480"},{"taxonomy":"post_tag","embeddable":true,"href":"https:\/\/www.europesays.com\/es\/wp-json\/wp\/v2\/tags?post=238480"}],"curies":[{"name":"wp","href":"https:\/\/api.w.org\/{rel}","templated":true}]}}