{"id":238502,"date":"2025-11-16T05:06:09","date_gmt":"2025-11-16T05:06:09","guid":{"rendered":"https:\/\/www.europesays.com\/es\/238502\/"},"modified":"2025-11-16T05:06:09","modified_gmt":"2025-11-16T05:06:09","slug":"no-me-queda-claro-si-lo-hacen-por-la-luz-azul","status":"publish","type":"post","link":"https:\/\/www.europesays.com\/es\/238502\/","title":{"rendered":"No me queda claro si lo hacen por la luz azul"},"content":{"rendered":"<p class=\"c-paragraph\">\u00abTu retina y tu piel tienen receptores que detectan la luz y sus colores. Tu cuerpo la usa para encender o apagar procesos biol\u00f3gicos esenciales. Si le das una se\u00f1al equivocada, como una pantalla a las 10 de la noche, o un foco LED blanco mientras cenas,\u00a0el cuerpo responde mal\u00bb, es parte de la explicaci\u00f3n que <b>Marcos Llorente<\/b>, jugador del Atl\u00e9tico de Madrid, hace para <b>justificar el uso de las gafas con lentes amarillas.<\/b> En las \u00faltimas semanas, <a href=\"https:\/\/www.20minutos.es\/deportes\/futbol\/mensaje-reivindicativo-marcos-llorente-sobre-su-modo-vida-ver-que-dicen-ahora-todos-los-que-desmentian_6664376_0.html\" title=\"El mensaje reivindicativo de Marcos Llorente sobre su modo de vida: &quot;A ver qu\u00e9 dicen ahora todos los que lo desment\u00edan&quot;\" rel=\"nofollow noopener\" target=\"_blank\">esta &#8216;divulgaci\u00f3n&#8217; ha sido tachada de pol\u00e9mica por los expertos<\/a>, ya que el futbolista estar\u00eda justificando en nombre de la biolog\u00eda, cuestiones no respaldadas por la ciencia.\u00a0<\/p>\n<p class=\"c-paragraph\">Sin embargo, sus palabras <b>parecen haber calado en otros personajes como Violeta Mangri\u00f1\u00e1n<\/b>, que asegur\u00f3 en uno de sus \u00faltimos v\u00eddeos en redes sociales, que hab\u00eda sido influencia por el propio Marcos Llorente y sus ideas sobre la biolog\u00eda. En este sentido,<b> el oftalm\u00f3logo Dami\u00e1n Teillard, se ha hecho eco precisamente de la moda que la influencer ha querido seguir<\/b>, y que ya expone en sus redes sociales, y ha querido arrojar un poco m\u00e1s de explicaci\u00f3n<a href=\"https:\/\/www.20minutos.es\/salud\/oftalmologo-matiza-teoria-marcos-llorente-gafas-tintadas_6660608_0.html\" title=\"Un oftalm\u00f3logo matiza la teor\u00eda de Marcos Llorente sobre sus gafas tintadas: &quot;No est\u00e1n indicadas para tratar ninguna enfermedad&quot;\" rel=\"nofollow noopener\" target=\"_blank\"> a la ya vertida en las \u00faltimas semanas por otros compa\u00f1eros de profesi\u00f3n.\u00a0<\/a><\/p>\n<p>Dami\u00e1n Teillard, oftalm\u00f3logo, sobre la moda de las gafas amarillas<\/p>\n<p class=\"c-paragraph\">\u00abLo primero de todo, las gafas amarillas se pueden llevar por varios motivos\u00bb, comienza explicando el oftalm\u00f3logo. Dami\u00e1n Teillard reconoce as\u00ed de primeras que estas gafas de filtro amarillo <b>llevan siendo parte de la moda vintage y retro hace tiempo<\/b>. Sin embargo, el doctor t<b>ambi\u00e9n explica que este tipo de gafas mejoran el contraste y ayudan en condiciones de baja visi\u00f3n<\/b>, \u00abya sea por una enfermedad o porque est\u00e1s rodeado de niebla\u00bb.<\/p>\n<p class=\"c-paragraph\">El oftalm\u00f3logo justifica as\u00ed este uso poniendo de ejemplo a los esquiadores, que usan gafas con filtro generalmente amarillo o naranja porque as\u00ed ven mejor la nieve. Y por \u00faltimo, <b>el especialista destaca que se ha observado que este tipo de gafas filtran la luz azul.<\/b> \u00abAunque no me queda claro si Violeta y Marcos las usan por esta raz\u00f3n\u00bb, advierte Teillard, viendo que las explicaciones de estos van mucho m\u00e1s all\u00e1 de una mera mejora de la vista.\u00a0<\/p>\n<p class=\"c-paragraph\"><b>La luz azul se transmite desde las pantallas de los m\u00f3viles\u00a0 o los ordenadores<\/b> y seg\u00fan explica el oftalm\u00f3logo,<a href=\"https:\/\/www.20minutos.es\/salud\/actualidad\/gafas-filtro-luz-azul-efectivas-ocu-5481401\/\" title=\"\u00bfLas gafas con filtro de luz azul realmente son efectivas? La OCU tiene la respuesta\" rel=\"nofollow noopener\" target=\"_blank\"> algunos estudios la han relacionado con el cansancio visual<\/a> por el uso de dispositivos. \u00bfEs real? El experto explica que <b>la fatiga visual<\/b> al usar estos dispositivos se debe en gran parte <b>\u00abal sobreesfuerzo, la distancia a la que tenemos la pantalla, la baja luz ambiente o la disminuci\u00f3n de la frecuencia del parpadeo\u00bb<\/b>.<\/p>\n<p class=\"c-paragraph\">\u00a0No obstante, Teillard revela que pese a haber estudios relacionando luz azul y cansancio visual, otros no dicen lo mismo.<b> \u00abEn conclusi\u00f3n, no existe un consenso sobre este aspecto\u00bb, cuenta el oftalm\u00f3logo<\/b>. As\u00ed pues, su recomendaci\u00f3n es que se usen mientras se note \u00abque te van bien, pero no te olvides de descansar la vista, que es lo m\u00e1s importante\u00bb.<\/p>\n","protected":false},"excerpt":{"rendered":"\u00abTu retina y tu piel tienen receptores que detectan la luz y sus colores. Tu cuerpo la usa&hellip;\n","protected":false},"author":2,"featured_media":238503,"comment_status":"","ping_status":"","sticky":false,"template":"","format":"standard","meta":{"footnotes":""},"categories":[174],"tags":[4251,255,146,147,25,24,256,20954,2183,61620,38538,25208,61621,3215,23,61619],"class_list":{"0":"post-238502","1":"post","2":"type-post","3":"status-publish","4":"format-standard","5":"has-post-thumbnail","7":"category-famosos","8":"tag-bienestar","9":"tag-celebrities","10":"tag-entertainment","11":"tag-entretenimiento","12":"tag-es","13":"tag-espana","14":"tag-famosos","15":"tag-gafas","16":"tag-influencers","17":"tag-luz-azul","18":"tag-marcos-llorente","19":"tag-oftalmologia","20":"tag-salud-visual","21":"tag-seo20","22":"tag-spain","23":"tag-violeta-mangrinan"},"share_on_mastodon":{"url":"https:\/\/pubeurope.com\/@es\/115557641991457581","error":""},"_links":{"self":[{"href":"https:\/\/www.europesays.com\/es\/wp-json\/wp\/v2\/posts\/238502","targetHints":{"allow":["GET"]}}],"collection":[{"href":"https:\/\/www.europesays.com\/es\/wp-json\/wp\/v2\/posts"}],"about":[{"href":"https:\/\/www.europesays.com\/es\/wp-json\/wp\/v2\/types\/post"}],"author":[{"embeddable":true,"href":"https:\/\/www.europesays.com\/es\/wp-json\/wp\/v2\/users\/2"}],"replies":[{"embeddable":true,"href":"https:\/\/www.europesays.com\/es\/wp-json\/wp\/v2\/comments?post=238502"}],"version-history":[{"count":0,"href":"https:\/\/www.europesays.com\/es\/wp-json\/wp\/v2\/posts\/238502\/revisions"}],"wp:featuredmedia":[{"embeddable":true,"href":"https:\/\/www.europesays.com\/es\/wp-json\/wp\/v2\/media\/238503"}],"wp:attachment":[{"href":"https:\/\/www.europesays.com\/es\/wp-json\/wp\/v2\/media?parent=238502"}],"wp:term":[{"taxonomy":"category","embeddable":true,"href":"https:\/\/www.europesays.com\/es\/wp-json\/wp\/v2\/categories?post=238502"},{"taxonomy":"post_tag","embeddable":true,"href":"https:\/\/www.europesays.com\/es\/wp-json\/wp\/v2\/tags?post=238502"}],"curies":[{"name":"wp","href":"https:\/\/api.w.org\/{rel}","templated":true}]}}