{"id":238506,"date":"2025-11-16T05:11:28","date_gmt":"2025-11-16T05:11:28","guid":{"rendered":"https:\/\/www.europesays.com\/es\/238506\/"},"modified":"2025-11-16T05:11:28","modified_gmt":"2025-11-16T05:11:28","slug":"el-actor-que-interpreta-a-poe-dameron-en-star-wars-afirma-que-solo-volveria-a-la-saga-si-disney-no-sucumbiera-al-fascismo","status":"publish","type":"post","link":"https:\/\/www.europesays.com\/es\/238506\/","title":{"rendered":"El actor que interpreta a Poe Dameron en Star Wars afirma que solo volver\u00eda a la saga si Disney \u00abno sucumbiera al fascismo\u00bb"},"content":{"rendered":"<p>El actor de <strong>Star Wars<\/strong> que interpreta a <strong>Poe Dameron<\/strong>, Oscar Isaac, ha sugerido que su regreso a la franquicia depend\u00eda de que <strong>Disney <\/strong>no sucumbiera al \u201cfascismo\u201d. Isaac hizo el comentario en <a href=\"https:\/\/www.gq.com\/story\/oscar-isaac-gq-cover-story-interview-men-of-the-year-2025\" rel=\"noopener nofollow\" target=\"_blank\">una entrevista recientemente publicada por GQ<\/a>, realizada durante el per\u00edodo de cuatro d\u00edas en que el presentador de programas de entrevistas Jimmy Kimmel estuvo suspendido por la cadena ABC, propiedad de Disney.<\/p>\n<p><img decoding=\"async\" alt=\"undefined\" class=\"article-image-full-size\" data-position=\"0\" src=\"https:\/\/www.europesays.com\/es\/wp-content\/uploads\/2025\/11\/speaking-amid-jimmy-kimmels-suspension-oscar-isaac-said-hed_6kz7.jpg\"  viewbox=\"0 0 16 9\"\/><br \/>\noscar isaac, actor de Star Wars. Imagen de Emma McIntyre\/Getty Images para SCAD<\/p>\n<p>Isaac ha hablado en el pasado sobre su inter\u00e9s en regresar como el piloto de la Resistencia <strong>Poe Dameron<\/strong>, un papel que interpret\u00f3 en las tres secuelas de <strong>Star Wars<\/strong> de la era Disney. De hecho, con el personaje principal Rey actualmente previsto para regresar en al menos una futura pel\u00edcula, los fans esperaban que otros personajes de la era de las secuelas <strong>tambi\u00e9n hicieran su aparici\u00f3n<\/strong> \u2014con Isaac aparentemente dispuesto.<\/p>\n<p>No obstante, cuando se le hizo la misma pregunta sobre regresar a la saga durante la breve suspensi\u00f3n de Kimmel por parte de Disney, Isaac dio una respuesta m\u00e1s inesperada: \u201cS\u00ed,\u201d dijo en septiembre. \u201cQuiero decir, estar\u00eda abierto, aunque ahora mismo no estoy tan abierto a trabajar con <strong>Disney<\/strong>. Pero si ellos pueden, digamos, resolverlo y, ya sabes, no sucumbir al fascismo, eso ser\u00eda genial\u2026 si eso pasa, entonces s\u00ed, estar\u00eda abierto a tener una conversaci\u00f3n sobre una galaxia muy, muy lejana. O cualquier otra cosa.\u201d<\/p>\n<p>Todo lo que podemos esperar de <strong>Star Wars <\/strong><\/p>\n<p>Solo un mes antes, Isaac <a href=\"https:\/\/variety.com\/2025\/film\/features\/jacob-elordi-oscar-isaac-frankenstein-interview-makeup-netflix-1236492420\/\" rel=\"noopener nofollow\" target=\"_blank\">le hab\u00eda dicho a Variety<\/a> que \u201cvolver\u00eda a Star Wars si hubiera<strong> algo bueno que hacer con eso\u201d,<\/strong> lo que <a href=\"https:\/\/es.ign.com\/star-wars-damon-lindelof-sharmeen-obaid-chinoy-project\/212706\/news\/star-wars-celebration-confirma-la-aparicion-de-oscar-isaac-y-dispara-los-rumores-sobre-su-regreso-a\" rel=\"nofollow noopener\" target=\"_blank\">aument\u00f3 las esperanzas de los seguidores de que ya hubiera planes en marcha para el regreso de Poe<\/a>.<\/p>\n<p>Numerosas estrellas de Hollywood se pronunciaron en contra de la decisi\u00f3n de Disney de suspender a Kimmel, incluido el propio Luke Skywalker, Mark Hamill. Los actores de Marvel Mark Ruffalo y Pedro Pascal tambi\u00e9n apoyaron a Kimmel, al igual que <a href=\"https:\/\/es.ign.com\/jimmy-kimmel-live\/221341\/news\/tatiana-maslany-actriz-de-she-hulk-anima-a-sus-seguidores-a-cancelar-sus-suscripciones-a-servicios-c\" rel=\"nofollow noopener\" target=\"_blank\">Tatiana Maslany, protagonista de She-Hulk, quien pidi\u00f3 a sus fans cancelar sus suscripciones a Disney+ para enviar un mensaje<\/a>.<\/p>\n<p>Si bien los planes de Disney para volver a la era de las secuelas de <strong>Star Wars <\/strong>siguen siendo difusos, la compa\u00f1\u00eda ha dicho que est\u00e1 trabajando en un filme de la Nueva Orden Jedi con Sharmeen Obaid-Chinoy, en la que Daisy Ridley continuar\u00e1 su camino como Jedi tras los eventos de <strong>El ascenso de Skywalker.<\/strong> Antes de eso, <strong>The Mandalorian &amp; Grogu <\/strong>llegar\u00e1n a la gran pantalla el 22 de mayo de 2026, mientras que <strong>Starfighter<\/strong>, protagonizada por Ryan Gosling, se estrenar\u00e1 el 28 de mayo de 2027.<\/p>\n","protected":false},"excerpt":{"rendered":"El actor de Star Wars que interpreta a Poe Dameron, Oscar Isaac, ha sugerido que su regreso a&hellip;\n","protected":false},"author":2,"featured_media":238507,"comment_status":"","ping_status":"","sticky":false,"template":"","format":"standard","meta":{"footnotes":""},"categories":[169],"tags":[177,146,147,25,24,176,175,23],"class_list":{"0":"post-238506","1":"post","2":"type-post","3":"status-publish","4":"format-standard","5":"has-post-thumbnail","7":"category-cine","8":"tag-cine","9":"tag-entertainment","10":"tag-entretenimiento","11":"tag-es","12":"tag-espana","13":"tag-film","14":"tag-movies","15":"tag-spain"},"share_on_mastodon":{"url":"https:\/\/pubeurope.com\/@es\/115557661689423335","error":""},"_links":{"self":[{"href":"https:\/\/www.europesays.com\/es\/wp-json\/wp\/v2\/posts\/238506","targetHints":{"allow":["GET"]}}],"collection":[{"href":"https:\/\/www.europesays.com\/es\/wp-json\/wp\/v2\/posts"}],"about":[{"href":"https:\/\/www.europesays.com\/es\/wp-json\/wp\/v2\/types\/post"}],"author":[{"embeddable":true,"href":"https:\/\/www.europesays.com\/es\/wp-json\/wp\/v2\/users\/2"}],"replies":[{"embeddable":true,"href":"https:\/\/www.europesays.com\/es\/wp-json\/wp\/v2\/comments?post=238506"}],"version-history":[{"count":0,"href":"https:\/\/www.europesays.com\/es\/wp-json\/wp\/v2\/posts\/238506\/revisions"}],"wp:featuredmedia":[{"embeddable":true,"href":"https:\/\/www.europesays.com\/es\/wp-json\/wp\/v2\/media\/238507"}],"wp:attachment":[{"href":"https:\/\/www.europesays.com\/es\/wp-json\/wp\/v2\/media?parent=238506"}],"wp:term":[{"taxonomy":"category","embeddable":true,"href":"https:\/\/www.europesays.com\/es\/wp-json\/wp\/v2\/categories?post=238506"},{"taxonomy":"post_tag","embeddable":true,"href":"https:\/\/www.europesays.com\/es\/wp-json\/wp\/v2\/tags?post=238506"}],"curies":[{"name":"wp","href":"https:\/\/api.w.org\/{rel}","templated":true}]}}