{"id":238547,"date":"2025-11-16T05:48:09","date_gmt":"2025-11-16T05:48:09","guid":{"rendered":"https:\/\/www.europesays.com\/es\/238547\/"},"modified":"2025-11-16T05:48:09","modified_gmt":"2025-11-16T05:48:09","slug":"alcaraz-desmonta-a-auger-aliassime-con-un-tenis-perfecto-y-se-cita-en-otra-final-con-sinner-el-mundo","status":"publish","type":"post","link":"https:\/\/www.europesays.com\/es\/238547\/","title":{"rendered":"Alcaraz desmonta a Auger-Aliassime con un tenis perfecto y se cita en otra final con Sinner &#8211; El Mundo"},"content":{"rendered":"<ol>\n<li><a href=\"https:\/\/news.google.com\/rss\/articles\/CBMihAFBVV95cUxQQTF1ZExRRWY4NmNWakR4bUZuVDZnWVJWblpYb1BheHRJY2hxd3pkekp0RkgxYjZOaXVUZHpVdmcwQU9ub0pYUHhSMU0xSlVDMHl1RVJxSGZ2SlpzbjctS2dFUlFkTHlkRkZ5d29vX0tiWnRYd3h1WDN1d1hUWV9nb01KcVnSAYQBQVVfeXFMTjdSbm9BbVd4U1RoUS1CcS1QWENPcDV4XzFlNy1PbzJWWlVieFVpa3FqUS13aXBOQWliZDVyT1BzWDJ1S1EwZ2pvR1l6S2ZiVEdOQUoxYXc3aTFXMHBQNGhFT25Vcy1IQlliWXhfT1NVV0NROFFZdTNBd3JkaXROWnRkREkz?oc=5\" target=\"_blank\" rel=\"nofollow noopener\">Alcaraz desmonta a Auger-Aliassime con un tenis perfecto y se cita en otra final con Sinner<\/a>&nbsp;&nbsp;El Mundo<\/li>\n<li><a href=\"https:\/\/news.google.com\/rss\/articles\/CBMiswFBVV95cUxQczV6bWRZYWFWM1VsUkYyT3hyZ28wdHdfN2xFRE1odVRSWlNfb3Ryc2Y0RDhXeEh6WUZRYkhKQkF2Yk15NGlTckQ1cTFCZWREa0RKUmVaMUhRWnNNbmJfb2tkcU5rcmZ1UkhOS3BsNFhHdndtblJlRXlkNjJYS2U5NENBbTRIYldtZDdKRUpHYkh0X3U4eGZNVW1kWnJnOVh3aGZYcGw5djgxTzYxekJmTEZ5MNIBswFBVV95cUxNSGFYYTVWQW1FV0FoWUVrWGJiaDZ5cnkzZUpkenF6Sm1OdzVHOENiQVlVY2o5d3Z4bS1JVlltVnhrRkNtTndiX0JUd2Ftcm5GZFJxcUpGdzVTUzc0TFZLcHh4TThLZnQtR1ZDNVdBeXlnbTJibHdTS2w5V09oMGVXS0xPRVhaUzVQOGc4LW14UWthNWcyajNFZW9VWUlaSmNLSzNBM1lTMEtjZ2hDc0Z3b1B1RQ?oc=5\" target=\"_blank\" rel=\"nofollow noopener\">Alcaraz contra Sinner, una final magistral coronar\u00e1 al maestro del circuito<\/a>&nbsp;&nbsp;MARCA<\/li>\n<li><a href=\"https:\/\/news.google.com\/rss\/articles\/CBMi2gFBVV95cUxPaGh4Zk03ckxYaGR0enJFWjZYNGNHc2RoaG1WWkYxck52MWFEU2FMV3VxZHNBNDJfaWcyM3ozS2pCMXVtMlNhaEhwMGNNR1FDYmJXMFhLVmZoVkRZMzNFaUZBYnVyLXNXbG9mckU4QXliOG1taUt1d3FfWUVUNnZEcnMycWpaU0FIMDFnRHluSy0waG9wdTkyZ21TM1lIOXBRY3F5X3RiaG1SbGlzUEpmOVNQdjVVVlhWZzFfS3lVeGJJTVlTQUJCOFVickk5V01STzJISUh5Z3VrQQ?oc=5\" target=\"_blank\" rel=\"nofollow noopener\">Alcaraz busca la llave del enigma: \u00bfC\u00f3mo rendir a Sinner bajo techo y en su casa? \u201cPuedo hacerlo\u201d<\/a>&nbsp;&nbsp;EL PA\u00cdS<\/li>\n<li><a href=\"https:\/\/news.google.com\/rss\/articles\/CBMi2wFBVV95cUxPSV84ekVZSGpIcmpRUk1xN1Q2a2N2VGtTUDd0bzhLNlI1QldyN1NoNUpqVHNNdTlzRWhsWUdqcHU4d0p3WXJIMXFFWEo2aFczVkhva2pKanBBanhLVEFETzZ4MHY2VkU4aXdPazhPeDlvMDRlUzlNbUtQYjRFcDJtUFJFenA3Ung0bFpFUnVmczZ5R0JYX1dqcHZ1cnk2UHZOeU5GdFhtQ09xTzF1ZW4yNzV5bzYwWXhEd0VZRmpEdDhGRlBmV1pEZUJBRHU1UGM1ZWF2Rmo5VzJpYVHSAe8BQVVfeXFMTURBQVNOU1I5N1d1bVhYWldhbjJyN2FMYkVXNmhhSzFaV1ItbkJQUTdIWjUwR21Ta2lvZmc5RWNpbjNMTDdhblEwVTB3aEthbjJVNWpPZ2NKMExDZVZqYTR2dG5GTHUtZ2ZmeEdHTzFrR3BwMEpQNXdfOEk0RC1FRk1xb2E2b1J2YXk1X2t6QWp3c1RxX0E1WTVEb0ExLW1CTnZzMmZYSjZYSWl1MlNENnVxdUUyYjV3bHh4VXByZ0NGYURGTW1SSlBSVm02R0NLYXB6STBhTmZIMzZNa3UwMzBuc0xwUWowZS04bDg1QzQ?oc=5\" target=\"_blank\" rel=\"nofollow noopener\">\u00bfA qu\u00e9 hora es el Sinner &#8211; Alcaraz? Horario de la final de las ATP Finals, d\u00f3nde y c\u00f3mo ver online y en TV<\/a>&nbsp;&nbsp;Diario AS<\/li>\n<\/ol>\n","protected":false},"excerpt":{"rendered":"Alcaraz desmonta a Auger-Aliassime con un tenis perfecto y se cita en otra final con Sinner&nbsp;&nbsp;El Mundo Alcaraz&hellip;\n","protected":false},"author":2,"featured_media":238548,"comment_status":"","ping_status":"","sticky":false,"template":"","format":"standard","meta":{"footnotes":""},"categories":[274],"tags":[545,168,17663,25,24,23,167,327,326],"class_list":{"0":"post-238547","1":"post","2":"type-post","3":"status-publish","4":"format-standard","5":"has-post-thumbnail","7":"category-tenis","8":"tag-carlos-alcaraz","9":"tag-deportes","10":"tag-deportes-tenis","11":"tag-es","12":"tag-espana","13":"tag-spain","14":"tag-sports","15":"tag-tenis","16":"tag-tennis"},"share_on_mastodon":{"url":"https:\/\/pubeurope.com\/@es\/115557807053638319","error":""},"_links":{"self":[{"href":"https:\/\/www.europesays.com\/es\/wp-json\/wp\/v2\/posts\/238547","targetHints":{"allow":["GET"]}}],"collection":[{"href":"https:\/\/www.europesays.com\/es\/wp-json\/wp\/v2\/posts"}],"about":[{"href":"https:\/\/www.europesays.com\/es\/wp-json\/wp\/v2\/types\/post"}],"author":[{"embeddable":true,"href":"https:\/\/www.europesays.com\/es\/wp-json\/wp\/v2\/users\/2"}],"replies":[{"embeddable":true,"href":"https:\/\/www.europesays.com\/es\/wp-json\/wp\/v2\/comments?post=238547"}],"version-history":[{"count":0,"href":"https:\/\/www.europesays.com\/es\/wp-json\/wp\/v2\/posts\/238547\/revisions"}],"wp:featuredmedia":[{"embeddable":true,"href":"https:\/\/www.europesays.com\/es\/wp-json\/wp\/v2\/media\/238548"}],"wp:attachment":[{"href":"https:\/\/www.europesays.com\/es\/wp-json\/wp\/v2\/media?parent=238547"}],"wp:term":[{"taxonomy":"category","embeddable":true,"href":"https:\/\/www.europesays.com\/es\/wp-json\/wp\/v2\/categories?post=238547"},{"taxonomy":"post_tag","embeddable":true,"href":"https:\/\/www.europesays.com\/es\/wp-json\/wp\/v2\/tags?post=238547"}],"curies":[{"name":"wp","href":"https:\/\/api.w.org\/{rel}","templated":true}]}}