{"id":238572,"date":"2025-11-16T06:14:19","date_gmt":"2025-11-16T06:14:19","guid":{"rendered":"https:\/\/www.europesays.com\/es\/238572\/"},"modified":"2025-11-16T06:14:19","modified_gmt":"2025-11-16T06:14:19","slug":"previa-del-encuentro-de-acb-entre-el-barcelona-y-el-baskonia","status":"publish","type":"post","link":"https:\/\/www.europesays.com\/es\/238572\/","title":{"rendered":"Previa del encuentro de ACB entre el Barcelona y el Baskonia"},"content":{"rendered":"<p>\n        El <a href=\"https:\/\/www.noticiasdealava.eus\/baskonia\/\" title=\"Baskonia\" class=\"link copy\" rel=\"nofollow noopener\" target=\"_blank\">Baskonia<\/a> tendr\u00e1 <strong>hoy a partir de las 19.00 horas su \u00faltima oportunidad de poner fin a sus malas sensaciones lejos del Buesa Arena en la \u00faltima cita de esta larga gira de cuatro partidos seguidos a domicilio<\/strong>. Concretamente, los hombres de Paolo Galbiati <strong>visitar\u00e1n la cancha del Barcelona<\/strong>, cuyo inicio de temporada en la ACB ha dejado mucho que desear al registrar un balance peor que el de los vitorianos con dos victorias y cuatro derrotas.\n<\/p>\n<p class=\"article-body__text \">\n        Los pinchazos en casa contra el Hiopos Lleida y el UCAM Murcia, sumados a las derrotas a domicilio ante el Valencia Basket y especialmente<strong> el 96-78 encajado en cancha del Girona el pasado domingo, precipitaron la destituci\u00f3n del exbaskonista Joan Pe\u00f1arroya<\/strong>, cuya figura llevaba tiempo cuestionada.\n<\/p>\n<p class=\"article-body__text \">\n        Su sustituto, uno de los t\u00e9cnicos m\u00e1s laureados de su historia y art\u00edfice de la segunda y \u00faltima Euroliga ganada por el club en 2010 como es <strong>Xavi Pascual, no se sentar\u00e1 a\u00fan en el banquillo y se pondr\u00e1 al mando del equipo a partir del lunes<\/strong>. En su lugar, dirigir\u00e1 al equipo el t\u00e9cnico asistente<strong> \u00d3scar Orellana<\/strong>.\n<\/p>\n<p>            <a href=\"https:\/\/www.noticiasdealava.eus\/baskonia\/2025\/11\/14\/escasa-rebeldia-khalifa-diop-baskonia-euroliga-baloncesto-10353021.html\" title=\"La escasa rebeld\u00eda &#010;de Khalifa Diop\" class=\"new__media\" rel=\"nofollow noopener\" target=\"_blank\"><\/p>\n<p>                <img alt=\"La escasa rebeld\u00eda &#10;de Khalifa Diop\" data-src=\"https:\/\/www.europesays.com\/es\/wp-content\/uploads\/2025\/10\/f6a23a41-b866-41e2-8797-86ed4e9961cf_16-9-aspect-ratio_default_0_x856y466.jpg\" class=\"lozad\"\/><\/p>\n<p>        <\/a><\/p>\n<p>        <a href=\"https:\/\/www.noticiasdealava.eus\/baskonia\/2025\/11\/14\/escasa-rebeldia-khalifa-diop-baskonia-euroliga-baloncesto-10353021.html\" title=\"La escasa rebeld\u00eda &#010;de Khalifa Diop\" class=\"new__headline\" rel=\"nofollow noopener\" target=\"_blank\"><br \/>\n            La escasa rebeld\u00eda<br \/>\nde Khalifa Diop<br \/>\n        <\/a><\/p>\n<p class=\"article-body__text \">\n        Desde la destituci\u00f3n de Pe\u00f1arroya el equipo <strong>ya ha mejorado sus resultados a pesar de no haberse puesto a las \u00f3rdenes de Xavi Pascual, lo cual evidencia la falta de sinton\u00eda que exist\u00eda entre Joan Pe\u00f1arroya y la plantilla<\/strong> tras poco m\u00e1s de una temporada en Barcelona. Desde el desastre de Girona, <strong>los cul\u00e9s se han impuesto en dos encuentros exigentes de la Euroliga <\/strong>a domicilio contra el Bayern de M\u00fanich (74-75) y en casa frente a la Virtus Bolonia (88-81), lo cual los ha catapultado a la sexta posici\u00f3n.\n<\/p>\n<p class=\"article-body__text \">\n        En la ACB, sin embargo, a\u00fan deben confirmar esa mejor\u00eda y <strong>el encuentro contra el Baskonia ser\u00e1 de enorme importancia para ambos conjuntos, ya que una victoria de los alaveses les permitir\u00eda poner tierra de por medio con un rival directo por estar en la Copa del Rey <\/strong>y al mismo tiempo romper la mala din\u00e1mica de resultados lejos del Buesa Arena, con <strong>una \u00fanica victoria contra el Granada en nueve salidas esta temporada<\/strong> entre la Euroliga y la ACB.\n<\/p>\n<p>  Decisi\u00f3n de peso <\/p>\n<p class=\"article-body__text \">\n        Para este compromiso,<strong> Paolo Galbiati deber\u00e1 realizar por primera vez desde que se lesionaran Markus Howard y Trent Forrest el pasado 15 de octubre un descarte entre los jugadores extracomunitarios<\/strong> con los que cuenta en plantilla. La semana pasada en Lleida la decisi\u00f3n fue f\u00e1cil porque Howard ven\u00eda de una enfermedad y no ten\u00eda ritmo competitivo, pero ahora \u00e9l, Nowell o Simmons deber\u00e1n presenciar el encuentro desde la grada.\n<\/p>\n<p class=\"article-body__text \">\n        Entre los tres, <strong>Simmons es el que est\u00e1 teniendo mayor protagonismo y ofreciendo mejor rendimiento en las semanas recientes<\/strong>, en las que se ha establecido como base titular en ausencia de Trent Forrest. Sin embargo, <strong>s\u00f3lo le queda un mes de contrato<\/strong>, por lo que en caso de dar prioridad a las piezas que tienen atada su continuidad hasta final de temporada, lo l\u00f3gico ser\u00eda apartar al \u00faltimo en llegar.\n<\/p>\n<p>            <a href=\"https:\/\/www.noticiasdealava.eus\/baskonia\/2025\/11\/13\/mejoria-premio-baskonia-belgrado-89-10347454.html\" title=\"Mejor\u00eda sin premio del Baskonia en Belgrado (89-83)\" class=\"new__media\" rel=\"nofollow noopener\" target=\"_blank\"><\/p>\n<p>                <img alt=\"Mejor\u00eda sin premio del Baskonia en Belgrado (89-83)\" data-src=\"https:\/\/www.europesays.com\/es\/wp-content\/uploads\/2025\/11\/d6ce3525-08f5-4d01-8e7f-4452d60ca377_16-9-aspect-ratio_default_0_x1082y610.jpg\" class=\"lozad\"\/><\/p>\n<p>        <\/a><\/p>\n<p>        <a href=\"https:\/\/www.noticiasdealava.eus\/baskonia\/2025\/11\/13\/mejoria-premio-baskonia-belgrado-89-10347454.html\" title=\"Mejor\u00eda sin premio del Baskonia en Belgrado (89-83)\" class=\"new__headline\" rel=\"nofollow noopener\" target=\"_blank\"><br \/>\n            Mejor\u00eda sin premio del Baskonia en Belgrado (89-83)<br \/>\n        <\/a><\/p>\n<p class=\"article-body__text \">\n        En ese sentido, <strong>el club se encuentra en un aprieto, ya que el director de juego que m\u00e1s gusta a Galbiati es el que tiene menos tiempo de contrato,<\/strong> por lo que no es descartable que dentro de un mes se busque la f\u00f3rmula para dar salida a Nowell y mantener a Simmons en n\u00f3mina si la situaci\u00f3n no cambia. Por ello, <strong>la decisi\u00f3n de Galbiati este domingo puede dar pistas sobre la intenci\u00f3n de la direcci\u00f3n deportiva azulgrana<\/strong>, mientras que si es Howard quien se queda apartado ser\u00e1 un nuevo toque de atenci\u00f3n para uno de los referentes anotadores del equipo.\u00a0\n<\/p>\n<p class=\"article-body__text \">\n        Por lo dem\u00e1s,<strong> Forrest es la \u00fanica ausencia de los vitorianos, mientras que el Barcelona no podr\u00e1 contar con Juan N\u00fa\u00f1ez<\/strong>, baja de larga duraci\u00f3n tras someterse a una intervenci\u00f3n en el menisco.\n<\/p>\n<p class=\"article-body__text \">\n        Los blaugranas mantienen la misma base de la temporada pasada, aunque con<strong> cambios significativos en su juego interior con la incorporaci\u00f3n de dos veteranos con enorme calidad y experiencia como son el exbaskonista Tornike Shengelia y Will Clyburn<\/strong>, dos de los referentes de este equipo que intentar\u00e1n sacar partido de las grietas de la defensa interior baskonista. El regreso de lesi\u00f3n de <strong>Laprovittola <\/strong>tambi\u00e9n le ha dado otro aire a un equipo con una plantilla m\u00e1s corta que anta\u00f1o, pero que cuando todos est\u00e1n sanos tiene un talento incuestionable que el Baskonia tendr\u00e1 dif\u00edcil contrarrestar.<\/p>\n","protected":false},"excerpt":{"rendered":"El Baskonia tendr\u00e1 hoy a partir de las 19.00 horas su \u00faltima oportunidad de poner fin a sus&hellip;\n","protected":false},"author":2,"featured_media":238573,"comment_status":"","ping_status":"","sticky":false,"template":"","format":"standard","meta":{"footnotes":""},"categories":[269],"tags":[299,298,4714,61629,168,27996,25,24,36891,23,167,938],"class_list":{"0":"post-238572","1":"post","2":"type-post","3":"status-publish","4":"format-standard","5":"has-post-thumbnail","7":"category-baloncesto","8":"tag-baloncesto","9":"tag-basketball","10":"tag-baskonia","11":"tag-baskonia-barcelona-liga-endesa","12":"tag-deportes","13":"tag-dilema","14":"tag-es","15":"tag-espana","16":"tag-palau","17":"tag-spain","18":"tag-sports","19":"tag-visita"},"share_on_mastodon":{"url":"https:\/\/pubeurope.com\/@es\/115557909418358066","error":""},"_links":{"self":[{"href":"https:\/\/www.europesays.com\/es\/wp-json\/wp\/v2\/posts\/238572","targetHints":{"allow":["GET"]}}],"collection":[{"href":"https:\/\/www.europesays.com\/es\/wp-json\/wp\/v2\/posts"}],"about":[{"href":"https:\/\/www.europesays.com\/es\/wp-json\/wp\/v2\/types\/post"}],"author":[{"embeddable":true,"href":"https:\/\/www.europesays.com\/es\/wp-json\/wp\/v2\/users\/2"}],"replies":[{"embeddable":true,"href":"https:\/\/www.europesays.com\/es\/wp-json\/wp\/v2\/comments?post=238572"}],"version-history":[{"count":0,"href":"https:\/\/www.europesays.com\/es\/wp-json\/wp\/v2\/posts\/238572\/revisions"}],"wp:featuredmedia":[{"embeddable":true,"href":"https:\/\/www.europesays.com\/es\/wp-json\/wp\/v2\/media\/238573"}],"wp:attachment":[{"href":"https:\/\/www.europesays.com\/es\/wp-json\/wp\/v2\/media?parent=238572"}],"wp:term":[{"taxonomy":"category","embeddable":true,"href":"https:\/\/www.europesays.com\/es\/wp-json\/wp\/v2\/categories?post=238572"},{"taxonomy":"post_tag","embeddable":true,"href":"https:\/\/www.europesays.com\/es\/wp-json\/wp\/v2\/tags?post=238572"}],"curies":[{"name":"wp","href":"https:\/\/api.w.org\/{rel}","templated":true}]}}