{"id":238574,"date":"2025-11-16T06:15:15","date_gmt":"2025-11-16T06:15:15","guid":{"rendered":"https:\/\/www.europesays.com\/es\/238574\/"},"modified":"2025-11-16T06:15:15","modified_gmt":"2025-11-16T06:15:15","slug":"una-buena-segunda-mitad-da-un-punto-en-el-sardinero","status":"publish","type":"post","link":"https:\/\/www.europesays.com\/es\/238574\/","title":{"rendered":"Una buena segunda mitad da un punto en El Sardinero"},"content":{"rendered":"<p>Una buena segunda mitad del Granada le dio un punto en El Sardinero. Perd\u00edan los rojiblancos por 2-0 al descanso tras una paup\u00e9rrima primera  &#8230; parte, llena de desajustes y con falta de intensidad de los visitantes. Algo se accion\u00f3 en el entreacto, coincidiendo con la entrada de Jos\u00e9 Arnaiz, que fue quien rubric\u00f3 el empate con una falta directa con rebote afortunado. Antes, la conexi\u00f3n Faye &#8211; Pascual volvi\u00f3 a alumbrar un gol. Con el 2-2, en el tramo final hubo llegadas de todo tipo, muy claras las del Racing en las botas de Arana, pero Astralaga, dubitativo en muchas fases del juego, se encarn\u00f3 en Courtois con dos paradas antol\u00f3gicas.<\/p>\n<p class=\"v-scr__t\">Racing Club <\/p>\n<p class=\"v-scr__p v-scr__p--3\">Ezkieta; Mantilla, Javi Castro, Pablo Ram\u00f3n, Mario Garc\u00eda; Maguette, \u00cd\u00f1igo S\u00e1inz-Maza (Sergio Mart\u00ednez, m. 46), Andr\u00e9s Mart\u00edn, Sangalli (Suleiman, m. 76); I\u00f1igo Vicente; y Asier Villalibre (Arana, m. 61). <\/p>\n<p class=\"v-scr__n-c v-scr__n-c--1 \">\n 2\n<\/p>\n<p class=\"v-scr__n-c v-scr__n-c--2\">\n&#8211;\n<\/p>\n<p class=\"v-scr__n-c v-scr__n-c--3 \">\n 2\n<\/p>\n<p class=\"v-scr__t\">Granada CF <\/p>\n<p class=\"v-scr__p v-scr__p--3\">Astralaga; Oscar Naasei, Manu Lama, Lo\u00efc Williams, Diallo; Alcaraz (Jos\u00e9 Arnaiz, m. 46), Sergio Ruiz, Pedro Alema\u00f1 (Manu Trigueros, m. 84); \u00c1lex Sola, Souleymane Faye (Gagnidze, m. 88) y Jorge Pascual.<\/p>\n<ul class=\"v-u\">\n<li class=\"v-u__l\">\n<p class=\"v-p\">\nGOLES:<br \/>\n1-0, m. 19: Asier Villalibre; 2-0, m. 23: Javi Castro; 2-1, m. 56: Jorge Pascual; 2-2, m. 67: Arnaiz, de falta directa.\n<\/p>\n<\/li>\n<li class=\"v-u__l\">\n<p class=\"v-p\">\n\u00c1RBITRO:<br \/>\nSa\u00fal Ais Rieg (comit\u00e9 valenciano). Amonest\u00f3 a los locales Maguette (m. 26), Sergio Mart\u00ednez (m. 66), Andr\u00e9s Mart\u00edn (m. 74) y Mantilla (tras el final); y a los visitantes Alema\u00f1 (m. 41), Souleymane Faye (m. 45), Jorge Pascual (m. 65), Astralaga (m. 80) y \u00c1lex Sola (m. 85).\n<\/p>\n<\/li>\n<li class=\"v-u__l\">\n<p class=\"v-p\">\nINCIDENCIAS:<br \/>\nPartido correspondiente a la jornada 14 de LaLiga Hypermotion, disputado en los Campos de Sport de El Sardinero ante 20.236 espectadores.\n<\/p>\n<\/li>\n<\/ul>\n<p class=\"v-p\">En este f\u00fatbol moderno, en el que los partes m\u00e9dicos se difunden a conveniencia, llevamos semanas sin saber qu\u00e9 le pasa exactamente a Astralaga para perderse entrenamientos y ausentarse del \u00faltimo partido, al menos en el banquillo. El caso es que lleg\u00f3 el d\u00eda que toc\u00f3 forzar por la baja de Luca Zidane y el lenguaje corporal no acompa\u00f1aba al meta vasco. Se le ve\u00eda inc\u00f3modo de movimientos, m\u00e1s desgarbado de lo habitual, como con cierto d\u00e9ficit de confianza. Si era por el ostracismo o por alg\u00fan dolor, solo \u00e9l y en el club lo sabr\u00edan, pero lo cierto es que desde las primeras acciones no rezum\u00f3 confianza, precisamente. Lo curioso estuvo en que acabara con una firmeza impresionante, como si todos los despistes previos fueran parte de su calentamiento para salvar a los suyos en la recta definitiva.<\/p>\n<p class=\"v-p\">A los pocos minutos, el &#8216;b\u00fafalo&#8217; Villalibre le pis\u00f3 la mano en una acci\u00f3n fortuita tras un fallo con el bal\u00f3n de Manu Lama. Javi Castro meti\u00f3 un susto de muerte en un cabeceo, pero se interpuso en la trayectoria la frente de Sergio Ruiz. Lo curioso es que el mismo rematador iba a repetir movimientos un rato despu\u00e9s, pero con mejor suerte, ante la pasividad de la defensa rojiblanca.<\/p>\n<p class=\"v-p\">Remendada de nuevo con Oscar de lateral, el Granada se mostr\u00f3 permeable, con demasiada separaci\u00f3n entre l\u00edneas y una presi\u00f3n obtusa que no imped\u00eda pases verticales del Racing con los que ganaba yardas con cierta facilidad. Los rojiblancos solo se asomaron con un remate de Pascual bastante sencillo de atrapar para Ezkieta y un intento postrero en este acto de Faye con la zurda, que ataj\u00f3 el cancerbero local sin problemas.<\/p>\n<p class=\"v-p\">Antes de ello, cuatro minutos de \u00e9xtasis para el Racing. El primer gol naci\u00f3 de un despeje de Astralaga que se qued\u00f3 entre dos aguas. Los locales aceleraron y Sangalli, list\u00edsimo, vio c\u00f3mo se desmarcaba Villalibre, que resolvi\u00f3 con un toque sutil de exterior al entrar al \u00e1rea, de imposible respuesta para el meta.<\/p>\n<p class=\"v-p\">El de los guantes sigui\u00f3 nervioso en los despejes de pu\u00f1os y en un nuevo c\u00f3rner volvi\u00f3 a ser sometido. Javi Castro salt\u00f3 otra vez m\u00e1s solo que la una y su peinada se aloj\u00f3 en la red.<\/p>\n<p class=\"v-p\">Astralaga segu\u00eda con su semblante trist\u00f3n, como afectado por el 2-0. Castro volvi\u00f3 a tener una intentona en una incorporaci\u00f3n al ataque, pero Lo\u00efc se anticip\u00f3.<\/p>\n<p class=\"v-p\">Nada funcionaba en el Granada, con su portero hecho un manojo de nervios. Para colmo, se cargaron de amarillas Alema\u00f1 y Faye, bastante dura la de este \u00faltimo, como para que Jos\u00e9 Alberto L\u00f3pez, t\u00e9cnico de los anfitriones, reclamara otro color de la tarjeta.<\/p>\n<p class=\"v-p\">La involuci\u00f3n era visible en los nazar\u00edes, con lagunas que parec\u00edan superadas, acusando la diferencia con el l\u00edder pese a que le faltaban tres estiletes como Puerta, Canales y Jeremy.<\/p>\n<p>Cambio al descanso<\/p>\n<p class=\"v-p\">Pacheta dio un golpe en la mesa con Jos\u00e9 Arnaiz tras el descanso por Rub\u00e9n Alcaraz. Centro del campo con dos mediocentros y el talaverano al enganche tras Jorge Pascual. Sin embargo, era el Racing quien manten\u00eda la intensidad, tambi\u00e9n con un retoque con la entrada del canterano Sergio Mart\u00ednez.<\/p>\n<p class=\"v-p\">En un tumulto, a saque de banda de Sola, hubo un empalme de Lo\u00efc que le dio en toda la jeta a Pablo Ram\u00f3n, algo conmocionado por ello. El propio Sola, poco despu\u00e9s, se escabull\u00f3 entre zagueros y err\u00f3 con la espada, aunque estaba en fuera de juego.<\/p>\n<p class=\"v-p\">Tuvo que aparecer la sociedad limitada entre Faye y Pascual para que cundiera el \u00e1nimo de reacci\u00f3n. Gran ruptura del senegal\u00e9s, subida profunda y centro cerrado con cabeceo en el \u00e1rea peque\u00f1a del almeriense. Lo anul\u00f3 Sa\u00fal Ais en primera instancia, pero la revisi\u00f3n se lo concedi\u00f3 a los visitantes.<\/p>\n<p class=\"v-p\">Astralaga segu\u00eda hecho un flan y se percib\u00eda hasta en un saque corto de puerta en la que el Racing casi monta una traca. En el frente, Alema\u00f1 dispar\u00f3 con intenci\u00f3n, pero la bola se alej\u00f3 de la escuadra. De pronto, Faye, se col\u00f3 hasta la cocina y le pitaron una falta perfectamente orientada para un diestro. Arnaiz, ejecutor profesional, midi\u00f3 distancia, puso el ojo en el objetivo y su bomba inteligente dio en Javi Castro para combarse hacia el lugar ideal. Despu\u00e9s de un primer tiempo bochornoso, los rojiblancos devolv\u00edan el equilibrio al marcador.<\/p>\n<p class=\"v-p\">El Racing continu\u00f3 mostrando peligro en los c\u00f3rners, pero era el Granada quien combinaba mejor en los ataques r\u00e1pidos, con Arnaiz cada vez m\u00e1s activo, recordando lo que lleg\u00f3 a ser. No hubo entendimiento entre Sola y Oscar en una y se le march\u00f3 un intento a Faye con la testa, poco antes de dejar el campo a Gagnidze.<\/p>\n<p class=\"v-p\">Astralaga tuvo un palmeo en una falta lateral. Nada m\u00e1s iniciarse el alargue, Pacheta meti\u00f3 a Pau de extremo defensivo por Sola. El punto casi se va al traste en una llegada aislada, pero el portero reaccion\u00f3 felino al chut de Arana. Tambi\u00e9n tuvo un excepcional mano a mano con el delantero canario que celebr\u00f3 con rabia justo con el pitido final. Luego, exager\u00f3 much\u00edsimo un supuesto dolor en el brazo tras un empuj\u00f3n con el pecho del propio delantero. Un ep\u00edlogo oscuro para un empate que sabe mejor para los viajeros. <\/p>\n","protected":false},"excerpt":{"rendered":"Una buena segunda mitad del Granada le dio un punto en El Sardinero. Perd\u00edan los rojiblancos por 2-0&hellip;\n","protected":false},"author":2,"featured_media":238575,"comment_status":"","ping_status":"","sticky":false,"template":"","format":"standard","meta":{"footnotes":""},"categories":[268],"tags":[2136,168,25,24,280,282,22041,2320,38760,3745,281,23,167],"class_list":{"0":"post-238574","1":"post","2":"type-post","3":"status-publish","4":"format-standard","5":"has-post-thumbnail","7":"category-futbol","8":"tag-buena","9":"tag-deportes","10":"tag-es","11":"tag-espana","12":"tag-football","13":"tag-futbol","14":"tag-mitad","15":"tag-punto","16":"tag-sardinero","17":"tag-segunda","18":"tag-soccer","19":"tag-spain","20":"tag-sports"},"share_on_mastodon":{"url":"https:\/\/pubeurope.com\/@es\/115557913600737011","error":""},"_links":{"self":[{"href":"https:\/\/www.europesays.com\/es\/wp-json\/wp\/v2\/posts\/238574","targetHints":{"allow":["GET"]}}],"collection":[{"href":"https:\/\/www.europesays.com\/es\/wp-json\/wp\/v2\/posts"}],"about":[{"href":"https:\/\/www.europesays.com\/es\/wp-json\/wp\/v2\/types\/post"}],"author":[{"embeddable":true,"href":"https:\/\/www.europesays.com\/es\/wp-json\/wp\/v2\/users\/2"}],"replies":[{"embeddable":true,"href":"https:\/\/www.europesays.com\/es\/wp-json\/wp\/v2\/comments?post=238574"}],"version-history":[{"count":0,"href":"https:\/\/www.europesays.com\/es\/wp-json\/wp\/v2\/posts\/238574\/revisions"}],"wp:featuredmedia":[{"embeddable":true,"href":"https:\/\/www.europesays.com\/es\/wp-json\/wp\/v2\/media\/238575"}],"wp:attachment":[{"href":"https:\/\/www.europesays.com\/es\/wp-json\/wp\/v2\/media?parent=238574"}],"wp:term":[{"taxonomy":"category","embeddable":true,"href":"https:\/\/www.europesays.com\/es\/wp-json\/wp\/v2\/categories?post=238574"},{"taxonomy":"post_tag","embeddable":true,"href":"https:\/\/www.europesays.com\/es\/wp-json\/wp\/v2\/tags?post=238574"}],"curies":[{"name":"wp","href":"https:\/\/api.w.org\/{rel}","templated":true}]}}