{"id":238586,"date":"2025-11-16T06:25:25","date_gmt":"2025-11-16T06:25:25","guid":{"rendered":"https:\/\/www.europesays.com\/es\/238586\/"},"modified":"2025-11-16T06:25:25","modified_gmt":"2025-11-16T06:25:25","slug":"lo-que-de-verdad-protege-a-los-bebes-contra-el-virus-respiratorio-sincitial-vrs-el-causante-del-80-de-los-casos-de-bronquiolitis","status":"publish","type":"post","link":"https:\/\/www.europesays.com\/es\/238586\/","title":{"rendered":"Lo que de verdad protege a los beb\u00e9s contra el virus respiratorio sincitial (VRS), el causante del 80% de los casos de bronquiolitis"},"content":{"rendered":"<p class=\"L6-news-detail__text\">La temporada de virus respiratorios ya ha comenzado, y con ella se han puesto en marcha, como cada a\u00f1o, las <b><a title=\"campa\u00f1as de vacunaci\u00f3n 2025\/2026\" href=\"https:\/\/www.lasexta.com\/bienestar\/comienza-vacunacion-gripe-2025-como-cuando-pedir-cita-comunidad_2025102268f8f51985cbf43a9a177c3c.html\" target=\"_blank\" rel=\"nofollow noopener\">campa\u00f1as de vacunaci\u00f3n 2025\/2026<\/a><\/b> contra la gripe, el COVID-19 y tambi\u00e9n, contra el <a title=\"virus respiratorio sincitial (VRS)\" href=\"https:\/\/www.lasexta.com\/bienestar\/salud\/que-virus-respiratorio-sincitial-que-causa-80-bronquiolitis-ninos_20211112618e53fc0da58c0001388a62.html\" target=\"_blank\" rel=\"nofollow noopener\">virus respiratorio sincitial (VRS)<\/a>, uno de los m\u00e1s importantes en los m\u00e1s peque\u00f1os. La <b>vacunaci\u00f3n sigue siendo la medida m\u00e1s eficaz<\/b> para prevenir estas infecciones.<\/p>\n<p class=\"L6-news-detail__text\">El <b>virus respiratorio sincitial<\/b> es un virus estacional com\u00fan en los ni\u00f1os peque\u00f1os (la temporada se extiende t\u00edpicamente de octubre a marzo) y altamente contagioso. Es la principal causa de infecciones en las v\u00edas respiratorias bajas durante la infancia y puede provocar bronquiolitis y neumon\u00eda. De hecho, es <b><a title=\"responsable del 80% de los casos de bronquiolitis en menores de un a\u00f1o\" href=\"https:\/\/www.lasexta.com\/bienestar\/salud\/sospecha-bronquiolitis-sintomas-senales-que-llevar-hijo-medico_20221123637df6102d34b10001ca44cb.html\" target=\"_blank\" rel=\"nofollow noopener\">responsable del 80% de los casos de bronquiolitis en menores de un a\u00f1o<\/a><\/b>, siendo tambi\u00e9n la principal causa de hospitalizaci\u00f3n de lactantes en Espa\u00f1a.<\/p>\n<p class=\"L6-news-detail__text\">Adem\u00e1s, cualquier lactante, aunque est\u00e9 sano, puede ser hospitalizado en su primera temporada en contacto con este virus, tanto es as\u00ed que el 98% de los lactantes hospitalizados por este virus son beb\u00e9s nacidos sanos y a t\u00e9rmino, y tambi\u00e9n lo son tres de cada cuatro ingresos por virus respiratorio sincitial en la UCI pedi\u00e1trica.<\/p>\n<p class=\"L6-news-detail__text\">Pese a todo, desde la <b><a title=\"Asociaci\u00f3n Espa\u00f1ola de Pediatr\u00eda (AEP)\" href=\"https:\/\/www.aeped.es\" target=\"_blank\" rel=\"nofollow noopener\">Asociaci\u00f3n Espa\u00f1ola de Pediatr\u00eda (AEP)<\/a><\/b> aclaran en que que la gran mayor\u00eda de estas infecciones son leves y transitorias, y que, de todas ellas, aproximadamente solo el 2% requerir\u00e1 ingreso hospitalario. No obstante, y desde hace dos a\u00f1os, Espa\u00f1a dispone de una inmunizaci\u00f3n contra este virus, a trav\u00e9s de la administraci\u00f3n de anticuerpos monoclonales.<\/p>\n<p class=\"L6-news-detail__text\">En la temporada 2023-2024, <b>Espa\u00f1a fue el primer pa\u00eds del mundo en poner en marcha campa\u00f1as de inmunizaci\u00f3n frente al VRS<\/b>. La campa\u00f1a de inmunizaci\u00f3n comenz\u00f3 el pasado mes de septiembre, por tercer a\u00f1o consecutivo, en todo el territorio, siguiendo las recomendaciones del Ministerio de Sanidad, que recomienda que todas las comunidades inmunicen a:<\/p>\n<ul class=\"L6-news-detail__list\">\n<li class=\"L6-news-detail__text\">Todos los lactantes menores de 6 meses<\/li>\n<li class=\"L6-news-detail__text\">Beb\u00e9s de hasta 24 meses con factores de riesgo (prematuridad, displasia broncopulmonar, cardiopat\u00edas cong\u00e9nitas, entre otros)<\/li>\n<\/ul>\n<p class=\"L6-news-detail__text\">Fue as\u00ed, por tanto, cuandi en la temporada 23\/24, Espa\u00f1a aprob\u00f3 la administraci\u00f3n de un <b>anticuerpo monoclonal (nirsevimab) en menores de 6 meses y poblaci\u00f3n de alto riesgo<\/b>, que protege de desarrollar enfermedad grave por este virus. Por tanto y desde ese a\u00f1o, esta vacuna o inmunicaci\u00f3n contra el VRS est\u00e1 incluido dentro del <b><a title=\"Calendario de Inmunizaciones\" href=\"https:\/\/www.sanidad.gob.es\/areas\/promocionPrevencion\/vacunaciones\/calendario\/home.htm\" target=\"_blank\" rel=\"nofollow noopener\">Calendario de Inmunizaciones<\/a><\/b> de Sanidad.<\/p>\n<p class=\"L6-news-detail__text\">Tambi\u00e9n para esta temporada 2025-2026 se recomienda su administraci\u00f3n en la poblaci\u00f3n diana. Adem\u00e1s, actualmente hay autorizadas <b><a title=\"tres vacunas para poblaci\u00f3n adulta\" href=\"https:\/\/www.lasexta.com\/noticias\/sociedad\/sanidad-estudia-financiar-nueva-vacuna-bronquiolitis-mayores-60-anos-embarazadas_2024013165ba6b7eb834070001e7d88f.html\" target=\"_blank\" rel=\"nofollow noopener\">tres vacunas para poblaci\u00f3n adulta<\/a><\/b>; una de ellas se puede administrar, adem\u00e1s, en embarazadas.<\/p>\n<p>Un antes y un despu\u00e9s antes de esta vacuna<\/p>\n<p class=\"L6-news-detail__text\">Despu\u00e9s de dos temporadas, se ha demostrado el impacto que la inmunizaci\u00f3n frente al virus respiratorio sincitial en la edad infantil tiene en Salud P\u00fablica como medida preventiva: por su alta efectividad, por la reducci\u00f3n de hospitalizaciones y consultas y por las altas coberturas de vacunaci\u00f3n (alrededor del 90%). Se estima que con su implementaci\u00f3n, seg\u00fan datos de Sanidad, <b>se han evitado m\u00e1s de 10.000 hospitalizaciones anuales<\/b> en lactantes menores de un a\u00f1o.<\/p>\n<p class=\"L6-news-detail__text\">\u00abLa Asociaci\u00f3n Espa\u00f1ola de Pediatr\u00eda (AEP) fue la primera sociedad cient\u00edfica a nivel mundial que recomend\u00f3 la <b><a title=\"inmunizaci\u00f3n\" href=\"https:\/\/www.lasexta.com\/bienestar\/salud\/asi-nirsevimab-primer-farmaco-protector-vrs-causante-bronquiolitis-ninos_20221124637e22fe4a5f3000018fb0b8.html\" target=\"_blank\" rel=\"nofollow noopener\">inmunizaci\u00f3n<\/a> con nirsevimab <\/b>en su <b>Calendario de Inmunizaciones 2023<\/b>, publicado el 1 de enero de ese a\u00f1o, consciente del gran impacto que tendr\u00eda en esta enfermedad\u00bb, explica a laSexta <b>Antonio Iofr\u00edo de Arce, pediatra y secretario del Comit\u00e9 Asesor de Vacunas de la Asociaci\u00f3n Espa\u00f1ola de Pediatr\u00eda (<\/b><a title=\"CAV-AEP\" href=\"https:\/\/vacunasaep.org\/\" target=\"_blank\" rel=\"nofollow noopener\">CAV-AEP<\/a>): \u00abDisponer de una inmunizaci\u00f3n frente a este virus ha supuesto un antes y un despu\u00e9s en la importante carga de enfermedad que este virus produce\u00bb.<\/p>\n<p class=\"L6-news-detail__text\">As\u00ed, y desde hace dos a\u00f1os, Espa\u00f1a lidera a nivel mundial la prevenci\u00f3n de este virus al implantar la primera estrategia de inmunizaci\u00f3n universal para todos los lactantes.<\/p>\n<p class=\"L6-news-detail__text\">Antes de esta vacuna o inmunizaci\u00f3n, \u00ablas consultas de pediatr\u00eda de atenci\u00f3n primaria y las urgencias hospitalarias atend\u00edan cada oto\u00f1o-invierno a una gran cantidad de lactantes peque\u00f1os con dificultad respiratoria por afectaci\u00f3n de su aparato respiratorio, y, de ellos, uno de cada 10 ten\u00eda que ingresar en el hospital por su mala evoluci\u00f3n\u00bb, explica el doctor Iofr\u00edo.<\/p>\n<p class=\"L6-news-detail__text\">Y es que, las \u00fanicas medidas que se pod\u00edan tomar una vez manifestada la enfermedad eran \u00abcuidados generales como lavados nasales, asegurar la hidrataci\u00f3n y poner al beb\u00e9 en posici\u00f3n semi incorporada, junto con una estrecha vigilancia; incluso para los ingresados, solo se cuenta con la administraci\u00f3n de ox\u00edgeno\u00bb.<\/p>\n<p class=\"L6-news-detail__text\">\u00abNing\u00fan tratamiento ha demostrado ser eficaz: <b>ni antibi\u00f3ticos, ni broncodilatadores, ni corticoides ni medicinas para la tos y los mocos<\/b>. Por eso, como viene siendo habitual con muchas infecciones para las que disponemos de inmunizaciones, <b>la prevenci\u00f3n es la mejor arma para enfrentarnos a este virus<\/b>\u00ab, concluye el doctor.<\/p>\n<p class=\"L6-news-detail__text\"><b><a title=\"*Sigue a laSexta en Google. Toda la actualidad y el mejor contenido aqu\u00ed.\" href=\"https:\/\/profile.google.com\/cp\/CgkvbS8wZG5xejA\" target=\"_blank\" rel=\"nofollow noopener\">*Sigue a laSexta en Google. Toda la actualidad y el mejor contenido aqu\u00ed.<\/a><\/b><\/p>\n","protected":false},"excerpt":{"rendered":"La temporada de virus respiratorios ya ha comenzado, y con ella se han puesto en marcha, como cada&hellip;\n","protected":false},"author":2,"featured_media":238587,"comment_status":"","ping_status":"","sticky":false,"template":"","format":"standard","meta":{"footnotes":""},"categories":[92],"tags":[25,24,165,166,23],"class_list":{"0":"post-238586","1":"post","2":"type-post","3":"status-publish","4":"format-standard","5":"has-post-thumbnail","7":"category-salud","8":"tag-es","9":"tag-espana","10":"tag-health","11":"tag-salud","12":"tag-spain"},"share_on_mastodon":{"url":"https:\/\/pubeurope.com\/@es\/115557953081958864","error":""},"_links":{"self":[{"href":"https:\/\/www.europesays.com\/es\/wp-json\/wp\/v2\/posts\/238586","targetHints":{"allow":["GET"]}}],"collection":[{"href":"https:\/\/www.europesays.com\/es\/wp-json\/wp\/v2\/posts"}],"about":[{"href":"https:\/\/www.europesays.com\/es\/wp-json\/wp\/v2\/types\/post"}],"author":[{"embeddable":true,"href":"https:\/\/www.europesays.com\/es\/wp-json\/wp\/v2\/users\/2"}],"replies":[{"embeddable":true,"href":"https:\/\/www.europesays.com\/es\/wp-json\/wp\/v2\/comments?post=238586"}],"version-history":[{"count":0,"href":"https:\/\/www.europesays.com\/es\/wp-json\/wp\/v2\/posts\/238586\/revisions"}],"wp:featuredmedia":[{"embeddable":true,"href":"https:\/\/www.europesays.com\/es\/wp-json\/wp\/v2\/media\/238587"}],"wp:attachment":[{"href":"https:\/\/www.europesays.com\/es\/wp-json\/wp\/v2\/media?parent=238586"}],"wp:term":[{"taxonomy":"category","embeddable":true,"href":"https:\/\/www.europesays.com\/es\/wp-json\/wp\/v2\/categories?post=238586"},{"taxonomy":"post_tag","embeddable":true,"href":"https:\/\/www.europesays.com\/es\/wp-json\/wp\/v2\/tags?post=238586"}],"curies":[{"name":"wp","href":"https:\/\/api.w.org\/{rel}","templated":true}]}}