{"id":238590,"date":"2025-11-16T06:29:09","date_gmt":"2025-11-16T06:29:09","guid":{"rendered":"https:\/\/www.europesays.com\/es\/238590\/"},"modified":"2025-11-16T06:29:09","modified_gmt":"2025-11-16T06:29:09","slug":"sumar-anima-al-gobierno-a-activarse-para-ver-si-hubo-espanoles-que-contrataran-el-safari-humano-de-sarajevo","status":"publish","type":"post","link":"https:\/\/www.europesays.com\/es\/238590\/","title":{"rendered":"Sumar anima al Gobierno a activarse para ver si hubo espa\u00f1oles que contrataran el &#8216;safari humano&#8217; de Sarajevo"},"content":{"rendered":"<p class=\"c-paragraph\">La <b>portavoz adjunta<\/b> de Sumar y dirigente de Comuns, <b>Aina Vidal<\/b>, solicita que el <b>Gobierno<\/b> promueva acciones legales para esclarecer si ciudadanos espa\u00f1oles participaron en el denominado <b>\u2018safari humano\u2019<\/b> de Sarajevo durante la guerra de Bosnia.<\/p>\n<p class=\"c-paragraph\">Seg\u00fan recuerda, una investigaci\u00f3n realizada en <b>Italia<\/b> por el periodista <b>Ezio Gavazzeni<\/b>, con el respaldo del exmagistrado <b>Guido Salvini<\/b> y la exalcaldesa de Sarajevo entre 2021 y 2024, <b>Benjamina Karic<\/b>, ha destapado que, durante los a\u00f1os 90 y en plena guerra en los<a href=\"https:\/\/www.20minutos.es\/viajes\/destinos\/viaje-interior-montenegro-naturaleza-salvaje-esencia-rural-tradicion-balcanica_6662092_0.html\" title=\"Un viaje por el interior de Montenegro: naturaleza salvaje, esencia rural y tradici\u00f3n balc\u00e1nica\" rel=\"nofollow noopener\" target=\"_blank\"> <b>Balcanes<\/b><\/a>, personas adineradas pagaban por viajar a Sarajevo y disparar contra civiles, mientras las milicias serbobosnias los <b>acompa\u00f1aban<\/b> hasta las colinas que rodeaban la ciudad sitiada.<\/p>\n<p class=\"c-paragraph\">La investigaci\u00f3n se\u00f1ala que estos ciudadanos privados, cercanos a c\u00edrculos de <b>extrema derecha<\/b> y aficionados a las armas, contrataban este servicio como un <b>safari humano<\/b> en la ciudad asediada.<\/p>\n<p class=\"c-paragraph\">Seg\u00fan la denuncia, se desplazaban en vuelos desde <b>Trieste<\/b> a Belgrado operados por la compa\u00f1\u00eda serbia <b>Aviogenex<\/b>, que en esa \u00e9poca operaba desde el aeropuerto italiano. Para actuar como francotiradores de fin de semana, pagaban entre <b>80.000 y 100.000 euros<\/b>, aunque disparar a menores ten\u00eda un <b>precio adicional<\/b>.<\/p>\n<p><b>MILLONARIOS DE CACER\u00cdA HUMANA<\/b><\/p>\n<p class=\"c-paragraph\">En la informaci\u00f3n se menciona a un empresario milan\u00e9s propietario de una cl\u00ednica est\u00e9tica privada y a ciudadanos de <b>Tur\u00edn<\/b> y <b>Trieste<\/b>, pero un documental de 2023 del esloveno <b>Miran Zupanic<\/b>, titulado <a href=\"https:\/\/www.20minutos.es\/internacional\/fiscalia-milan-investiga-safaris-muerte-supuestos-viajes-italianos-para-matar-civiles-durante-asedio-sarajevo_6881200_0.html\" title=\"La Fiscal\u00eda de Mil\u00e1n investiga &#039;safaris de la muerte&#039;, supuestos viajes de italianos para matar a civiles durante el asedio a Sarajevo\" rel=\"nofollow noopener\" target=\"_blank\"><b>\u2018Sarajevo Safari\u2019<\/b>,<\/a> recog\u00eda testimonios y daba pistas sobre la posibilidad de que tambi\u00e9n <b>millonarios extranjeros<\/b> viajaran a la ciudad bosnia para disparar a personas.<\/p>\n<p class=\"c-paragraph\">Entre estos extranjeros, seg\u00fan la investigaci\u00f3n, estar\u00edan ciudadanos <b>alemanes, rusos, franceses, canadienses, estadounidenses<\/b> y tambi\u00e9n <b>espa\u00f1oles<\/b>.<\/p>\n<p class=\"c-paragraph\">La diputada de Sumar recuerda que la Fiscal\u00eda de <b>Mil\u00e1n<\/b> ha abierto la primera investigaci\u00f3n en Europa sobre estos <b>cr\u00edmenes<\/b>, despu\u00e9s de a\u00f1os en los que este macabro \u2018safari\u2019 hab\u00eda quedado impune, y pregunta al <b>Gobierno<\/b> si tiene intenci\u00f3n de actuar para esclarecer si hubo participaci\u00f3n espa\u00f1ola.<\/p>\n<p class=\"c-paragraph\">\u00ab\u00bfTiene conocimiento el Gobierno de estos <b>grav\u00edsimos hechos<\/b>, en los que podr\u00edan haber participado, entre otros, ciudadanos espa\u00f1oles? \u00bfPiensa iniciar <b>acciones legales<\/b> para que puedan investigarse y esclarecerse estos atroces hechos y su posible relaci\u00f3n con ciudadanos espa\u00f1oles?\u00bb, son las preguntas registradas por <b>Aina Vidal<\/b>, a las que tuvo acceso Europa Press.<\/p>\n","protected":false},"excerpt":{"rendered":"La portavoz adjunta de Sumar y dirigente de Comuns, Aina Vidal, solicita que el Gobierno promueva acciones legales&hellip;\n","protected":false},"author":2,"featured_media":238591,"comment_status":"","ping_status":"","sticky":false,"template":"","format":"standard","meta":{"footnotes":""},"categories":[42],"tags":[17,18,11907,13,14,11,1632,61,62,63,64,19,20,9,10,15,16,10791,4453,12,21,22,65,66,67],"class_list":{"0":"post-238590","1":"post","2":"type-post","3":"status-publish","4":"format-standard","5":"has-post-thumbnail","7":"category-internacional","8":"tag-breaking-news","9":"tag-breakingnews","10":"tag-espanoles","11":"tag-featured-news","12":"tag-featurednews","13":"tag-headlines","14":"tag-humanos","15":"tag-internacional","16":"tag-international","17":"tag-international-news","18":"tag-internationalnews","19":"tag-latest-news","20":"tag-latestnews","21":"tag-news","22":"tag-noticias","23":"tag-noticias-destacadas","24":"tag-noticiasdestacadas","25":"tag-sarajevo","26":"tag-sumar","27":"tag-titulares","28":"tag-ultimas-noticias","29":"tag-ultimasnoticias","30":"tag-world","31":"tag-world-news","32":"tag-worldnews"},"share_on_mastodon":{"url":"https:\/\/pubeurope.com\/@es\/115557968449481786","error":""},"_links":{"self":[{"href":"https:\/\/www.europesays.com\/es\/wp-json\/wp\/v2\/posts\/238590","targetHints":{"allow":["GET"]}}],"collection":[{"href":"https:\/\/www.europesays.com\/es\/wp-json\/wp\/v2\/posts"}],"about":[{"href":"https:\/\/www.europesays.com\/es\/wp-json\/wp\/v2\/types\/post"}],"author":[{"embeddable":true,"href":"https:\/\/www.europesays.com\/es\/wp-json\/wp\/v2\/users\/2"}],"replies":[{"embeddable":true,"href":"https:\/\/www.europesays.com\/es\/wp-json\/wp\/v2\/comments?post=238590"}],"version-history":[{"count":0,"href":"https:\/\/www.europesays.com\/es\/wp-json\/wp\/v2\/posts\/238590\/revisions"}],"wp:featuredmedia":[{"embeddable":true,"href":"https:\/\/www.europesays.com\/es\/wp-json\/wp\/v2\/media\/238591"}],"wp:attachment":[{"href":"https:\/\/www.europesays.com\/es\/wp-json\/wp\/v2\/media?parent=238590"}],"wp:term":[{"taxonomy":"category","embeddable":true,"href":"https:\/\/www.europesays.com\/es\/wp-json\/wp\/v2\/categories?post=238590"},{"taxonomy":"post_tag","embeddable":true,"href":"https:\/\/www.europesays.com\/es\/wp-json\/wp\/v2\/tags?post=238590"}],"curies":[{"name":"wp","href":"https:\/\/api.w.org\/{rel}","templated":true}]}}