{"id":238592,"date":"2025-11-16T06:30:26","date_gmt":"2025-11-16T06:30:26","guid":{"rendered":"https:\/\/www.europesays.com\/es\/238592\/"},"modified":"2025-11-16T06:30:26","modified_gmt":"2025-11-16T06:30:26","slug":"estas-son-las-zonas-en-alerta","status":"publish","type":"post","link":"https:\/\/www.europesays.com\/es\/238592\/","title":{"rendered":"estas son las zonas en alerta"},"content":{"rendered":"<p class=\"c-paragraph\">Las fuertes y persistentes lluvias<b> asociadas a la borrasca Claudia<\/b> vuelven a castigar este s\u00e1bado la pen\u00ednsula por la llegada de un nuevo frente, que reforzado por un r\u00edo atmosf\u00e9rico, dejar\u00e1 hasta 80 litros en 12 horas en zonas del sistema Central, Pirineos, suroeste peninsular y Castilla-La Mancha, antes de que el temporal comience a debilitarse el domingo.<\/p>\n<p class=\"c-paragraph\">A lo largo de este s\u00e1bado, la lluvia descargar\u00e1 precipitaciones en la mayor parte del territorio, con m\u00e1s fuerza <b>en el sur de Castilla y Le\u00f3n y en el norte de Extremadura<\/b>, zonas donde ya ha precipitado mucho por lo que, desde la <a href=\"https:\/\/www.20minutos.es\/tags\/instituciones-empresas\/agencia-estatal-de-meteorologia-aemet.html\" title=\"Agencia Estatal de Meteorolog\u00eda (AEMET)\" rel=\"nofollow noopener\" target=\"_blank\">Agencia de Meteorolog\u00eda (Aemet)<\/a>, piden \u00abprecauci\u00f3n por las crecidas de r\u00edos\u00bb.<\/p>\n<p class=\"c-paragraph\">Por el momento, este s\u00e1bado<b> se mantiene activada la alerta en siete comunidades<\/b> por fuertes lluvias y tormentas, con mayor incidencia en Andaluc\u00eda, Extremadura y en ambas Castillas, donde hay nivel naranja (riesgo importante) por acumulaciones de hasta 80 litros en 12 horas, incluso en algunas zonas se podr\u00e1n recoger entre 150 y 200 litros por metro cuadrado en 24 horas.<\/p>\n<p class=\"c-paragraph\">Ante esta situaci\u00f3n, la Junta de Castilla y Le\u00f3n mantiene activada la <b>situaci\u00f3n 2 de emergencia del Plan INUNCyL<\/b> en la provincia de \u00c1vila por riesgo de inundaciones, debido a las previsiones de nuevas lluvias intensas durante la tarde de este s\u00e1bado.<\/p>\n<p class=\"c-paragraph\">El delegado territorial, Jos\u00e9 Francisco Hern\u00e1ndez, ha confirmado tras la reuni\u00f3n del CECOPI que se vive una situaci\u00f3n de \u00abcalma tensa\u00bb, ya que las precipitaciones previstas <b>podr\u00edan volver a elevar los caudales de los r\u00edos,<\/b> especialmente el Tormes y el Alberche, los m\u00e1s afectados en la madrugada del jueves al viernes.<\/p>\n<p class=\"c-paragraph\">La situaci\u00f3n de emergencia se mantendr\u00e1 al menos hasta el domingo, cuando<b> se espera que la borrasca Claudia se aleje definitivamente<\/b>. En Extremadura, una de las comunidades m\u00e1s afectadas por las torrenciales lluvias, el Centro de Urgencias y Emergencias 112 ha recibido desde el jueves un total de 4.274 llamadas y ha gestionado 870 incidentes, de los cuales 89 est\u00e1n directamente relacionados con los fen\u00f3menos meteorol\u00f3gicos adversos provocados por Claudia.<\/p>\n<p class=\"c-paragraph\">La Junta de Extremadura tambi\u00e9n ha informado de que sigue activa la fase de emergencia del <b>Plan INUNCAEX, en situaci\u00f3n operativa 1,<\/b> para las comarcas del norte de C\u00e1ceres ante la alerta naranja por lluvias y viento.<\/p>\n<p class=\"c-paragraph\">Por su parte, el servicio Emergencias 112 de Andaluc\u00eda<b>\u00a0ha gestionado 627 incidencias en la regi\u00f3n<\/b> desde el comienzo del paso de la borrasca centr\u00e1ndose la mayor\u00eda de ellas en las provincias de Sevilla, Huelva y C\u00e1diz, y sin que en las \u00faltimas horas haya habido ninguna destacable.<\/p>\n<p class=\"c-paragraph\">Dichas incidencias son sobre todo por anegaciones del viario p\u00fablico, locales, s\u00f3tanos y plantas bajas, as\u00ed como las anomal\u00edas en la red secundaria de carreteras por balsas de agua.<b><b>Domingo, lluvias m\u00e1s d\u00e9biles pero persistentes<\/b><\/b><\/p>\n<p>Claudia ir\u00e1 perdiendo intensidad este domingo<\/p>\n<p class=\"c-paragraph\">Para este domingo, la borrasca Claudia, a\u00fan estacionaria al noroeste de la pen\u00ednsula, ir\u00e1 perdiendo intensidad, aunque <b>dejar\u00e1 los cielos nubosos o cubiertos en la mayor parte del pa\u00eds.<\/b> Se esperan precipitaciones en amplias zonas, en general menos abundantes.<\/p>\n<p class=\"c-paragraph\">Aunque las precipitaciones seguir\u00e1n siendo probables en: Pirineo (persistentes al inicio), este de Catalu\u00f1a (localmente fuertes), Estrecho y Albor\u00e1n, donde <b>podr\u00e1n ser fuertes, persistentes y con tormenta<\/b> durante la primera mitad del d\u00eda y ocasionalmente en el oeste de Galicia y Baleares. Por el contrario, las lluvias ser\u00e1n poco probables y de car\u00e1cter d\u00e9bil en el Cant\u00e1brico oriental, la fachada mediterr\u00e1nea y el tercio nordeste.<\/p>\n<p>El lunes, los \u00faltimos efectos<\/p>\n<p class=\"c-paragraph\">El lunes, con Claudia a\u00fan al noroeste pero cada vez m\u00e1s debilitada,<b> se mantendr\u00e1 la nubosidad en buena parte de la pen\u00ednsula<\/b> y Baleares, con una tendencia gradual a abrir claros en el este y en las islas. Las precipitaciones continuar\u00e1n, aunque ser\u00e1n menos intensas y m\u00e1s dispersas que en d\u00edas anteriores.<\/p>\n<p class=\"c-paragraph\">Persistir\u00e1n de forma m\u00e1s destacada en el Pirineo, Catalu\u00f1a y, durante la ma\u00f1ana, en el Estrecho y Albor\u00e1n, <b>sin descartar nuevos episodios en Galicia o Baleares.<\/b><\/p>\n<p class=\"c-paragraph\">Durante esta jornada se espera<b> un tiempo \u00abanticicl\u00f3nico y estable\u00bb <\/b>en la mayor parte de la pen\u00ednsula, donde predominar\u00e1n cielos poco nubosos o despejados en la mitad sur y en el noreste, mientras que en el resto del territorio habr\u00e1 abundante nubosidad, que tender\u00e1 a disiparse con el avance del d\u00eda.<\/p>\n","protected":false},"excerpt":{"rendered":"Las fuertes y persistentes lluvias asociadas a la borrasca Claudia vuelven a castigar este s\u00e1bado la pen\u00ednsula por&hellip;\n","protected":false},"author":2,"featured_media":238593,"comment_status":"","ping_status":"","sticky":false,"template":"","format":"standard","meta":{"footnotes":""},"categories":[8],"tags":[53699,17,18,24171,25,24,13,14,52422,11,19,20,1479,9,10,15,16,23,12,21,22,2292],"class_list":{"0":"post-238592","1":"post","2":"type-post","3":"status-publish","4":"format-standard","5":"has-post-thumbnail","7":"category-espana","8":"tag-acumulados","9":"tag-breaking-news","10":"tag-breakingnews","11":"tag-con","12":"tag-es","13":"tag-espana","14":"tag-featured-news","15":"tag-featurednews","16":"tag-golpear","17":"tag-headlines","18":"tag-latest-news","19":"tag-latestnews","20":"tag-lluvia","21":"tag-news","22":"tag-noticias","23":"tag-noticias-destacadas","24":"tag-noticiasdestacadas","25":"tag-spain","26":"tag-titulares","27":"tag-ultimas-noticias","28":"tag-ultimasnoticias","29":"tag-vuelven"},"share_on_mastodon":{"url":"https:\/\/pubeurope.com\/@es\/115557972245837187","error":""},"_links":{"self":[{"href":"https:\/\/www.europesays.com\/es\/wp-json\/wp\/v2\/posts\/238592","targetHints":{"allow":["GET"]}}],"collection":[{"href":"https:\/\/www.europesays.com\/es\/wp-json\/wp\/v2\/posts"}],"about":[{"href":"https:\/\/www.europesays.com\/es\/wp-json\/wp\/v2\/types\/post"}],"author":[{"embeddable":true,"href":"https:\/\/www.europesays.com\/es\/wp-json\/wp\/v2\/users\/2"}],"replies":[{"embeddable":true,"href":"https:\/\/www.europesays.com\/es\/wp-json\/wp\/v2\/comments?post=238592"}],"version-history":[{"count":0,"href":"https:\/\/www.europesays.com\/es\/wp-json\/wp\/v2\/posts\/238592\/revisions"}],"wp:featuredmedia":[{"embeddable":true,"href":"https:\/\/www.europesays.com\/es\/wp-json\/wp\/v2\/media\/238593"}],"wp:attachment":[{"href":"https:\/\/www.europesays.com\/es\/wp-json\/wp\/v2\/media?parent=238592"}],"wp:term":[{"taxonomy":"category","embeddable":true,"href":"https:\/\/www.europesays.com\/es\/wp-json\/wp\/v2\/categories?post=238592"},{"taxonomy":"post_tag","embeddable":true,"href":"https:\/\/www.europesays.com\/es\/wp-json\/wp\/v2\/tags?post=238592"}],"curies":[{"name":"wp","href":"https:\/\/api.w.org\/{rel}","templated":true}]}}