{"id":238606,"date":"2025-11-16T06:45:11","date_gmt":"2025-11-16T06:45:11","guid":{"rendered":"https:\/\/www.europesays.com\/es\/238606\/"},"modified":"2025-11-16T06:45:11","modified_gmt":"2025-11-16T06:45:11","slug":"el-tiron-de-rosalia-solo-le-duro-24-horas-a-broncano","status":"publish","type":"post","link":"https:\/\/www.europesays.com\/es\/238606\/","title":{"rendered":"El tir\u00f3n de Rosal\u00eda solo le dur\u00f3 24 horas a Broncano"},"content":{"rendered":"<p class=\"paragraph\">Hay momentos cumbre en televisi\u00f3n que se esfuman en horas o escasos d\u00edas. Esta semana nos ilustran dos ejemplos: Broncano, en <b>La Revuelta<\/b> de TVE, lanz\u00f3 las campanas al vuelo cuando vio a la cantante <b>Rosal\u00eda<\/b> aparecer por el teatro donde graba los programas. Arrasa por todo el mundo con <b>LUX<\/b>, su \u00faltimo disco y le dio a Broncano la posibilidad de remontar la audiencia.<\/p>\n<p class=\"paragraph\">Los datos fueron espectaculares: m\u00e1s de 2.700.000 espectadores, un 20,4% de share\u2026 Cinco puntos m\u00e1s que El Hormiguero, pero la emoci\u00f3n se desvaneci\u00f3 en 24 horas. El martes, Pablo Motos recuper\u00f3 con el motorista <b>Marc M\u00e1rquez <\/b>el trono con m\u00e1s de dos millones de espectadores y dej\u00f3 a Broncano en TVE a m\u00e1s de 300.000 seguidores. Ya no estaba Rosal\u00eda, fue flor de un d\u00eda, la normalidad, por detr\u00e1s de El Hormiguero, fue con Paula V\u00e1zquez. El mi\u00e9rcoles, se confirm\u00f3 esa tendencia con otra derrota de La Revuelta por 300.000 espectadores. Y el jueves, la visita de Mariano Rajoy a <b>El Hormiguero<\/b> fue seguida por 2.287.000 personas con una cuota del 18,1 % mientras La Revuelta se quedaba en 1.585.000 y un 12,7 %. La diferencia a favor de El Hormiguero se fue hasta los 700.000 espectadores. La \u00ablux\u00bb que aport\u00f3 Rosal\u00eda se esfum\u00f3 en un d\u00eda.<\/p>\n<p class=\"paragraph\">Otra cadena que da bandazos en la programaci\u00f3n es Telecinco. Su \u00faltima decisi\u00f3n: convertirse, otra vez, en TeleJorge con <b>Jorge Javier V\u00e1zquez<\/b>. Adem\u00e1s de la presentaci\u00f3n de los shows de la noche entre islas, casas de hermanos y supervivientes, manten\u00eda su programa de las tardes, El diario de Jorge, sin aportar grandes datos. Le abrieron otra ventana diaria a las 20:00 con <b>GH. La vida en directo, que solo ha permanecido en antena cuatro d\u00edas.<\/b> Su \u00faltimo dato de audiencia, un 4,1 % de share, encendi\u00f3 la luz roja en Mediaset y la decisi\u00f3n ha sido fulminante: cargarse el programa.<\/p>\n<p class=\"paragraph\">Este agujero antes del informativo de las 21 horas ha causado un amargo debut de \u00c1ngeles Blanco acompa\u00f1ando a Carlos Franganillo, que no han logrado remontar los flojos resultados que se registran en el informativo de Telecinco, tercero en audiencia por detr\u00e1s de Antena 3 y La 1, desde hace meses.<\/p>\n<p class=\"paragraph\">Antena 3 lanz\u00f3 cohetes ante el regreso del concurso <b>El 1%<\/b> al liderar la noche el primer mi\u00e9rcoles en antena y confirmar que la temporada pasada fue la gran sorpresa. En su segunda entrega, el pasado mi\u00e9rcoles, le arrebat\u00f3 el liderazgo el estreno del concurso de La 1 <b>Hasta el fin del mundo<\/b>, que obtuvo un 14,3 % frente al 12,3 % de El 1%. Una semana, de momento, ha durado  esa alegr\u00eda en Atresmedia, aunque el enfrentamiento entre ambos programas promete noches interesantes\u2026 si los programadores aguantan el tipo. No hay que olvidar que Antena 3 promedia diariamente m\u00e1s de un 12,5% de audiencia. Por debajo de  esas cifras, todo tiembla\u2026<\/p>\n","protected":false},"excerpt":{"rendered":"Hay momentos cumbre en televisi\u00f3n que se esfuman en horas o escasos d\u00edas. Esta semana nos ilustran dos&hellip;\n","protected":false},"author":2,"featured_media":238607,"comment_status":"","ping_status":"","sticky":false,"template":"","format":"standard","meta":{"footnotes":""},"categories":[171],"tags":[146,147,25,24,23,214],"class_list":{"0":"post-238606","1":"post","2":"type-post","3":"status-publish","4":"format-standard","5":"has-post-thumbnail","7":"category-tv","8":"tag-entertainment","9":"tag-entretenimiento","10":"tag-es","11":"tag-espana","12":"tag-spain","13":"tag-tv"},"share_on_mastodon":{"url":"https:\/\/pubeurope.com\/@es\/115558031464903861","error":""},"_links":{"self":[{"href":"https:\/\/www.europesays.com\/es\/wp-json\/wp\/v2\/posts\/238606","targetHints":{"allow":["GET"]}}],"collection":[{"href":"https:\/\/www.europesays.com\/es\/wp-json\/wp\/v2\/posts"}],"about":[{"href":"https:\/\/www.europesays.com\/es\/wp-json\/wp\/v2\/types\/post"}],"author":[{"embeddable":true,"href":"https:\/\/www.europesays.com\/es\/wp-json\/wp\/v2\/users\/2"}],"replies":[{"embeddable":true,"href":"https:\/\/www.europesays.com\/es\/wp-json\/wp\/v2\/comments?post=238606"}],"version-history":[{"count":0,"href":"https:\/\/www.europesays.com\/es\/wp-json\/wp\/v2\/posts\/238606\/revisions"}],"wp:featuredmedia":[{"embeddable":true,"href":"https:\/\/www.europesays.com\/es\/wp-json\/wp\/v2\/media\/238607"}],"wp:attachment":[{"href":"https:\/\/www.europesays.com\/es\/wp-json\/wp\/v2\/media?parent=238606"}],"wp:term":[{"taxonomy":"category","embeddable":true,"href":"https:\/\/www.europesays.com\/es\/wp-json\/wp\/v2\/categories?post=238606"},{"taxonomy":"post_tag","embeddable":true,"href":"https:\/\/www.europesays.com\/es\/wp-json\/wp\/v2\/tags?post=238606"}],"curies":[{"name":"wp","href":"https:\/\/api.w.org\/{rel}","templated":true}]}}