{"id":238622,"date":"2025-11-16T06:54:10","date_gmt":"2025-11-16T06:54:10","guid":{"rendered":"https:\/\/www.europesays.com\/es\/238622\/"},"modified":"2025-11-16T06:54:10","modified_gmt":"2025-11-16T06:54:10","slug":"asi-cambio-espana-desde-la-muerte-de-franco-de-negar-derechos-a-ser-un-ejemplo-de-libertad-y-progreso-el-pais-expres","status":"publish","type":"post","link":"https:\/\/www.europesays.com\/es\/238622\/","title":{"rendered":"As\u00ed cambi\u00f3 Espa\u00f1a desde la muerte de Franco: de negar derechos, a ser un ejemplo de libertad y progreso | El PA\u00cdS Expr\u00e9s"},"content":{"rendered":"<p><img fetchpriority=\"high\" decoding=\"auto\" class=\"_re  a_m-h\" height=\"414\"  width=\"414\"  src=\"https:\/\/www.europesays.com\/es\/wp-content\/uploads\/2025\/11\/B4OBXGX37JHOZIGQS7D2NAWZUE.jpg\" loading=\"eager\"\/>(Foto de ARCHIVO)&#13;<br \/>\nTranse\u00fantes compran la prensa en un kiosco de Las Ramblas para informarse en los peri\u00f3dicos de la noticia de la muerte de Francisco Franco el d\u00eda anterior.&#13;<br \/>\nTRANSICI\u00d3N ESPA\u00d1OLA;POL\u00cdTICA;PRENSA;COBERTURA MEDI\u00c1TICA DE LA MUERTE DE FRANCO&#13;<br \/>\nEuropa Press&#13;<br \/>\n21\/11\/1975Foto: Europa Press<\/p>\n<p>Franco, 50 a\u00f1os despu\u00e9s<\/p>\n<p class=\"\">Este jueves se cumplen 50 a\u00f1os de la muerte de Francisco Franco y la vuelta de Espa\u00f1a a la democracia. Lejos de representar una etapa de bienestar, la dictadura neg\u00f3 sistem\u00e1ticamente derechos y libertades. <\/p>\n<p class=\"\"><b>Represi\u00f3n de las mujeres.<\/b> Instituciones como el Patronato de Protecci\u00f3n a la Mujer relegaron a las espa\u00f1olas a la cocina y la maternidad. El C\u00f3digo Civil y Penal somet\u00eda la mujer a la tutela del marido.<\/p>\n<ul>\n<li>Ya en 1975 las casadas pudieron abrir cuentas bancarias y disponer de su salario sin permiso. En 1981 se aprob\u00f3 la ley del divorcio, y en 1986 se practic\u00f3 el primer aborto legal. <\/li>\n<\/ul>\n<p class=\"\"><b>Derechos LGTBI.<\/b> Los homosexuales eran encarcelados bajo la ley de vagos y maleantes, mientras las lesbianas eran enviadas a manicomios. <\/p>\n<ul>\n<li>En 2005, Espa\u00f1a se convirti\u00f3 en el tercer pa\u00eds del mundo en aprobar el matrimonio igualitario. <\/li>\n<\/ul>\n<p class=\"\"><b>Censura. <\/b>La censura previa, instaurada en 1938, limit\u00f3 la libertad de prensa y expresi\u00f3n, castigando cualquier cr\u00edtica al r\u00e9gimen y cerrando peri\u00f3dicos.<\/p>\n<ul>\n<li>Ahora la Constituci\u00f3n garantiza libertad de expresi\u00f3n, permitiendo el desarrollo de una prensa libre y cr\u00edtica.<\/li>\n<\/ul>\n<p class=\"\"><b>Una econom\u00eda d\u00e9bil. <\/b>Mientras Europa recuper\u00f3 su PIB en cinco a\u00f1os tras la Segunda Guerra Mundial, Espa\u00f1a tard\u00f3 diecisiete. Los salarios eran muy inferiores a los de pa\u00edses vecinos y no exist\u00eda un verdadero Estado del bienestar. <\/p>\n<ul>\n<li>En democracia, Espa\u00f1a pas\u00f3 de ser un pa\u00eds expulsor de emigrantes a convertirse en receptor, con m\u00e1s de un mill\u00f3n de latinoamericanos afiliados a la Seguridad Social.<\/li>\n<\/ul>\n<p class=\"\">\u00a9Foto: Europa Press<\/p>\n<p class=\"\"><a href=\"https:\/\/elpais.com\/espana\/2025-11-16\/por-que-con-franco-no-se-vivia-mejor-cuando-el-regimen-creia-que-el-papel-de-la-mujer-era-encontrar-a-quien-someterse.html\" target=\"_self\" rel=\"nofollow noopener\" title=\"https:\/\/elpais.com\/espana\/2025-11-16\/por-que-con-franco-no-se-vivia-mejor-cuando-el-regimen-creia-que-el-papel-de-la-mujer-era-encontrar-a-quien-someterse.html\">Si quieres saber m\u00e1s, puedes leer aqu\u00ed. <\/a><\/p>\n","protected":false},"excerpt":{"rendered":"(Foto de ARCHIVO)&#13; Transe\u00fantes compran la prensa en un kiosco de Las Ramblas para informarse en los peri\u00f3dicos&hellip;\n","protected":false},"author":2,"featured_media":238623,"comment_status":"","ping_status":"","sticky":false,"template":"","format":"standard","meta":{"footnotes":""},"categories":[8],"tags":[17,18,4875,1471,25,24,13,14,17307,11,19,20,9,10,15,16,23,12,21,22],"class_list":{"0":"post-238622","1":"post","2":"type-post","3":"status-publish","4":"format-standard","5":"has-post-thumbnail","7":"category-espana","8":"tag-breaking-news","9":"tag-breakingnews","10":"tag-democracia","11":"tag-dictadura","12":"tag-es","13":"tag-espana","14":"tag-featured-news","15":"tag-featurednews","16":"tag-francisco-franco","17":"tag-headlines","18":"tag-latest-news","19":"tag-latestnews","20":"tag-news","21":"tag-noticias","22":"tag-noticias-destacadas","23":"tag-noticiasdestacadas","24":"tag-spain","25":"tag-titulares","26":"tag-ultimas-noticias","27":"tag-ultimasnoticias"},"share_on_mastodon":{"url":"https:\/\/pubeurope.com\/@es\/115558066901769957","error":""},"_links":{"self":[{"href":"https:\/\/www.europesays.com\/es\/wp-json\/wp\/v2\/posts\/238622","targetHints":{"allow":["GET"]}}],"collection":[{"href":"https:\/\/www.europesays.com\/es\/wp-json\/wp\/v2\/posts"}],"about":[{"href":"https:\/\/www.europesays.com\/es\/wp-json\/wp\/v2\/types\/post"}],"author":[{"embeddable":true,"href":"https:\/\/www.europesays.com\/es\/wp-json\/wp\/v2\/users\/2"}],"replies":[{"embeddable":true,"href":"https:\/\/www.europesays.com\/es\/wp-json\/wp\/v2\/comments?post=238622"}],"version-history":[{"count":0,"href":"https:\/\/www.europesays.com\/es\/wp-json\/wp\/v2\/posts\/238622\/revisions"}],"wp:featuredmedia":[{"embeddable":true,"href":"https:\/\/www.europesays.com\/es\/wp-json\/wp\/v2\/media\/238623"}],"wp:attachment":[{"href":"https:\/\/www.europesays.com\/es\/wp-json\/wp\/v2\/media?parent=238622"}],"wp:term":[{"taxonomy":"category","embeddable":true,"href":"https:\/\/www.europesays.com\/es\/wp-json\/wp\/v2\/categories?post=238622"},{"taxonomy":"post_tag","embeddable":true,"href":"https:\/\/www.europesays.com\/es\/wp-json\/wp\/v2\/tags?post=238622"}],"curies":[{"name":"wp","href":"https:\/\/api.w.org\/{rel}","templated":true}]}}