{"id":238628,"date":"2025-11-16T07:00:15","date_gmt":"2025-11-16T07:00:15","guid":{"rendered":"https:\/\/www.europesays.com\/es\/238628\/"},"modified":"2025-11-16T07:00:15","modified_gmt":"2025-11-16T07:00:15","slug":"vence-a-shelton-y-tambien-se-mete-en-semifinales-invicto","status":"publish","type":"post","link":"https:\/\/www.europesays.com\/es\/238628\/","title":{"rendered":"vence a Shelton y tambi\u00e9n se mete en semifinales invicto"},"content":{"rendered":"<p>Activa <strong>Sinner<\/strong> su versi\u00f3n m\u00e1s letal para rendir (6-3, 7-6) a <strong>Shelton<\/strong>, que ha remado hasta donde ha podido, y alcanzar as\u00ed las semifinales de las <a href=\"https:\/\/www.nittoatpfinals.com\/es\/\" rel=\"nofollow noopener\" target=\"_blank\"><strong>ATP Finals<\/strong><\/a>, como <strong>Alcaraz<\/strong>. Lo hace <a href=\"https:\/\/okdiario.com\/deportes\/alcaraz-apaga-musetti-pasar-invicto-semifinales-atp-finals-15757163\" target=\"_blank\" rel=\"noopener noreferrer nofollow\">liderando su grupo<\/a>, como Alcaraz y tras contar todos su partidos por victorias, como Alcaraz. Ruge el <strong>Inalpi Arena<\/strong>, que antes del triunfo del \u00eddolo local asisti\u00f3 a la<a href=\"https:\/\/okdiario.com\/deportes\/imagen-del-ano-alcaraz-recibe-trofeo-numero-uno-del-mundo-casa-sinner-15760781\" target=\"_blank\" rel=\"noopener noreferrer nofollow\"> coronaci\u00f3n de <strong>Carlitos<\/strong> <\/a>como n\u00famero n\u00famero del a\u00f1o mientras <strong>Jannik<\/strong>, esperando a saltar a pista, lo vio desde la barrera.<\/p>\n<p>Ya no puede hacer nada m\u00e1s que prepararse para la carrera del a\u00f1o que viene. En lo que s\u00ed depende de \u00e9l volvi\u00f3 a ser inquebrantable. No dio espacio alguno a Shelton y <strong>alcanz\u00f3 por tercer a\u00f1o consecutivo<\/strong>, las semifinales del torneo y de manera invicta. El n\u00famero 2 del mundo contin\u00faa con paso firme en la pista dura bajo techo.<\/p>\n<p>Sinner firm\u00f3 su quinto partido consecutivo en estas condiciones sin perder su servicio y aprovech\u00f3 una rotura en el primer juego del partido y otra en el \u00faltimo del primer set para apunt\u00e1rselo por 6-3, y comenzar as\u00ed sacando en el segundo parcial. El jugador de<strong> San C\u00e1ndido<\/strong> sigui\u00f3 muy firme con su servicio, acab\u00f3 el partido con 11 saques directos y ninguna doble falta y, a pesar de que el americano s\u00ed que resisti\u00f3 durante esa segunda manga, el tie break mostr\u00f3 la diferencia que hay entre los dos tenistas.<\/p>\n<p>El vigente campe\u00f3n del torneo fue mejor tambi\u00e9n en esos puntos decisivos y gan\u00f3 sumando tres puntos consecutivos en dos ocasiones. El partido era intrascendente, debido a que el transalpino ya estaba clasificado a semifinales como primero de grupo y <strong>Shelton<\/strong> ya se hab\u00eda despedido del torneo, tras perder sus dos primeros partidos. Sin embargo, el vigente campe\u00f3n del <strong>Abierto de Australia<\/strong> y de <strong>Wimbledon<\/strong> no baj\u00f3 el list\u00f3n de exigencia y este s\u00e1bado se enfrentar\u00e1 en semifinales al jugador australiano<strong> \u00c1lex de Mi\u00f1aur<\/strong> (14.30 horas), para asegurar un puesto en la final del torneo.<\/p>\n","protected":false},"excerpt":{"rendered":"Activa Sinner su versi\u00f3n m\u00e1s letal para rendir (6-3, 7-6) a Shelton, que ha remado hasta donde ha&hellip;\n","protected":false},"author":2,"featured_media":238629,"comment_status":"","ping_status":"","sticky":false,"template":"","format":"standard","meta":{"footnotes":""},"categories":[274],"tags":[168,25,24,23,167,327,326],"class_list":{"0":"post-238628","1":"post","2":"type-post","3":"status-publish","4":"format-standard","5":"has-post-thumbnail","7":"category-tenis","8":"tag-deportes","9":"tag-es","10":"tag-espana","11":"tag-spain","12":"tag-sports","13":"tag-tenis","14":"tag-tennis"},"share_on_mastodon":{"url":"https:\/\/pubeurope.com\/@es\/115558091051454514","error":""},"_links":{"self":[{"href":"https:\/\/www.europesays.com\/es\/wp-json\/wp\/v2\/posts\/238628","targetHints":{"allow":["GET"]}}],"collection":[{"href":"https:\/\/www.europesays.com\/es\/wp-json\/wp\/v2\/posts"}],"about":[{"href":"https:\/\/www.europesays.com\/es\/wp-json\/wp\/v2\/types\/post"}],"author":[{"embeddable":true,"href":"https:\/\/www.europesays.com\/es\/wp-json\/wp\/v2\/users\/2"}],"replies":[{"embeddable":true,"href":"https:\/\/www.europesays.com\/es\/wp-json\/wp\/v2\/comments?post=238628"}],"version-history":[{"count":0,"href":"https:\/\/www.europesays.com\/es\/wp-json\/wp\/v2\/posts\/238628\/revisions"}],"wp:featuredmedia":[{"embeddable":true,"href":"https:\/\/www.europesays.com\/es\/wp-json\/wp\/v2\/media\/238629"}],"wp:attachment":[{"href":"https:\/\/www.europesays.com\/es\/wp-json\/wp\/v2\/media?parent=238628"}],"wp:term":[{"taxonomy":"category","embeddable":true,"href":"https:\/\/www.europesays.com\/es\/wp-json\/wp\/v2\/categories?post=238628"},{"taxonomy":"post_tag","embeddable":true,"href":"https:\/\/www.europesays.com\/es\/wp-json\/wp\/v2\/tags?post=238628"}],"curies":[{"name":"wp","href":"https:\/\/api.w.org\/{rel}","templated":true}]}}