{"id":238631,"date":"2025-11-16T07:04:13","date_gmt":"2025-11-16T07:04:13","guid":{"rendered":"https:\/\/www.europesays.com\/es\/238631\/"},"modified":"2025-11-16T07:04:13","modified_gmt":"2025-11-16T07:04:13","slug":"calos-se-viste-de-gala-en-la-pista-con-la-presentacion-del-cb-boscos","status":"publish","type":"post","link":"https:\/\/www.europesays.com\/es\/238631\/","title":{"rendered":"Cal\u00f3s se viste de gala en la pista con la presentaci\u00f3n del CB Boscos"},"content":{"rendered":"<p>Noche de emociones este s\u00e1bado en el Pavell\u00f3 de Cal\u00f3s, casa del hist\u00f3rico <a href=\"https:\/\/www.menorca.info\/etiqueta\/CB+Boscos.html?utm_source=Inline-tag&amp;utm_medium=internal\" rel=\"nofollow noopener\" target=\"_blank\">CB Boscos<\/a> Ciutadella, donde la entidad salesiana que preside Siscu Faner<strong> present\u00f3 a su organigrama deportivo y t\u00e9cnico para la temporada 2025-26<\/strong> que lleva ya varias semanas en liza.<\/p>\n<p>En una puesta de largo del CB Boscos 25-26 cuyos <strong>jugadores y jugadoras estuvieron en todo momento arropados por sus familiares y amigos<\/strong>\u2013 \u00aby con una alegr\u00eda que destaca el gran ambiente que se respira en Cal\u00f3s\u00bb, exclamaba euf\u00f3rico anoche el mismo presidente\u00bb\u2013, las 22 plantillas desde la \u2018escoleta\u2019 de los m\u00e1s peque\u00f1os hasta el s\u00e9nior masculino de la Liga Balear Escribano fueron saltando a la pista.<\/p>\n<p><img loading=\"lazy\" decoding=\"async\" src=\"https:\/\/www.europesays.com\/es\/wp-content\/uploads\/2025\/11\/3560133.jpg\" border=\"0\" alt=\"\" width=\"1600\" height=\"900\"\/><\/p>\n<p>Y es que para esta nueva campa\u00f1a baloncest\u00edstica el CB Boscos est\u00e1 de enhorabuena, ya que en Cal\u00f3s <strong>han logrado recuperar la participaci\u00f3n del club en todas las categor\u00edas escolares y federadas<\/strong>, tanto en masculino como en femenino, desde los m\u00e1s \u2018peques\u2019, hasta los j\u00faniors.<\/p>\n<p>Un total de 220 fichas federativas, que se unen a las 15 inscripciones del Boscos Vidalba, adem\u00e1s de contar en la entidad salesiana con dos equipos de veteranos, para un total de<strong> 250 jugadores\/as y un \u2018staff\u2019 t\u00e9cnico entre entrenadores, ayudantes y delegados de 38 personas<\/strong> en total y que son los art\u00edfices de la estampa de anoche.<\/p>\n<p><img loading=\"lazy\" decoding=\"async\" src=\"https:\/\/www.europesays.com\/es\/wp-content\/uploads\/2025\/11\/3560135.jpg\" border=\"0\" alt=\"\" width=\"1200\" height=\"1600\"\/><\/p>\n<p>Acudieron Joan Pons Torres, conseller de deportes, Miquel Ametller, edil de deportes, Maite Carreras, titular del colegio y Guillem Benejam, su director, quienes destacaron que esperan, \u00abcon gran ilusi\u00f3n el proyecto de las obras del pabell\u00f3n, para seguir creciendo d\u00eda a d\u00eda como club en Cal\u00f3s y por muchos a\u00f1os m\u00e1s\u00bb, se\u00f1alaron a una.<\/p>\n","protected":false},"excerpt":{"rendered":"Noche de emociones este s\u00e1bado en el Pavell\u00f3 de Cal\u00f3s, casa del hist\u00f3rico CB Boscos Ciutadella, donde la&hellip;\n","protected":false},"author":2,"featured_media":238632,"comment_status":"","ping_status":"","sticky":false,"template":"","format":"standard","meta":{"footnotes":""},"categories":[269],"tags":[299,13146,298,39754,168,25,24,23,167],"class_list":{"0":"post-238631","1":"post","2":"type-post","3":"status-publish","4":"format-standard","5":"has-post-thumbnail","7":"category-baloncesto","8":"tag-baloncesto","9":"tag-baloncesto-en-menorca","10":"tag-basketball","11":"tag-cb-boscos","12":"tag-deportes","13":"tag-es","14":"tag-espana","15":"tag-spain","16":"tag-sports"},"share_on_mastodon":{"url":"https:\/\/pubeurope.com\/@es\/115558106333745957","error":""},"_links":{"self":[{"href":"https:\/\/www.europesays.com\/es\/wp-json\/wp\/v2\/posts\/238631","targetHints":{"allow":["GET"]}}],"collection":[{"href":"https:\/\/www.europesays.com\/es\/wp-json\/wp\/v2\/posts"}],"about":[{"href":"https:\/\/www.europesays.com\/es\/wp-json\/wp\/v2\/types\/post"}],"author":[{"embeddable":true,"href":"https:\/\/www.europesays.com\/es\/wp-json\/wp\/v2\/users\/2"}],"replies":[{"embeddable":true,"href":"https:\/\/www.europesays.com\/es\/wp-json\/wp\/v2\/comments?post=238631"}],"version-history":[{"count":0,"href":"https:\/\/www.europesays.com\/es\/wp-json\/wp\/v2\/posts\/238631\/revisions"}],"wp:featuredmedia":[{"embeddable":true,"href":"https:\/\/www.europesays.com\/es\/wp-json\/wp\/v2\/media\/238632"}],"wp:attachment":[{"href":"https:\/\/www.europesays.com\/es\/wp-json\/wp\/v2\/media?parent=238631"}],"wp:term":[{"taxonomy":"category","embeddable":true,"href":"https:\/\/www.europesays.com\/es\/wp-json\/wp\/v2\/categories?post=238631"},{"taxonomy":"post_tag","embeddable":true,"href":"https:\/\/www.europesays.com\/es\/wp-json\/wp\/v2\/tags?post=238631"}],"curies":[{"name":"wp","href":"https:\/\/api.w.org\/{rel}","templated":true}]}}