{"id":238645,"date":"2025-11-16T07:14:11","date_gmt":"2025-11-16T07:14:11","guid":{"rendered":"https:\/\/www.europesays.com\/es\/238645\/"},"modified":"2025-11-16T07:14:11","modified_gmt":"2025-11-16T07:14:11","slug":"madrugada-de-terror-y-silencio-el-misterio-detras-del-crimen-de-encarnita-polo-espana","status":"publish","type":"post","link":"https:\/\/www.europesays.com\/es\/238645\/","title":{"rendered":"Madrugada de terror y silencio: el misterio detr\u00e1s del crimen de Encarnita Polo | Espa\u00f1a"},"content":{"rendered":"<p class=\"\">Era de madrugada. En una de las habitaciones de la residencia de ancianos Decanos de \u00c1vila dorm\u00eda una hu\u00e9sped peculiar: Encarnaci\u00f3n Polo Oliva (Sevilla, 86 a\u00f1os). Hac\u00eda a\u00f1os que nadie la llamaba Encarnita, el nombre art\u00edstico con el que rompi\u00f3 los moldes de la copla, a golpe de minifalda, pelo corto y flequillo en la puritana Espa\u00f1a franquista de los sesenta. Se sentaba en la cafeter\u00eda y saludaba a los familiares que iban a visitar a sus padres, abuelos, hermanos. Algunos sab\u00edan qui\u00e9n era, pero otros solo sospechaban, por su manera de sentarse y saludar, que esa mujer que compart\u00eda bandeja de comedor a las afueras de la ciudad, hab\u00eda visto mucho m\u00e1s mundo del que mostraban esas ventanas.<\/p>\n<p class=\"\">La noche del pasado jueves al viernes, un hombre de 66 a\u00f1os, que no llevaba ni dos d\u00edas en el centro, <a href=\"https:\/\/elpais.com\/cultura\/2025-11-14\/fallece-encarnita-polo-que-triunfo-con-paco-paco-paco-a-los-86-anos.html\" target=\"_self\" rel=\"nofollow noopener\" title=\"https:\/\/elpais.com\/cultura\/2025-11-14\/fallece-encarnita-polo-que-triunfo-con-paco-paco-paco-a-los-86-anos.html\">irrumpi\u00f3 en su habitaci\u00f3n, seg\u00fan investiga la polic\u00eda, y la estrangul\u00f3.<\/a> Su cad\u00e1ver fue velado el s\u00e1bado en un tanatorio abulense, mientras algunos visitaban a los suyos en el centro sin decir una palabra. Ni un famoso se ha asomado por la ciudad amurallada. Y su muerte se ha empapado de silencio y misterio, como si aqu\u00ed no hubiera muerto una folcl\u00f3rica.<\/p>\n<p class=\"\">Llevaba viviendo en Decanos de \u00c1vila desde febrero, cuentan fuentes de la empresa que gestiona esta residencia privada de mayores, DomusVi. Un centro con 190 plazas. Se hab\u00eda trasladado a la ciudad hac\u00eda m\u00e1s tiempo, despu\u00e9s de la pandemia, porque aqu\u00ed vive su hija, Raquel Waitzman.<\/p>\n<p class=\"\">Una corona de flores de la Asociaci\u00f3n de Familiares de Enfermos de Alzh\u00e9imer de \u00c1vila reposa sobre su l\u00e1pida. Tambi\u00e9n, rosas blancas y margaritas de la Sociedad Art\u00edstica AIE.<\/p>\n<p class=\"\">Waitzman pidi\u00f3 en un comunicado el viernes por la noche que se respetara la privacidad de su duelo y advirti\u00f3 de que no habr\u00eda declaraciones p\u00fablicas. Y a su entierro, bajo un aguacero abulense, acudieron solo unos pocos conocidos, adem\u00e1s de su hija y uno de sus amigos m\u00e1s cercanos, Antonio Albella, del extinto grupo Locom\u00eda. Si un vecino pasara por all\u00ed sin haber puesto la televisi\u00f3n o la radio, no sospechar\u00eda que ah\u00ed se estaba despidiendo a una de las \u00faltimas precursoras de la copla yey\u00e9. <a href=\"https:\/\/elpais.com\/cultura\/2025-11-15\/encarnita-polo-icono-popular-con-un-legado-que-trasciende-los-topicos.html\" target=\"_self\" rel=\"nofollow noopener\" title=\"https:\/\/elpais.com\/cultura\/2025-11-15\/encarnita-polo-icono-popular-con-un-legado-que-trasciende-los-topicos.html\">Aunque pudiera entonar de memoria algunos de sus \u00e9xitos como Paco, Paco, Paco.<\/a><\/p>\n<p class=\"\">El conocido presentador de televisi\u00f3n Jos\u00e9 Manuel Parada se lamentaba este s\u00e1bado desde Jerez de los 600 kil\u00f3metros que lo separaban del cad\u00e1ver de quien fuera una de sus mejores amigas. \u201cMe enter\u00e9 anoche de madrugada, porque estuve todo el d\u00eda en un evento y no pude mirar el m\u00f3vil, estoy todav\u00eda en shock. \u00a1C\u00f3mo ha podido tener un final tan tr\u00e1gico y tan triste!\u201c, contaba a este diario en una conversaci\u00f3n por tel\u00e9fono.<\/p>\n<p class=\"\">\u201cCuando me mud\u00e9 a Madrid hace muchos a\u00f1os, a empezar mi carrera, Encarnita era mi \u00fanica familia\u201d, se\u00f1al\u00f3. \u201cHabl\u00e9 hace un par de meses con ella, estaba bien, la encontr\u00e9 en un momento bueno, me cont\u00f3 sus penas y sus alegr\u00edas, recordamos tantas cosas bonitas que hemos vivido juntos\u201d, mencion\u00f3 el presentador, que se quejaba del adi\u00f3s silencioso a una \u201cgrande de la m\u00fasica espa\u00f1ola\u201d. \u201cEn Espa\u00f1a parece que no sabemos enterrar a nuestra gente, no se entiende bien que la muerte de figuras como ella trascienden a la privacidad de la familia\u201d, se\u00f1alaba.<\/p>\n<p><img decoding=\"auto\" class=\"_re lazyload a_m-h\" height=\"233\"  width=\"414\"  src=\"https:\/\/www.europesays.com\/es\/wp-content\/uploads\/2025\/11\/Q5BK75O7DFHWHIFDFPUE6GFCJI.jpg\" loading=\"lazy\"\/>Encarnita Polo en un evento en 2015 en MadridFotonoticias (WireImage)<\/p>\n<p class=\"\">Polo llevaba m\u00e1s de una d\u00e9cada alejada de los focos. Sobrevivi\u00f3 a un c\u00e1ncer de mama, <a href=\"https:\/\/elpais.com\/economia\/2012\/11\/15\/agencias\/1353011882_008081.html\" target=\"_self\" rel=\"nofollow noopener\" title=\"https:\/\/elpais.com\/economia\/2012\/11\/15\/agencias\/1353011882_008081.html\">fue estafada con unos 70.000 euros por el fraude de las preferentes<\/a> y gan\u00f3 el juicio a Bankia. Otros medios publicaban entonces c\u00f3mo la int\u00e9rprete hab\u00eda tenido que empe\u00f1ar joyas. No solo ya era poco conocida, sino que estaba en la ruina. Solo un pico de gloria en 2009 sirvi\u00f3 para reflotar su imagen: un v\u00eddeo viral en Youtube, su canci\u00f3n de Paco, Paco, Paco, con el videoclip de Beyonc\u00e9 y Single Ladies de fondo. Aunque removi\u00f3 de nuevo su nombre y la volvieron a escuchar m\u00e1s de tres millones de personas que jam\u00e1s se imagin\u00f3 que lo volver\u00edan a hacer, no fue suficiente. Y en 2015 se lamentaba en una entrevista al diario Abc de la resaca cruda despu\u00e9s de unos a\u00f1os de gloria. \u201cLas televisiones no pagan, quieren que vaya gratis y eso me quita la ilusi\u00f3n\u201d, reconoc\u00eda.<\/p>\n<p class=\"\">El hombre acusado de haberla asfixiado en su habitaci\u00f3n est\u00e1 ingresado en la unidad hospitalaria de psiquiatr\u00eda en \u00c1vila, seg\u00fan fuentes de la Subdelegaci\u00f3n del Gobierno. Desde la empresa que gestiona el centro aseguran que no ten\u00edan ninguna constancia de comportamientos violentos previos y tampoco estaba considerado como un paciente psiqui\u00e1trico. Se encontraba, seg\u00fan explican, en pleno proceso de adaptaci\u00f3n a la medicaci\u00f3n. Llevaba apenas dos d\u00edas y estaba a la espera de que el equipo m\u00e9dico y psicol\u00f3gico \u201cvalorara algunos ajustes\u201d. \u201cNo ten\u00eda ninguna relaci\u00f3n\u201d con Encarnita, insistieron las mismas fuentes. Tampoco compart\u00edan habitaci\u00f3n. La Junta de Castilla y Le\u00f3n declin\u00f3 dar ning\u00fan tipo de informaci\u00f3n sobre el crimen alegando que es fin de semana.<\/p>\n<p class=\"\">Seg\u00fan el relato de los hechos que describen fuentes policiales, la noche del jueves al viernes, el hombre sali\u00f3 de su cuarto y se meti\u00f3 en el que ocupaba Encarnita Polo. Se puso sobre ella mientras estaba en la cama y la asfixi\u00f3, cuentan, seg\u00fan el testimonio de los celadores, que escucharon los ruidos y corrieron hacia la habitaci\u00f3n. Ah\u00ed encontraron a Polo que ya no respiraba y al hombre encima de ella, narran estas mismas fuentes. Trataron de reanimarla, pero ya no pudieron hacer nada m\u00e1s.<\/p>\n<p class=\"\">Por qu\u00e9 el residente, que apenas hab\u00eda ingresado en el centro, decidi\u00f3 ir a por Encarnita es todav\u00eda un misterio.<\/p>\n<p class=\"\">Este s\u00e1bado, en la puerta de la residencia, Charo Pr\u00e1xedes acud\u00eda at\u00f3nita a visitar a su hermano, de 91 a\u00f1os. No se pod\u00eda creer que hubiera sucedido algo as\u00ed en la aparente calma de este recinto ubicado en una zona de chalets a las afueras de \u00c1vila. \u201cNadie dice nada, todos prefieren no comentar, hay un silencio absoluto\u201d, comentaba Pr\u00e1xedes a la salida de la visita de su hermano, quien asegura que no se hab\u00eda enterado de nada.<\/p>\n<p class=\"\">A unos seis kil\u00f3metros de ah\u00ed, en la puerta del tanatorio Isabelo \u00c1lvarez no hab\u00eda c\u00e1maras de televisi\u00f3n ni micr\u00f3fonos. Solo un cartel en la entrada advert\u00eda a ning\u00fan viandante de que ah\u00ed se iba a celebrar una misa en honor de do\u00f1a Encarna Polo Oliva. La discreci\u00f3n que hab\u00eda solicitado la familia se hab\u00eda cumplido a rajatabla. Incluso en el cementerio, donde una decena de coronas de flores recuerdan a Encarnita solo si uno se acerca. Para encontrar su l\u00e1pida hay que fijarse en una mucho menos discreta, atiborrada de rosas azules y blancas, una escultura floral de un coraz\u00f3n que dice \u201cte quiero\u201d, que no es para Polo, pero que est\u00e1 a un costado y es de un joven que fue asesinado a tiros meses atr\u00e1s. Ah\u00ed, a su sombra, yace Encarnita Polo, <a href=\"https:\/\/www.youtube.com\/watch?v=pbB_vin5h_0\" target=\"_self\" rel=\"nofollow noopener\" title=\"https:\/\/www.youtube.com\/watch?v=pbB_vin5h_0\">la \u00faltima folcl\u00f3rica.<\/a><\/p>\n","protected":false},"excerpt":{"rendered":"Era de madrugada. En una de las habitaciones de la residencia de ancianos Decanos de \u00c1vila dorm\u00eda una&hellip;\n","protected":false},"author":2,"featured_media":238646,"comment_status":"","ping_status":"","sticky":false,"template":"","format":"standard","meta":{"footnotes":""},"categories":[91],"tags":[1015,505,7607,3061,3590,209,146,147,25,24,185,23],"class_list":{"0":"post-238645","1":"post","2":"type-post","3":"status-publish","4":"format-standard","5":"has-post-thumbnail","7":"category-entretenimiento","8":"tag-actrices","9":"tag-artistas","10":"tag-avila","11":"tag-cantantes","12":"tag-castilla-y-leon","13":"tag-cultura","14":"tag-entertainment","15":"tag-entretenimiento","16":"tag-es","17":"tag-espana","18":"tag-musica","19":"tag-spain"},"share_on_mastodon":{"url":"https:\/\/pubeurope.com\/@es\/115558145683848849","error":""},"_links":{"self":[{"href":"https:\/\/www.europesays.com\/es\/wp-json\/wp\/v2\/posts\/238645","targetHints":{"allow":["GET"]}}],"collection":[{"href":"https:\/\/www.europesays.com\/es\/wp-json\/wp\/v2\/posts"}],"about":[{"href":"https:\/\/www.europesays.com\/es\/wp-json\/wp\/v2\/types\/post"}],"author":[{"embeddable":true,"href":"https:\/\/www.europesays.com\/es\/wp-json\/wp\/v2\/users\/2"}],"replies":[{"embeddable":true,"href":"https:\/\/www.europesays.com\/es\/wp-json\/wp\/v2\/comments?post=238645"}],"version-history":[{"count":0,"href":"https:\/\/www.europesays.com\/es\/wp-json\/wp\/v2\/posts\/238645\/revisions"}],"wp:featuredmedia":[{"embeddable":true,"href":"https:\/\/www.europesays.com\/es\/wp-json\/wp\/v2\/media\/238646"}],"wp:attachment":[{"href":"https:\/\/www.europesays.com\/es\/wp-json\/wp\/v2\/media?parent=238645"}],"wp:term":[{"taxonomy":"category","embeddable":true,"href":"https:\/\/www.europesays.com\/es\/wp-json\/wp\/v2\/categories?post=238645"},{"taxonomy":"post_tag","embeddable":true,"href":"https:\/\/www.europesays.com\/es\/wp-json\/wp\/v2\/tags?post=238645"}],"curies":[{"name":"wp","href":"https:\/\/api.w.org\/{rel}","templated":true}]}}