{"id":238672,"date":"2025-11-16T07:37:10","date_gmt":"2025-11-16T07:37:10","guid":{"rendered":"https:\/\/www.europesays.com\/es\/238672\/"},"modified":"2025-11-16T07:37:10","modified_gmt":"2025-11-16T07:37:10","slug":"andy-sobre-la-posibilidad-de-volver-con-lucas-antes-abro-un-restaurante","status":"publish","type":"post","link":"https:\/\/www.europesays.com\/es\/238672\/","title":{"rendered":"Andy, sobre la posibilidad de volver con Lucas: &#8216;Antes abro un restaurante\u201d"},"content":{"rendered":"<p>Despu\u00e9s de m\u00e1s de dos d\u00e9cadas cantando junto a Lucas, Andy (Andr\u00e9s Morales, 43 a\u00f1os) inicia oficialmente su carrera en solitario. Su primer single, <a href=\"https:\/\/www.huffingtonpost.es\/life\/cultura\/asi-marioneta-cancion-andy-ven-pulla-lucas-tu-quieres-nadie-egoismo.html\" title=\"As\u00ed es &#039;Marioneta&#039;, la canci\u00f3n de Andy que muchos ven como una pulla a Lucas: &quot;T\u00fa no quieres a nadie, tan solo a tu egoismo&quot;\" target=\"_blank\" rel=\"nofollow noopener\">Marioneta<\/a>, sali\u00f3 a la luz apenas un mes despu\u00e9s del \u00faltimo concierto del d\u00fao, celebrado el 10 de octubre en Madrid. La canci\u00f3n, seg\u00fan explica Andy, refleja \u00ab<b>el momento en que uno se desprende conscientemente de una relaci\u00f3n t\u00f3xica para recuperar su propia luz\u00bb.<\/b><\/p>\n<p><a href=\"\">El Pa\u00eds<\/a> le ha realizado una entrevista donde reconoce que Marioneta contiene indirectas hacia su excompa\u00f1ero de dueto.\u00a0<b>\u00abS\u00ed, alguna hay. Mi intenci\u00f3n era decir lo que sent\u00eda. Pero bueno, ya est\u00e1, ya hemos parido\u00bb, dice<\/b>. La canci\u00f3n formar\u00e1 parte de su disco Solo, previsto para despu\u00e9s de Semana Santa, y que acompa\u00f1ar\u00e1 con una gira que visitar\u00e1 Madrid, Barcelona y C\u00e1diz.<\/p>\n<p>Seg\u00fan relata el cantante, la relaci\u00f3n con Lucas termin\u00f3 definitivamente en mayo tras una fuerte discusi\u00f3n que calific\u00f3 como la gota que colm\u00f3 el vaso. Sin embargo, los conciertos continuaron durante meses, lo que describe como una \u00ab<b>pesadilla<\/b>\u00ab.<\/p>\n<p>\u00abBaj\u00e9 del escenario, salimos por los pasillos y ah\u00ed romp\u00ed a llorar. Y cuando me metieron en el coche me dio un ataque de ansiedad. Literal. Me llev\u00e9 10 minutos llorando en el coche. Y me calm\u00e9. Y se acab\u00f3. Se acab\u00f3 porque ya no hab\u00eda marcha atr\u00e1s. Ya no ten\u00eda que subirme al escenario haciendo las mismas tonter\u00edas. El pr\u00f3ximo escenario que yo pisara iba a ser lo que yo quisiera. Y como yo quisiera. Era como que iba a cumplir mi sue\u00f1o\u00bb, afirma.\u00a0<\/p>\n<p>Preguntado sobre la posibilidad de regresar a los escenarios con su antiguo duo, Andy es tajante.\u00a0\u00ab<b>Ni muerto, es que vamos, antes abro un restaurante\u00bb,<\/b> afirma. \u00abNo, ya lo he vivido. Ahora necesito cometer mis propios errores\u00bb, agrega finalmente.\u00a0<\/p>\n","protected":false},"excerpt":{"rendered":"Despu\u00e9s de m\u00e1s de dos d\u00e9cadas cantando junto a Lucas, Andy (Andr\u00e9s Morales, 43 a\u00f1os) inicia oficialmente su&hellip;\n","protected":false},"author":2,"featured_media":238673,"comment_status":"","ping_status":"","sticky":false,"template":"","format":"standard","meta":{"footnotes":""},"categories":[91],"tags":[36191,146,147,25,24,23],"class_list":{"0":"post-238672","1":"post","2":"type-post","3":"status-publish","4":"format-standard","5":"has-post-thumbnail","7":"category-entretenimiento","8":"tag-andy-y-lucas","9":"tag-entertainment","10":"tag-entretenimiento","11":"tag-es","12":"tag-espana","13":"tag-spain"},"share_on_mastodon":{"url":"https:\/\/pubeurope.com\/@es\/115558235931819725","error":""},"_links":{"self":[{"href":"https:\/\/www.europesays.com\/es\/wp-json\/wp\/v2\/posts\/238672","targetHints":{"allow":["GET"]}}],"collection":[{"href":"https:\/\/www.europesays.com\/es\/wp-json\/wp\/v2\/posts"}],"about":[{"href":"https:\/\/www.europesays.com\/es\/wp-json\/wp\/v2\/types\/post"}],"author":[{"embeddable":true,"href":"https:\/\/www.europesays.com\/es\/wp-json\/wp\/v2\/users\/2"}],"replies":[{"embeddable":true,"href":"https:\/\/www.europesays.com\/es\/wp-json\/wp\/v2\/comments?post=238672"}],"version-history":[{"count":0,"href":"https:\/\/www.europesays.com\/es\/wp-json\/wp\/v2\/posts\/238672\/revisions"}],"wp:featuredmedia":[{"embeddable":true,"href":"https:\/\/www.europesays.com\/es\/wp-json\/wp\/v2\/media\/238673"}],"wp:attachment":[{"href":"https:\/\/www.europesays.com\/es\/wp-json\/wp\/v2\/media?parent=238672"}],"wp:term":[{"taxonomy":"category","embeddable":true,"href":"https:\/\/www.europesays.com\/es\/wp-json\/wp\/v2\/categories?post=238672"},{"taxonomy":"post_tag","embeddable":true,"href":"https:\/\/www.europesays.com\/es\/wp-json\/wp\/v2\/tags?post=238672"}],"curies":[{"name":"wp","href":"https:\/\/api.w.org\/{rel}","templated":true}]}}